{"id":27833,"date":"2025-10-30T14:34:36","date_gmt":"2025-10-30T17:34:36","guid":{"rendered":"https:\/\/www.sportchaco.com.ar\/?p=27833"},"modified":"2025-10-30T14:34:36","modified_gmt":"2025-10-30T17:34:36","slug":"el-municipio-de-castelli-reconocio-a-deportistas-que-participaron-en-los-juegos-evita-2025","status":"publish","type":"post","link":"https:\/\/www.sportchaco.com.ar\/?p=27833","title":{"rendered":"El municipio de Castelli reconoci\u00f3 a deportistas que participaron en los Juegos Evita 2025"},"content":{"rendered":"<p><strong>30-10-2025<\/strong><\/p>\n<p><img loading=\"lazy\" decoding=\"async\" class=\"aligncenter size-large wp-image-20101\" src=\"https:\/\/www.sportchaco.com.ar\/wp-content\/uploads\/2025\/06\/320x50-1-1024x160.gif\" alt=\"\" width=\"1024\" height=\"160\" srcset=\"https:\/\/www.sportchaco.com.ar\/wp-content\/uploads\/2025\/06\/320x50-1-1024x160.gif 1024w, https:\/\/www.sportchaco.com.ar\/wp-content\/uploads\/2025\/06\/320x50-1-300x47.gif 300w, https:\/\/www.sportchaco.com.ar\/wp-content\/uploads\/2025\/06\/320x50-1-768x120.gif 768w\" sizes=\"auto, (max-width: 1024px) 100vw, 1024px\" \/><\/p>\n<p>El intendente P\u00edo Sander, junto al secretario de Gobierno Ismael Pablo Barnes y el subsecretario de Deportes Roberto Scheffer, recibi\u00f3 en su despacho a los deportistas y entrenadores que representaron a Juan Jos\u00e9 Castelli en los Juegos Evita 2025, quienes compartieron su experiencia y presentaron las medallas obtenidas en esta importante competencia nacional que re\u00fane a atletas de todo el pa\u00eds de hasta 16 a\u00f1os.<\/p>\n<p>Durante el encuentro se destac\u00f3 la sobresaliente actuaci\u00f3n de Queileb Heffner, quien \u00a0participara por tercera vez de esta competencia y nuevamente \u00a0se consagr\u00f3 campe\u00f3n nacional en salto en largo, y del equipo de b\u00e1squet, que tambi\u00e9n logr\u00f3 el t\u00edtulo nacional en lanzamiento triple, representando al Club Libertad.<\/p>\n<p>El secretario de Gobierno Ismael Pablo Barnes subray\u00f3 que desde el municipio se brinda un acompa\u00f1amiento constante a los deportistas:\u00a0\u201cValoramos el esfuerzo de los j\u00f3venes, el compromiso de los padres y el trabajo de los entrenadores que d\u00eda a d\u00eda los acompa\u00f1an. Castelli cuenta con grandes atletas que nos representan con orgullo en toda la provincia y el pa\u00eds\u201d.<\/p>\n<p><img loading=\"lazy\" decoding=\"async\" class=\"aligncenter size-large wp-image-27834\" src=\"https:\/\/www.sportchaco.com.ar\/wp-content\/uploads\/2025\/10\/castelli-JE-1024x682.jpg\" alt=\"\" width=\"1024\" height=\"682\" srcset=\"https:\/\/www.sportchaco.com.ar\/wp-content\/uploads\/2025\/10\/castelli-JE-1024x682.jpg 1024w, https:\/\/www.sportchaco.com.ar\/wp-content\/uploads\/2025\/10\/castelli-JE-300x200.jpg 300w, https:\/\/www.sportchaco.com.ar\/wp-content\/uploads\/2025\/10\/castelli-JE-768x512.jpg 768w, https:\/\/www.sportchaco.com.ar\/wp-content\/uploads\/2025\/10\/castelli-JE-1536x1023.jpg 1536w, https:\/\/www.sportchaco.com.ar\/wp-content\/uploads\/2025\/10\/castelli-JE.jpg 1600w\" sizes=\"auto, (max-width: 1024px) 100vw, 1024px\" \/><\/p>\n<p>Por su parte, el intendente P\u00edo Sander resalt\u00f3 la mirada especial que esta gesti\u00f3n ha tenido hacia el deporte, destacando las importantes obras de infraestructura deportiva impulsadas por el municipio.<\/p>\n<p>\u201cCon la gesti\u00f3n provincial anterior pudimos concretar grandes obras de infraestructura, como el Microestadio Arena Impenetrable junto a la Villa Deportiva, donde se construy\u00f3 la cancha de hockey con c\u00e9sped sint\u00e9tico. Estas obras fortalecen la pr\u00e1ctica deportiva, permiten un mejor entrenamiento y hacen m\u00e1s competitivos a nuestros atletas\u201d, se\u00f1al\u00f3 el jefe comunal.<\/p>\n<p><img loading=\"lazy\" decoding=\"async\" class=\"aligncenter size-full wp-image-20302\" src=\"https:\/\/www.sportchaco.com.ar\/wp-content\/uploads\/2025\/06\/PARQUE-SOLAR_200x200-01.gif\" alt=\"\" width=\"417\" height=\"417\" \/><\/p>\n","protected":false},"excerpt":{"rendered":"<p>30-10-2025 El intendente P\u00edo Sander, junto al secretario de Gobierno Ismael Pablo Barnes y el subsecretario de Deportes Roberto Scheffer, recibi\u00f3 en su despacho a los deportistas y entrenadores que representaron a Juan Jos\u00e9 Castelli en los Juegos Evita 2025, quienes compartieron su experiencia y presentaron las medallas obtenidas en esta importante competencia nacional que &hellip;<\/p>\n","protected":false},"author":3,"featured_media":27835,"comment_status":"open","ping_status":"open","sticky":false,"template":"","format":"standard","meta":{"footnotes":""},"categories":[8],"tags":[],"class_list":["post-27833","post","type-post","status-publish","format-standard","has-post-thumbnail","hentry","category-sport-nea"],"_links":{"self":[{"href":"https:\/\/www.sportchaco.com.ar\/index.php?rest_route=\/wp\/v2\/posts\/27833","targetHints":{"allow":["GET"]}}],"collection":[{"href":"https:\/\/www.sportchaco.com.ar\/index.php?rest_route=\/wp\/v2\/posts"}],"about":[{"href":"https:\/\/www.sportchaco.com.ar\/index.php?rest_route=\/wp\/v2\/types\/post"}],"author":[{"embeddable":true,"href":"https:\/\/www.sportchaco.com.ar\/index.php?rest_route=\/wp\/v2\/users\/3"}],"replies":[{"embeddable":true,"href":"https:\/\/www.sportchaco.com.ar\/index.php?rest_route=%2Fwp%2Fv2%2Fcomments&post=27833"}],"version-history":[{"count":1,"href":"https:\/\/www.sportchaco.com.ar\/index.php?rest_route=\/wp\/v2\/posts\/27833\/revisions"}],"predecessor-version":[{"id":27836,"href":"https:\/\/www.sportchaco.com.ar\/index.php?rest_route=\/wp\/v2\/posts\/27833\/revisions\/27836"}],"wp:featuredmedia":[{"embeddable":true,"href":"https:\/\/www.sportchaco.com.ar\/index.php?rest_route=\/wp\/v2\/media\/27835"}],"wp:attachment":[{"href":"https:\/\/www.sportchaco.com.ar\/index.php?rest_route=%2Fwp%2Fv2%2Fmedia&parent=27833"}],"wp:term":[{"taxonomy":"category","embeddable":true,"href":"https:\/\/www.sportchaco.com.ar\/index.php?rest_route=%2Fwp%2Fv2%2Fcategories&post=27833"},{"taxonomy":"post_tag","embeddable":true,"href":"https:\/\/www.sportchaco.com.ar\/index.php?rest_route=%2Fwp%2Fv2%2Ftags&post=27833"}],"curies":[{"name":"wp","href":"https:\/\/api.w.org\/{rel}","templated":true}]}}