{"id":27837,"date":"2025-10-30T18:32:08","date_gmt":"2025-10-30T21:32:08","guid":{"rendered":"https:\/\/www.sportchaco.com.ar\/?p=27837"},"modified":"2025-10-30T18:59:36","modified_gmt":"2025-10-30T21:59:36","slug":"villa-san-martin-debuta-en-la-temporada-2025-26-de-la-liga-argentina","status":"publish","type":"post","link":"https:\/\/www.sportchaco.com.ar\/?p=27837","title":{"rendered":"Villa San Mart\u00edn debuta en la temporada 2025\/26 de La Liga Argentina"},"content":{"rendered":"<p><strong>30-10-2025<\/strong><\/p>\n<p><img loading=\"lazy\" decoding=\"async\" class=\"aligncenter size-large wp-image-18571\" src=\"https:\/\/www.sportchaco.com.ar\/wp-content\/uploads\/2025\/04\/Chaco-si-n-fuego-2-940x90-3-1-1024x99.gif\" alt=\"\" width=\"1024\" height=\"99\" srcset=\"https:\/\/www.sportchaco.com.ar\/wp-content\/uploads\/2025\/04\/Chaco-si-n-fuego-2-940x90-3-1-1024x99.gif 1024w, https:\/\/www.sportchaco.com.ar\/wp-content\/uploads\/2025\/04\/Chaco-si-n-fuego-2-940x90-3-1-300x29.gif 300w, https:\/\/www.sportchaco.com.ar\/wp-content\/uploads\/2025\/04\/Chaco-si-n-fuego-2-940x90-3-1-768x74.gif 768w, https:\/\/www.sportchaco.com.ar\/wp-content\/uploads\/2025\/04\/Chaco-si-n-fuego-2-940x90-3-1-1536x148.gif 1536w\" sizes=\"auto, (max-width: 1024px) 100vw, 1024px\" \/><\/p>\n<p><strong>Este viernes 31 de octubre, Villa San Mart\u00edn se estrena en la temporada 2025\/26 de La Liga Argentina de B\u00e1squet cuando a partir de las 22 horas reciba a su par de Independiente de Santiago del Estero a partir de las 22 horas en un juego correspondiente a la Conferencia Norte.<\/strong><\/p>\n<p>Durante la ma\u00f1ana de este jueves, integrantes de la dirigencia, cuerpo t\u00e9cnico y jugadores brindaron una conferencia de prensa donde detallaron todo sobre el debut de este viernes.<\/p>\n<p><strong>\u201cNuestro p\u00fablico est\u00e1 muy ansioso\u201d<br \/>\n<\/strong>En primer lugar, el presidente de Villa San Mart\u00edn, Ricardo Siri, expres\u00f3 que \u201cestamos muy felices y contentos de anunciar el juego de este viernes, luego de una extensa y dura pretemporada y larga inactividad de esta categor\u00eda, por lo que nuestro p\u00fablico est\u00e1 muy ansioso por ver jugar a nuestro equipo, con el adicional de inaugurar las instalaciones nuevas\u201d.<\/p>\n<p>\u201cNosotros desde la dirigencia tratamos de preparar la instituci\u00f3n lo mejor posible y pedir a toda la gente del b\u00e1squet est\u00e1n invitados a venir al partido\u201d, finaliz\u00f3 Siri.<\/p>\n<p><img loading=\"lazy\" decoding=\"async\" class=\"aligncenter size-large wp-image-27840\" src=\"https:\/\/www.sportchaco.com.ar\/wp-content\/uploads\/2025\/10\/9ae7caaa-96b8-478b-928c-66ae2bf6a9b5-682x1024.jpeg\" alt=\"\" width=\"682\" height=\"1024\" srcset=\"https:\/\/www.sportchaco.com.ar\/wp-content\/uploads\/2025\/10\/9ae7caaa-96b8-478b-928c-66ae2bf6a9b5-682x1024.jpeg 682w, https:\/\/www.sportchaco.com.ar\/wp-content\/uploads\/2025\/10\/9ae7caaa-96b8-478b-928c-66ae2bf6a9b5-200x300.jpeg 200w, https:\/\/www.sportchaco.com.ar\/wp-content\/uploads\/2025\/10\/9ae7caaa-96b8-478b-928c-66ae2bf6a9b5-768x1152.jpeg 768w, https:\/\/www.sportchaco.com.ar\/wp-content\/uploads\/2025\/10\/9ae7caaa-96b8-478b-928c-66ae2bf6a9b5.jpeg 853w\" sizes=\"auto, (max-width: 682px) 100vw, 682px\" \/><\/p>\n<p><strong>Identidad de juego<br \/>\n<\/strong>Por su parte, el entrenador principal del equipo de La Liga Argentina, Eduardo \u201cChiche\u201d Japez, destac\u00f3 el trabajo realizado durante seis semanas de pretemporada, afirmando que \u201cfueron seis semanas de muy buena intensidad, desde lo f\u00edsico y a partir de ah\u00ed se fue adaptando, buscando una identidad de juego, criterio, un orden y principalmente el conocimiento que fuimos llevando con los chicos\u201d.<\/p>\n<p>\u201cLlegamos de la mejor manera a lo que ser\u00e1 el debut, con muy pocos partidos amistosos, donde la distancia y todos los equipos ya con compromisos en sus ligas, hace \u00a0no poder jugar partidos tan seguidos; queda muy poco, saber que vamos trabajando sobre lo nuestro para dar un toque de identidad que la iremos buscando juego por juego; la vibra es buena y pensando en la construcci\u00f3n, siempre hice hincapi\u00e9 en eso\u201d, remarc\u00f3 Japez.<\/p>\n<p><strong>Equipo completo<br \/>\n<\/strong>A su turno, el preparador f\u00edsico de Villa San Mart\u00edn, Imanol Escobar, destac\u00f3 \u201cel accionar del equipo en la pretemporada, adem\u00e1s de confirmar y llevar tranquilidad sobre la presencia del pivote brasilero R\u00f3mulo Gusmao en el debut de este viernes; se presenta equipo completo para el debut\u201d.<\/p>\n<p><strong>\u201cE<\/strong><strong>l<\/strong> <strong>club est\u00e1 pasando por un gran momento<\/strong><strong>\u201d<br \/>\n<\/strong>Adem\u00e1s, el escolta\/alero, Favio Vieta, quien compartir\u00e1 la capitan\u00eda con Maximiliano Mart\u00edn, celebr\u00f3 poder estar defendiendo los colores del \u201cTricolor\u201d por quinta vez, explic\u00f3 que \u201cla pretemporada estuvo dura, se entren\u00f3 bien, fueron seis semanas de entrenamiento de b\u00e1squet y de parte aer\u00f3bica &#8211; f\u00edsica con el profesor Imanol Escobar, y a la par tambi\u00e9n la nutricionista; mucho trabajo, con dos amistosos, estoy contento con el club, con el grupo y \u00a0un buen ambiente\u201d, destacando a su vez Vieta que \u201cestamos muy bien, con muchas ganas de dar un mensaje junto a nuestra gente; \u00a0el club est\u00e1 pasando por un gran momento\u201d.<\/p>\n<p>\u201cTrataremos de buscar un pasito m\u00e1s al a\u00f1o pasado y de ah\u00ed que tenga lo que tenga que ser; el torneo te va a poner en el lugar donde tengas que estar; estamos muy contentos\u201d, finaliz\u00f3 Vieta.<\/p>\n<p><strong>\u201cAhora arranca lo m\u00e1s lindo\u201d<br \/>\n<\/strong>Tambi\u00e9n, Villa San Mart\u00edn vuelve a apostar en el alero Maximiliano Mart\u00edn para esta temporada, donde el jugador defender\u00e1 los colores de Villa San Mart\u00edn por tercera vez consecutiva. \u201cLa pretemporada fue muy buena, fue dura, intensa, donde fuimos agarrando ritmo a la idea de Eduardo (Japez), el equipo fue adapt\u00e1ndose a lo que \u00e9l propon\u00eda, trabajamos muy bien todo lo que respecta a la parte f\u00edsica, como as\u00ed tambi\u00e9n lo t\u00e9cnico\/ t\u00e1ctico; ha sido una pretemporada muy acertada\u201d.<\/p>\n<p>\u201cDe cara al debut (viernes 31), las expectativas son muy buenas, el equipo llega bien y ahora solo esperar el inicio, hay un poco de ansias pero ahora arranca lo m\u00e1s lindo, estamos de local los primeros tres juegos y eso hay que saberlo aprovechar\u201d, concluy\u00f3 Mart\u00edn.<\/p>\n<p><img decoding=\"async\" src=\"https:\/\/www.sportchaco.com.ar\/wp-content\/uploads\/2025\/10\/vsm.jpeg\" \/><\/p>\n<p><strong>El debut<br \/>\n<\/strong>Villa San Mart\u00edn abrir\u00e1 la temporada 2025\/26 de La Liga Argentina de B\u00e1squet, este viernes 31, cuando a partir de las 22 horas reciba a su par de Independiente de Santiago del Estero, en lo que ser\u00e1 un juego correspondiente a la Conferencia Norte. Luego de este partido, Villa San Mart\u00edn volver\u00e1 a jugar en casa el 7 y el 11 de noviembre, cuando reciba a Rivadavia B\u00e1squet de Mendoza y a Fusi\u00f3n Riojana.<\/p>\n<p>Este juego tendr\u00e1 como \u00e1rbitros a Sebasti\u00e1n Vasallo e Iv\u00e1n Huck, en tanto que Daniela Kessler estar\u00e1 como comisionada t\u00e9cnica.<\/p>\n<p>Con respecto al valor de las entradas, las entradas generales tendr\u00e1n un valor de $10.000 (diez mil pesos), en tanto que socios con cuota al d\u00eda, un valor de $5.000 (cinco mil pesos).<\/p>\n<p><img loading=\"lazy\" decoding=\"async\" class=\"aligncenter size-large wp-image-18776\" src=\"https:\/\/www.sportchaco.com.ar\/wp-content\/uploads\/2025\/05\/BANNER-WEB-IMPULSAR_1080x1350-819x1024.gif\" alt=\"\" width=\"819\" height=\"1024\" srcset=\"https:\/\/www.sportchaco.com.ar\/wp-content\/uploads\/2025\/05\/BANNER-WEB-IMPULSAR_1080x1350-819x1024.gif 819w, https:\/\/www.sportchaco.com.ar\/wp-content\/uploads\/2025\/05\/BANNER-WEB-IMPULSAR_1080x1350-240x300.gif 240w, https:\/\/www.sportchaco.com.ar\/wp-content\/uploads\/2025\/05\/BANNER-WEB-IMPULSAR_1080x1350-768x960.gif 768w\" sizes=\"auto, (max-width: 819px) 100vw, 819px\" \/><\/p>\n","protected":false},"excerpt":{"rendered":"<p>30-10-2025 Este viernes 31 de octubre, Villa San Mart\u00edn se estrena en la temporada 2025\/26 de La Liga Argentina de B\u00e1squet cuando a partir de las 22 horas reciba a su par de Independiente de Santiago del Estero a partir de las 22 horas en un juego correspondiente a la Conferencia Norte. Durante la ma\u00f1ana &hellip;<\/p>\n","protected":false},"author":3,"featured_media":27850,"comment_status":"open","ping_status":"open","sticky":false,"template":"","format":"standard","meta":{"footnotes":""},"categories":[3],"tags":[],"class_list":["post-27837","post","type-post","status-publish","format-standard","has-post-thumbnail","hentry","category-basquetbol"],"_links":{"self":[{"href":"https:\/\/www.sportchaco.com.ar\/index.php?rest_route=\/wp\/v2\/posts\/27837","targetHints":{"allow":["GET"]}}],"collection":[{"href":"https:\/\/www.sportchaco.com.ar\/index.php?rest_route=\/wp\/v2\/posts"}],"about":[{"href":"https:\/\/www.sportchaco.com.ar\/index.php?rest_route=\/wp\/v2\/types\/post"}],"author":[{"embeddable":true,"href":"https:\/\/www.sportchaco.com.ar\/index.php?rest_route=\/wp\/v2\/users\/3"}],"replies":[{"embeddable":true,"href":"https:\/\/www.sportchaco.com.ar\/index.php?rest_route=%2Fwp%2Fv2%2Fcomments&post=27837"}],"version-history":[{"count":3,"href":"https:\/\/www.sportchaco.com.ar\/index.php?rest_route=\/wp\/v2\/posts\/27837\/revisions"}],"predecessor-version":[{"id":27851,"href":"https:\/\/www.sportchaco.com.ar\/index.php?rest_route=\/wp\/v2\/posts\/27837\/revisions\/27851"}],"wp:featuredmedia":[{"embeddable":true,"href":"https:\/\/www.sportchaco.com.ar\/index.php?rest_route=\/wp\/v2\/media\/27850"}],"wp:attachment":[{"href":"https:\/\/www.sportchaco.com.ar\/index.php?rest_route=%2Fwp%2Fv2%2Fmedia&parent=27837"}],"wp:term":[{"taxonomy":"category","embeddable":true,"href":"https:\/\/www.sportchaco.com.ar\/index.php?rest_route=%2Fwp%2Fv2%2Fcategories&post=27837"},{"taxonomy":"post_tag","embeddable":true,"href":"https:\/\/www.sportchaco.com.ar\/index.php?rest_route=%2Fwp%2Fv2%2Ftags&post=27837"}],"curies":[{"name":"wp","href":"https:\/\/api.w.org\/{rel}","templated":true}]}}