{"id":27844,"date":"2025-10-30T18:57:53","date_gmt":"2025-10-30T21:57:53","guid":{"rendered":"https:\/\/www.sportchaco.com.ar\/?p=27844"},"modified":"2025-10-30T19:18:08","modified_gmt":"2025-10-30T22:18:08","slug":"villa-quien-es-quien","status":"publish","type":"post","link":"https:\/\/www.sportchaco.com.ar\/?p=27844","title":{"rendered":"Villa, quien es quien"},"content":{"rendered":"<p><strong>30-10-2025<\/strong><\/p>\n<p><img loading=\"lazy\" decoding=\"async\" class=\"aligncenter size-large wp-image-19472\" src=\"https:\/\/www.sportchaco.com.ar\/wp-content\/uploads\/2025\/05\/Red-de-empeleos-1200x200-1-1024x171.gif\" alt=\"\" width=\"1024\" height=\"171\" srcset=\"https:\/\/www.sportchaco.com.ar\/wp-content\/uploads\/2025\/05\/Red-de-empeleos-1200x200-1-1024x171.gif 1024w, https:\/\/www.sportchaco.com.ar\/wp-content\/uploads\/2025\/05\/Red-de-empeleos-1200x200-1-300x50.gif 300w, https:\/\/www.sportchaco.com.ar\/wp-content\/uploads\/2025\/05\/Red-de-empeleos-1200x200-1-768x128.gif 768w, https:\/\/www.sportchaco.com.ar\/wp-content\/uploads\/2025\/05\/Red-de-empeleos-1200x200-1-1536x256.gif 1536w, https:\/\/www.sportchaco.com.ar\/wp-content\/uploads\/2025\/05\/Red-de-empeleos-1200x200-1-2048x341.gif 2048w\" sizes=\"auto, (max-width: 1024px) 100vw, 1024px\" \/><\/p>\n<p>Este es el plantel completo de Villa San Mart\u00edn que contempla su participaci\u00f3n a partir de este viernes en La Liga Argentina de B\u00e1squetbol. Todo los detalles brindado por prensa de la entidad \u00abtricolor\u00bb.<\/p>\n<p><strong>PLANTEL DE LA LIGA ARGENTINA<\/strong><br \/>\n<strong>Santiago Rath (4)<\/strong><br \/>\nFecha de nacimiento: 24-05-2005<br \/>\nPosici\u00f3n: base-escolta<br \/>\nEstatura: 1.83<\/p>\n<p><strong>Maximiliano Mart\u00edn (5)<\/strong><br \/>\nFecha de nacimiento: 22-02-1990<br \/>\nPosici\u00f3n: escolta-alero<br \/>\nEstatura: 1.90<\/p>\n<p><img decoding=\"async\" src=\"https:\/\/scontent.fcnq2-2.fna.fbcdn.net\/v\/t51.82787-15\/573589149_18410129269137026_4133959461831660653_n.jpg?_nc_cat=103&amp;ccb=1-7&amp;_nc_sid=127cfc&amp;_nc_eui2=AeHUZz8SXcqhf1Lqp8voRF64pzDgeJqzCVSnMOB4mrMJVFMW9iAk79hC6GX5xHxE8rw&amp;_nc_ohc=YhwGpOjNeQcQ7kNvwH0NZ1P&amp;_nc_oc=AdnVYEOgK6A7cZwRUJKoQ-_yu0Wxq2YeyRLOuYkET1na1OlhZ_Y_hBFl12IXQJNTs1c&amp;_nc_zt=23&amp;_nc_ht=scontent.fcnq2-2.fna&amp;_nc_gid=7Hav1x1pt7Qqk8E__e31FA&amp;oh=00_AfeA14A9TEa6_q-9B09xXL_pCf_VpV45OOp5aDajvlCAiA&amp;oe=6909B3E3\" alt=\"Puede ser una imagen de v\u00f3leibol y texto\" \/><\/p>\n<p><strong>Facundo Gago (6)<\/strong><br \/>\nFecha de nacimiento: 15-05-1996<br \/>\nPosici\u00f3n: base<br \/>\nEstatura: 1.75<\/p>\n<p><strong>Emir P\u00e9rez Barrios (7)<\/strong><br \/>\nFecha de nacimiento: 04-03-2005<br \/>\nPosici\u00f3n: base<br \/>\nEstatura: 1.88<\/p>\n<p><strong>Est\u00e9fano Simondi (8)<\/strong><br \/>\nFecha de nacimiento: 22-11-1996<br \/>\nPosici\u00f3n: ala-pivote<br \/>\nEstatura: 2.01<\/p>\n<p><strong>Agust\u00edn Camisasca (9)<\/strong><br \/>\nFecha de nacimiento: 11-02-2004<br \/>\nPosici\u00f3n: escolta-alero<br \/>\nEstatura: 1.89<\/p>\n<p><strong>Favio Vieta (10<\/strong>)<br \/>\nFecha de nacimiento: 12-01-1996<br \/>\nPosici\u00f3n: base-escolta<br \/>\nEstatura: 1.87<\/p>\n<p><img decoding=\"async\" src=\"https:\/\/scontent.fcnq2-1.fna.fbcdn.net\/v\/t51.82787-15\/573062418_18410129239137026_1678489733678839338_n.jpg?_nc_cat=105&amp;ccb=1-7&amp;_nc_sid=127cfc&amp;_nc_eui2=AeEny4erKNgnTOS_zaaqvFjklCOjAG-6o_qUI6MAb7qj-uVWd7ip-OnLARB9Y9mTqMw&amp;_nc_ohc=EWCpcGSgjUMQ7kNvwGRelZf&amp;_nc_oc=AdnMdE7vTnX6U9zjZRX7aWbEiGloVf4719rTdWEIbxBXabculZhwm4DNC8Mr0r4dOl8&amp;_nc_zt=23&amp;_nc_ht=scontent.fcnq2-1.fna&amp;_nc_gid=0R6DMsLPZhSnq4RucDKoGA&amp;oh=00_AfeoIWNBv8UiK6VoCxrx8pbzXbe3e4TY1ksfOGw17U8vyQ&amp;oe=69099F6C\" alt=\"Puede ser una imagen de \u200ebaloncesto y \u200etexto que dice &quot;\u200eMUSIMUNDO FL L\u00edder \u0986\u0993 Estas protegida Eatas tella CETROGAR HLider L\u00edder HIERROS NBCH R M!MUSIMUNDO MUSIMUNDO M! OTBB GROC AQUE ETROGAR TA SAKN ENNG \u09af\u09ac\u09be\u091c \u0627\u0627 BC en protegida\u200e&quot;\u200e\u200e\" \/><\/p>\n<p>Nombre y apellido: <strong>Lautaro Florito (11)<\/strong><br \/>\nFecha de nacimiento: 01-11-2000<br \/>\nPosici\u00f3n: escolta<br \/>\nEstatura: 1.89<\/p>\n<p><strong>Maximiliano Bottaro (12)<\/strong><br \/>\nFecha de nacimiento: 22-03-2007<br \/>\nPosici\u00f3n: ala-pivote<br \/>\nEstatura: 1.95<\/p>\n<p><img decoding=\"async\" src=\"https:\/\/scontent.fcnq2-2.fna.fbcdn.net\/v\/t51.82787-15\/573692842_18410129284137026_3198418719007553996_n.jpg?_nc_cat=109&amp;ccb=1-7&amp;_nc_sid=127cfc&amp;_nc_eui2=AeE4XNi010wVEc0azdTy9v-sNOH3WC5eAHo04fdYLl4AeuB5ieKIGJyOCSl8TrjS9R4&amp;_nc_ohc=I245E5d1iwkQ7kNvwEwnBxF&amp;_nc_oc=AdlaIHeBSwQun3qblww_UWU5tZXpWzAF37MOgKdu-rnHHufB138xrHPyE1Vya9-9R-8&amp;_nc_zt=23&amp;_nc_ht=scontent.fcnq2-2.fna&amp;_nc_gid=gTs_ImfrZwkuMaPfUxeowQ&amp;oh=00_Affbhbh6S3DKTnT-ZtqUx70x1WDTo4_2e2zY0TkS-Yua3Q&amp;oe=6909AD22\" alt=\"Puede ser una imagen de \u200etexto que dice &quot;\u200eLALIGA ARGENTINA OeA NA SAN MARTIN OOT CHA RP ) LAB LAl LENING VILLA \u05d7\u05d3\u05d5\u05d5\u05df\/ SAMMARTIK SAN MARTN 0335335316 SANM M\u200e&quot;\u200e\" \/><\/p>\n<p><strong>Gael Carrasco (13)<\/strong><br \/>\nFecha de nacimiento: 22-09-2009<br \/>\nPosici\u00f3n: base-escolta<br \/>\nEstatura: 1.89<\/p>\n<p><strong>Valentino Bar\u00faa (15)<\/strong><br \/>\nFecha de nacimiento: 13-05-2004<br \/>\nPosici\u00f3n: pivote<br \/>\nEstatura: 1.97<\/p>\n<p><strong>R\u00f3mulo Gusmao (16)<\/strong><br \/>\nFecha de nacimiento: 01-10-1995<br \/>\nPosici\u00f3n: pivote<br \/>\nEstatura: 2.08<\/p>\n<p><strong>Elian Centeno (18)<\/strong><br \/>\nFecha de nacimiento: 18-07-2000<br \/>\nPosici\u00f3n: pivote<br \/>\nEstatura: 2.02<\/p>\n<p><img loading=\"lazy\" decoding=\"async\" class=\"aligncenter size-full wp-image-19471\" src=\"https:\/\/www.sportchaco.com.ar\/wp-content\/uploads\/2025\/05\/Banners-ruta-13_200x200-1.gif\" alt=\"\" width=\"417\" height=\"417\" \/><\/p>\n","protected":false},"excerpt":{"rendered":"<p>30-10-2025 Este es el plantel completo de Villa San Mart\u00edn que contempla su participaci\u00f3n a partir de este viernes en La Liga Argentina de B\u00e1squetbol. Todo los detalles brindado por prensa de la entidad \u00abtricolor\u00bb. PLANTEL DE LA LIGA ARGENTINA Santiago Rath (4) Fecha de nacimiento: 24-05-2005 Posici\u00f3n: base-escolta Estatura: 1.83 Maximiliano Mart\u00edn (5) Fecha &hellip;<\/p>\n","protected":false},"author":2,"featured_media":27846,"comment_status":"open","ping_status":"open","sticky":false,"template":"","format":"standard","meta":{"footnotes":""},"categories":[3],"tags":[],"class_list":["post-27844","post","type-post","status-publish","format-standard","has-post-thumbnail","hentry","category-basquetbol"],"_links":{"self":[{"href":"https:\/\/www.sportchaco.com.ar\/index.php?rest_route=\/wp\/v2\/posts\/27844","targetHints":{"allow":["GET"]}}],"collection":[{"href":"https:\/\/www.sportchaco.com.ar\/index.php?rest_route=\/wp\/v2\/posts"}],"about":[{"href":"https:\/\/www.sportchaco.com.ar\/index.php?rest_route=\/wp\/v2\/types\/post"}],"author":[{"embeddable":true,"href":"https:\/\/www.sportchaco.com.ar\/index.php?rest_route=\/wp\/v2\/users\/2"}],"replies":[{"embeddable":true,"href":"https:\/\/www.sportchaco.com.ar\/index.php?rest_route=%2Fwp%2Fv2%2Fcomments&post=27844"}],"version-history":[{"count":5,"href":"https:\/\/www.sportchaco.com.ar\/index.php?rest_route=\/wp\/v2\/posts\/27844\/revisions"}],"predecessor-version":[{"id":27856,"href":"https:\/\/www.sportchaco.com.ar\/index.php?rest_route=\/wp\/v2\/posts\/27844\/revisions\/27856"}],"wp:featuredmedia":[{"embeddable":true,"href":"https:\/\/www.sportchaco.com.ar\/index.php?rest_route=\/wp\/v2\/media\/27846"}],"wp:attachment":[{"href":"https:\/\/www.sportchaco.com.ar\/index.php?rest_route=%2Fwp%2Fv2%2Fmedia&parent=27844"}],"wp:term":[{"taxonomy":"category","embeddable":true,"href":"https:\/\/www.sportchaco.com.ar\/index.php?rest_route=%2Fwp%2Fv2%2Fcategories&post=27844"},{"taxonomy":"post_tag","embeddable":true,"href":"https:\/\/www.sportchaco.com.ar\/index.php?rest_route=%2Fwp%2Fv2%2Ftags&post=27844"}],"curies":[{"name":"wp","href":"https:\/\/api.w.org\/{rel}","templated":true}]}}