{"id":27863,"date":"2025-10-30T22:53:55","date_gmt":"2025-10-31T01:53:55","guid":{"rendered":"https:\/\/www.sportchaco.com.ar\/?p=27863"},"modified":"2025-10-30T22:53:55","modified_gmt":"2025-10-31T01:53:55","slug":"copa-sudamericana-lanus-supero-a-la-u-de-chile-y-es-finalista","status":"publish","type":"post","link":"https:\/\/www.sportchaco.com.ar\/?p=27863","title":{"rendered":"Copa Sudamericana: Lan\u00fas super\u00f3 a la U de Chile y es finalista"},"content":{"rendered":"<div class=\"section-2-col article-header\">\n<div class=\"col 2-col\">\n<h5 class=\"h4 ff-16px-w700\">Jugar\u00e1 la definici\u00f3n el 22 de noviembre ante el Atl\u00e9tico Mineiro de Sampaoli. Con un gol de Castillo, la figura del partido ante una multitud en La Fortaleza, el conjunto de Pellegrino se qued\u00f3 con la vuelta de semifinales (la ida termin\u00f3 2-2) y buscar\u00e1 otra estrella en Asunci\u00f3n.<\/h5>\n<div class=\"author\">\n<div class=\"author-inner\"><\/div>\n<\/div>\n<\/div>\n<\/div>\n<div class=\"section-2-col article-main-image\">\n<div class=\"col 1-col hide-on-mobile\">\n<div class=\"article-info \">\n<div class=\"sidebar-separator\">\n<div class=\"date modification-date ff-14px\"><time datetime=\"2025-10-30T21:36:03-03:00\">30 de octubre de 2025\u00a0<\/time><\/div>\n<\/div>\n<\/div>\n<\/div>\n<div class=\"col 2-col\">\n<div class=\"article-main-media-image__container\">\n<div class=\"image-wrapper\">\n<figure><picture><source srcset=\"https:\/\/images.pagina12.com.ar\/styles\/focal_3_2_700x467\/public\/2025-10\/985192-25a-fotobaires.JPG?h=c71e0752&amp;itok=SthI2Xes\" media=\"(width &gt; 768px)\" \/><source srcset=\"https:\/\/images.pagina12.com.ar\/styles\/focal_3_2_470x313\/public\/2025-10\/985192-25a-fotobaires.JPG?h=c71e0752&amp;itok=DOR3LuWG\" media=\"(width &lt;= 768px)\" \/><img decoding=\"async\" class=\" image\" src=\"https:\/\/images.pagina12.com.ar\/styles\/focal_3_2_470x313\/public\/2025-10\/985192-25a-fotobaires.JPG?h=c71e0752&amp;itok=DOR3LuWG\" alt=\"El Granate es finalista: celebran Castillo y Salvio, lo lamenta Calder\u00f3n\u00a0\" \/><\/picture><figcaption>El Granate es finalista: celebran Castillo y Salvio, lo lamenta Calder\u00f3n\u00a0. Imagen: Fotobaires<\/figcaption><\/figure>\n<\/div>\n<\/div>\n<\/div>\n<\/div>\n<div class=\"section-2-col article-main-content\">\n<div class=\"col 1-col cxense-articles\"><\/div>\n<div class=\"col 2-col\">\n<div class=\"article-main-content article-text  \">\n<p><b>Con m\u00e1s de 40 mil almas en La Fortaleza, Lan\u00fas gan\u00f3 1-0\u00a0<\/b>este jueves\u00a0<b>la segunda semi de Copa Sudamericana ante la U de Chile y jugar\u00e1 la final<\/b>\u00a0<b>el<\/b>\u00a0pr\u00f3ximo\u00a0<b>22 de noviembre\u00a0<\/b>en Asunci\u00f3n\u00a0<b>ante el Atl\u00e9tico Mineiro de Jorge Sampaoli.<\/b><\/p>\n<p><b>El duelo inici\u00f3 caliente<\/b>\u00a0y casi deja al Granate con diez cuando apenas se jugaban 6 minutos:\u00a0<b>Cardozo lo atendi\u00f3 feo a Altamirano y\u00a0<\/b>el volante\u00a0<b>la sac\u00f3 barata porque s\u00f3lo fue amonestado.\u00a0<\/b><\/p>\n<div id=\"talkFireEvent\"><\/div>\n<p>La primera llegada fue para los trasandinos con un remate de Ar\u00e1nguiz que Losada logr\u00f3 contener. Pero en la r\u00e9plica, una recuperaci\u00f3n de Salvio desde el mediocampo propici\u00f3 la\u00a0<b>veloz carrera de Marcelino Moreno<\/b>,<b>\u00a0que<\/b>\u00a0de cara al arquero Castell\u00f3n\u00a0<b>defini\u00f3 con tres dedos, aunque el VAR determin\u00f3 que<\/b>\u00a0el N\u00b0 10\u00a0<b>estaba adelantado<\/b>\u00a0por mil\u00edmetros.<\/p>\n<div class=\"slot-available\"><\/div>\n<p><b>El partido era muy entretenido\u00a0<\/b>y el argentino Di Yorio busc\u00f3 sorprender de emboquillada al arquero local.\u00a0<b>Rodrigo Castillo estaba con hambre<\/b>,\u00a0<b>pon\u00eda en problemas a la \u00faltima l\u00ednea visitante<\/b>\u00a0y sobre la media hora hizo una individual que termin\u00f3 con el desv\u00edo prodigioso de un rival al corner. Aunque\u00a0<b>el goleador a la postre tendr\u00eda merecido premio.\u00a0<\/b>En la jugada siguiente,\u00a0<b>el \u00e1rbitro venezolano revis\u00f3\u00a0<\/b>v\u00eda VAR\u00a0<b>una posible mano en el \u00e1rea trasandina que luego no consider\u00f3.<\/b><\/p>\n<div><iframe src=\"https:\/\/www.youtube.com\/embed\/pRjujxA8m70\" frameborder=\"0\" allowfullscreen=\"allowfullscreen\" data-mce-fragment=\"1\"><\/iframe><\/div>\n<div class=\"slot-available\"><\/div>\n<p><b>En el complemento, Lan\u00fas sali\u00f3 con todo<\/b>: primero Salvio prob\u00f3 a Castell\u00f3n y enseguida un disparo de Castillo se desvi\u00f3 en un defensor. Pero sorpresivamente\u00a0<b>concret\u00f3<\/b>\u00a0<b>la U de Chile:<\/b>\u00a0en un env\u00edo desde la derecha,\u00a0<b>fall\u00f3 Losada, pero no Salomoni<\/b>, otro argentino que anot\u00f3 de zurda,\u00a0<b>aunque el tanto no se convalid\u00f3 por un offside previo, lo que desat\u00f3\u00a0<\/b>alivio y<b>\u00a0un tremendo festejo en la afici\u00f3n local.<\/b><\/p>\n<p><b>Ni hablar cuando Moreno se la sirvi\u00f3 a Castillo, quien eludi\u00f3 al arquero y sacudi\u00f3 la red.<\/b>\u00a0Entonces volvi\u00f3 a explotar La Fortaleza.\u00a0<b>Y en un final para el infarto, el empuje de los chilenos no alcanz\u00f3.<\/b>\u00a0Tras un ep\u00edlogo bochornoso con gresca incluida entre protagonistas,\u00a0<b>Lan\u00fas es finalista y va por otra estrella.<\/b><\/p>\n<\/div>\n<\/div>\n<\/div>\n<p>&nbsp;<\/p>\n<p><img decoding=\"async\" class=\"aligncenter\" src=\"https:\/\/www.lanacion.com.ar\/resizer\/v2\/lanus-midfielder-19-rodrigo-castillo-l-scores-his-KRRLIWMLNJFM7D7TF4FQMDMXYM.JPG?auth=ccfd4b3d4adeeafb4dde7d5912d0f8ee1eae97678abd28145c2484a8d3fe9f99&amp;width=420&amp;height=280&amp;quality=70&amp;smart=true\" alt=\"El Mago Marcelino y el Tit\u00e1n Castillo, el c\u00f3ctel explosivo de Lan\u00fas para  ser finalista de la Sudamericana - LA NACION\" \/><\/p>\n<p>&nbsp;<\/p>\n<p><img decoding=\"async\" class=\"aligncenter\" src=\"https:\/\/www.ole.com.ar\/2025\/10\/30\/V2-jmkQNG_400x400__1.jpg\" alt=\"Lan\u00fas le gan\u00f3 a la U. de Chile y es finalista de la Copa Sudamericana! ::  Ol\u00e9 - ole.com.ar\" \/><\/p>\n","protected":false},"excerpt":{"rendered":"<p>Jugar\u00e1 la definici\u00f3n el 22 de noviembre ante el Atl\u00e9tico Mineiro de Sampaoli. Con un gol de Castillo, la figura del partido ante una multitud en La Fortaleza, el conjunto de Pellegrino se qued\u00f3 con la vuelta de semifinales (la ida termin\u00f3 2-2) y buscar\u00e1 otra estrella en Asunci\u00f3n. 30 de octubre de 2025\u00a0 El &hellip;<\/p>\n","protected":false},"author":2,"featured_media":27864,"comment_status":"open","ping_status":"open","sticky":false,"template":"","format":"standard","meta":{"footnotes":""},"categories":[6],"tags":[],"class_list":["post-27863","post","type-post","status-publish","format-standard","has-post-thumbnail","hentry","category-internacionales"],"_links":{"self":[{"href":"https:\/\/www.sportchaco.com.ar\/index.php?rest_route=\/wp\/v2\/posts\/27863","targetHints":{"allow":["GET"]}}],"collection":[{"href":"https:\/\/www.sportchaco.com.ar\/index.php?rest_route=\/wp\/v2\/posts"}],"about":[{"href":"https:\/\/www.sportchaco.com.ar\/index.php?rest_route=\/wp\/v2\/types\/post"}],"author":[{"embeddable":true,"href":"https:\/\/www.sportchaco.com.ar\/index.php?rest_route=\/wp\/v2\/users\/2"}],"replies":[{"embeddable":true,"href":"https:\/\/www.sportchaco.com.ar\/index.php?rest_route=%2Fwp%2Fv2%2Fcomments&post=27863"}],"version-history":[{"count":1,"href":"https:\/\/www.sportchaco.com.ar\/index.php?rest_route=\/wp\/v2\/posts\/27863\/revisions"}],"predecessor-version":[{"id":27865,"href":"https:\/\/www.sportchaco.com.ar\/index.php?rest_route=\/wp\/v2\/posts\/27863\/revisions\/27865"}],"wp:featuredmedia":[{"embeddable":true,"href":"https:\/\/www.sportchaco.com.ar\/index.php?rest_route=\/wp\/v2\/media\/27864"}],"wp:attachment":[{"href":"https:\/\/www.sportchaco.com.ar\/index.php?rest_route=%2Fwp%2Fv2%2Fmedia&parent=27863"}],"wp:term":[{"taxonomy":"category","embeddable":true,"href":"https:\/\/www.sportchaco.com.ar\/index.php?rest_route=%2Fwp%2Fv2%2Fcategories&post=27863"},{"taxonomy":"post_tag","embeddable":true,"href":"https:\/\/www.sportchaco.com.ar\/index.php?rest_route=%2Fwp%2Fv2%2Ftags&post=27863"}],"curies":[{"name":"wp","href":"https:\/\/api.w.org\/{rel}","templated":true}]}}