{"id":27888,"date":"2025-10-31T10:46:20","date_gmt":"2025-10-31T13:46:20","guid":{"rendered":"https:\/\/www.sportchaco.com.ar\/?p=27888"},"modified":"2025-10-31T10:48:09","modified_gmt":"2025-10-31T13:48:09","slug":"un-dia-especial-par-mauricio-pellegrino","status":"publish","type":"post","link":"https:\/\/www.sportchaco.com.ar\/?p=27888","title":{"rendered":"Un d\u00eda especial para Mauricio Pellegrino"},"content":{"rendered":"<div class=\"nota__heading\">\n<h5 class=\"nota__heading__title\">Pellegrino, entre la clasificaci\u00f3n de Lan\u00fas y el recuerdo a Maradona. El entrenador del Granate sabore\u00f3 el pase a la final y le dedic\u00f3 unas palabras a Diego en un d\u00eda especial.<\/h5>\n<div class=\"nota__heading__author\">\n<p>&nbsp;<\/p>\n<\/div>\n<\/div>\n<div class=\"nota__main-media\">\n<div class=\"nota__image\"><\/div>\n<div class=\"nota__main-media__legend\"><\/div>\n<\/div>\n<div class=\"nota__body\">\n<div class=\"container\">\n<div class=\"row\">\n<div class=\"eg-grid eg-grid--content\">\n<div class=\"eg-cell__1-1\">\n<div class=\"col-xs-24 col-sm-4 eg-social eg-social--vert\"><\/div>\n<\/div>\n<div class=\"eg-cell__2-1\">\n<p>&nbsp;<\/p>\n<p><em><strong>\u00abFue una noche hermosa. Desde el recibimiento al micro en la plaza. Me hicieron pasar una noche que la voy a recordar siempre\u00bb<\/strong><\/em>, coment\u00f3 el entrenadordel Granate.<\/p>\n<p><em><strong>\u00abTengo una satisfacci\u00f3n enorme, agradecido al equipo por el trabajo que hacen, somos una gran familia. Una nueva final para la instituci\u00f3n, hoy hay que disfrutar\u00bb<\/strong><\/em>, se\u00f1al\u00f3 Mauricio Pellegrino en conferencia de prensa.<\/p>\n<p>En relaci\u00f3n a la fecha especial de Maradona, el DT de Lan\u00fas agreg\u00f3:<em><strong>\u00a0\u00abTodos hablamos de su cumplea\u00f1os y ojal\u00e1 que Diego nos haya podido empujar un poquito para que la pelota pueda entrar al arco adversario\u00bb.<\/strong><\/em><\/p>\n<p>&nbsp;<\/p>\n<p>&nbsp;<\/p>\n<p>&nbsp;<\/p>\n<div class=\"twitter-tweet twitter-tweet-rendered\"><\/div>\n<p>&nbsp;<\/p>\n<p>El Granate se deber\u00e1 centrar ahora en el<strong>\u00a0cl\u00e1sico del lunes ante Banfield<\/strong>. La final de la Conmebol Sudamericana ser\u00e1 el s\u00e1bado 22 de noviembre en Asunci\u00f3n frente a Atl\u00e9tico Mineiro.<\/p>\n<p>Fuente El Gr\u00e1fico<\/p>\n<\/div>\n<\/div>\n<\/div>\n<\/div>\n<\/div>\n","protected":false},"excerpt":{"rendered":"<p>Pellegrino, entre la clasificaci\u00f3n de Lan\u00fas y el recuerdo a Maradona. El entrenador del Granate sabore\u00f3 el pase a la final y le dedic\u00f3 unas palabras a Diego en un d\u00eda especial. &nbsp; &nbsp; \u00abFue una noche hermosa. Desde el recibimiento al micro en la plaza. Me hicieron pasar una noche que la voy a &hellip;<\/p>\n","protected":false},"author":2,"featured_media":27889,"comment_status":"open","ping_status":"open","sticky":false,"template":"","format":"standard","meta":{"footnotes":""},"categories":[47],"tags":[],"class_list":["post-27888","post","type-post","status-publish","format-standard","has-post-thumbnail","hentry","category-nacionales"],"_links":{"self":[{"href":"https:\/\/www.sportchaco.com.ar\/index.php?rest_route=\/wp\/v2\/posts\/27888","targetHints":{"allow":["GET"]}}],"collection":[{"href":"https:\/\/www.sportchaco.com.ar\/index.php?rest_route=\/wp\/v2\/posts"}],"about":[{"href":"https:\/\/www.sportchaco.com.ar\/index.php?rest_route=\/wp\/v2\/types\/post"}],"author":[{"embeddable":true,"href":"https:\/\/www.sportchaco.com.ar\/index.php?rest_route=\/wp\/v2\/users\/2"}],"replies":[{"embeddable":true,"href":"https:\/\/www.sportchaco.com.ar\/index.php?rest_route=%2Fwp%2Fv2%2Fcomments&post=27888"}],"version-history":[{"count":2,"href":"https:\/\/www.sportchaco.com.ar\/index.php?rest_route=\/wp\/v2\/posts\/27888\/revisions"}],"predecessor-version":[{"id":27891,"href":"https:\/\/www.sportchaco.com.ar\/index.php?rest_route=\/wp\/v2\/posts\/27888\/revisions\/27891"}],"wp:featuredmedia":[{"embeddable":true,"href":"https:\/\/www.sportchaco.com.ar\/index.php?rest_route=\/wp\/v2\/media\/27889"}],"wp:attachment":[{"href":"https:\/\/www.sportchaco.com.ar\/index.php?rest_route=%2Fwp%2Fv2%2Fmedia&parent=27888"}],"wp:term":[{"taxonomy":"category","embeddable":true,"href":"https:\/\/www.sportchaco.com.ar\/index.php?rest_route=%2Fwp%2Fv2%2Fcategories&post=27888"},{"taxonomy":"post_tag","embeddable":true,"href":"https:\/\/www.sportchaco.com.ar\/index.php?rest_route=%2Fwp%2Fv2%2Ftags&post=27888"}],"curies":[{"name":"wp","href":"https:\/\/api.w.org\/{rel}","templated":true}]}}