{"id":27892,"date":"2025-10-31T10:51:37","date_gmt":"2025-10-31T13:51:37","guid":{"rendered":"https:\/\/www.sportchaco.com.ar\/?p=27892"},"modified":"2025-10-31T11:01:33","modified_gmt":"2025-10-31T14:01:33","slug":"las-similutes-entre-bielsa-y-xavi-alonso","status":"publish","type":"post","link":"https:\/\/www.sportchaco.com.ar\/?p=27892","title":{"rendered":"Las similutes entre Bielsa y Xavi Alonso"},"content":{"rendered":"<div class=\"WaaZC\">\n<div class=\"RJPOee EIJn2\">\n<div class=\"rPeykc\" data-hveid=\"CAQQAQ\" data-ved=\"2ahUKEwiEyb_ayc6QAxXJG7kGHbCpIUoQo_EKegQIBBAB\">\n<p><span data-huuid=\"3006832722771242795\"><mark class=\"QVRyCf\">Marcelo Bielsa exige que los jugadores respeten las sustituciones porque, al igual que \u00e9l, el jugador es un profesional y el entrenador toma decisiones como parte de su trabajo<\/mark>.\u00a0<\/span><span data-huuid=\"3006832722771242056\">Bielsa considera inaceptable la hipocres\u00eda de que un jugador se enoje y proteste por una decisi\u00f3n t\u00e9cnica, cuando \u00e9l no protestar\u00eda por un error de juego de un futbolista, pero le pide lo mismo.\u00a0<\/span><span data-huuid=\"3006832722771241317\">El respeto mutuo es fundamental para la convivencia en el equipo.<span class=\"pjBG2e\" data-cid=\"858c5ab4-4076-4a89-aafd-dc2d8d8e0978\"><span class=\"UV3uM\">\u00a0<\/span><\/span><\/span><\/p>\n<div class=\"NPrrbc\" data-cid=\"858c5ab4-4076-4a89-aafd-dc2d8d8e0978\" data-uuids=\"3006832722771242795,3006832722771242056,3006832722771241317\">\n<div class=\"BMebGe btku5b LwdV0e FR7ZSc OJeuxf\" tabindex=\"0\" role=\"button\" aria-label=\"Ver v\u00ednculos relacionados\" data-hveid=\"CAcQAQ\" data-ved=\"2ahUKEwiEyb_ayc6QAxXJG7kGHbCpIUoQ3fYKegQIBxAB\">\n<div class=\"niO4u\"><\/div>\n<\/div>\n<\/div>\n<\/div>\n<\/div>\n<\/div>\n<div class=\"WaaZC\">\n<div class=\"RJPOee EIJn2\">\n<div class=\"rPeykc uP58nb rWIipd\" data-hveid=\"CAoQAQ\" data-ved=\"2ahUKEwiEyb_ayc6QAxXJG7kGHbCpIUoQo_EKegQIChAB\"><span data-huuid=\"2354034161202253419\">La visi\u00f3n de Bielsa sobre el reemplazo:<\/span><\/div>\n<\/div>\n<\/div>\n<div class=\"WaaZC\">\n<div class=\"RJPOee EIJn2\">\n<ul data-hveid=\"CCQQAQ\" data-ved=\"2ahUKEwiEyb_ayc6QAxXJG7kGHbCpIUoQm_YKegQIJBAB\">\n<li class=\"K3KsMc\">\n<div class=\"zMgcWd dSKvsb\" data-il=\"\">\n<div data-crb-p=\"\">\n<div class=\"xFTqob\">\n<div class=\"Gur8Ad\"><span data-huuid=\"2354034161202251546\"><strong>Profesionalismo:<\/strong>\u00a0<\/span><\/div>\n<div class=\"vM0jzc\">\n<p><span data-huuid=\"2354034161202252287\">La decisi\u00f3n de cambiar a un jugador es una parte m\u00e1s del trabajo del entrenador, de la misma manera que el jugador trabaja en el campo.<span class=\"pjBG2e\" data-cid=\"bad73a21-3f31-45eb-ada8-3e88684cff8f\"><span class=\"UV3uM\">\u00a0<\/span><\/span><\/span><\/p>\n<div class=\"NPrrbc\" data-cid=\"bad73a21-3f31-45eb-ada8-3e88684cff8f\" data-uuids=\"2354034161202251546,2354034161202252287\">\n<div class=\"BMebGe btku5b LwdV0e FR7ZSc OJeuxf\" tabindex=\"0\" role=\"button\" aria-label=\"Ver v\u00ednculos relacionados\" data-hveid=\"CBUQAQ\" data-ved=\"2ahUKEwiEyb_ayc6QAxXJG7kGHbCpIUoQ3fYKegQIFRAB\">\n<div class=\"niO4u\"><\/div>\n<\/div>\n<\/div>\n<\/div>\n<\/div>\n<\/div>\n<\/div>\n<\/li>\n<li class=\"K3KsMc\">\n<div class=\"zMgcWd dSKvsb\" data-il=\"\">\n<div data-crb-p=\"\">\n<div class=\"xFTqob\">\n<div class=\"Gur8Ad\"><span data-huuid=\"2354034161202253769\"><strong>Respeto a las decisiones:<\/strong>\u00a0<\/span><\/div>\n<div class=\"vM0jzc\">\n<p><span data-huuid=\"2354034161202250414\">Pide a los jugadores que no reaccionen de forma exagerada ante una sustituci\u00f3n, como lanzar objetos o camisetas, porque esto demuestra una falta de respeto a las decisiones t\u00e9cnicas.<span class=\"pjBG2e\" data-cid=\"bdb57fba-1b75-4cbc-a1c9-401595ea4068\"><span class=\"UV3uM\">\u00a0<\/span><\/span><\/span><\/p>\n<div class=\"NPrrbc\" data-cid=\"bdb57fba-1b75-4cbc-a1c9-401595ea4068\" data-uuids=\"2354034161202253769,2354034161202250414\">\n<div class=\"BMebGe btku5b LwdV0e FR7ZSc OJeuxf\" tabindex=\"0\" role=\"button\" aria-label=\"Ver v\u00ednculos relacionados\" data-hveid=\"CBYQAQ\" data-ved=\"2ahUKEwiEyb_ayc6QAxXJG7kGHbCpIUoQ3fYKegQIFhAB\">\n<div class=\"niO4u\"><\/div>\n<\/div>\n<\/div>\n<\/div>\n<\/div>\n<\/div>\n<\/div>\n<\/li>\n<li class=\"K3KsMc\">\n<div class=\"zMgcWd dSKvsb\" data-il=\"\">\n<div data-crb-p=\"\">\n<div class=\"xFTqob\">\n<div class=\"Gur8Ad\"><span data-huuid=\"2354034161202251896\"><strong>Hipocres\u00eda:<\/strong>\u00a0<\/span><\/div>\n<div class=\"vM0jzc\">\n<p><span data-huuid=\"2354034161202252637\">El entrenador se opone a que los jugadores justifiquen su enojo como si fuera una muestra de pas\u00edon.\u00a0<\/span><span data-huuid=\"2354034161202253378\">Para \u00e9l, la verdadera pasi\u00f3n se demuestra en la competencia en el campo, no en la reacci\u00f3n a las decisiones del entrenador.<span class=\"pjBG2e\" data-cid=\"0e5c9b7a-b981-4195-8f81-1ade0274f2b6\"><span class=\"UV3uM\">\u00a0<\/span><\/span><\/span><\/p>\n<div class=\"NPrrbc\" data-cid=\"0e5c9b7a-b981-4195-8f81-1ade0274f2b6\" data-uuids=\"2354034161202251896,2354034161202252637,2354034161202253378\">\n<div class=\"BMebGe btku5b LwdV0e FR7ZSc OJeuxf\" tabindex=\"0\" role=\"button\" aria-label=\"Ver v\u00ednculos relacionados\" data-hveid=\"CBsQAQ\" data-ved=\"2ahUKEwiEyb_ayc6QAxXJG7kGHbCpIUoQ3fYKegQIGxAB\">\n<div class=\"niO4u\"><\/div>\n<\/div>\n<\/div>\n<\/div>\n<\/div>\n<\/div>\n<\/div>\n<\/li>\n<li class=\"K3KsMc\">\n<div class=\"zMgcWd dSKvsb\" data-il=\"\">\n<div data-crb-p=\"\">\n<div class=\"xFTqob\">\n<div class=\"Gur8Ad\"><span data-huuid=\"2354034161202250764\"><strong>Convivencia:<\/strong>\u00a0<\/span><\/div>\n<div class=\"vM0jzc\">\n<p><span data-huuid=\"2354034161202251505\">Una falta de respeto a las decisiones del entrenador podr\u00eda generar un ambiente de trabajo disfuncional, ya que no se puede convivir si uno no respeta el trabajo del otro.<span class=\"pjBG2e\" data-cid=\"2c432fd2-8a56-4e42-a983-2984c3b6caf0\"><span class=\"UV3uM\">\u00a0<\/span><\/span><\/span><\/p>\n<div class=\"NPrrbc\" data-cid=\"2c432fd2-8a56-4e42-a983-2984c3b6caf0\" data-uuids=\"2354034161202250764,2354034161202251505\">\n<div class=\"BMebGe btku5b LwdV0e FR7ZSc OJeuxf\" tabindex=\"0\" role=\"button\" aria-label=\"Ver v\u00ednculos relacionados\" data-hveid=\"CCEQAQ\" data-ved=\"2ahUKEwiEyb_ayc6QAxXJG7kGHbCpIUoQ3fYKegQIIRAB\">\n<div class=\"niO4u\"><\/div>\n<\/div>\n<\/div>\n<\/div>\n<\/div>\n<\/div>\n<\/div>\n<\/li>\n<li class=\"K3KsMc\">\n<div class=\"zMgcWd dSKvsb\" data-il=\"\">\n<div data-crb-p=\"\">\n<div class=\"xFTqob\">\n<div class=\"Gur8Ad\"><span data-huuid=\"2354034161202252987\"><strong>Principio de igualdad:<\/strong><\/span><\/div>\n<div class=\"vM0jzc\"><span data-huuid=\"2354034161202253728\">Bielsa argumenta que \u00e9l no resalta los errores de un jugador, por lo que pide que el jugador no resalte los suyos.\u00a0<\/span><span data-huuid=\"2354034161202250373\">Es un pedido para crear un entorno de mutuo respeto y no de confrontaci\u00f3n.<\/span><\/div>\n<\/div>\n<div><\/div>\n<div class=\"xFTqob\">\n<div class=\"nota__heading\">\n<h1 class=\"nota__heading__title\">Xabi Alonso rompi\u00f3 el silencio y dio detalles sobre su charla con Vinicius<\/h1>\n<p class=\"nota__heading__subtitle\">El t\u00e9cnico de Real Madrid se refiri\u00f3 a su relaci\u00f3n con el controversial futbolista brasile\u00f1o tras el desplante del fin de semana pasado durante el partido ante Barcelona.<\/p>\n<div class=\"nota__heading__author\">\n<p>&nbsp;<\/p>\n<p><img decoding=\"async\" src=\"https:\/\/www.elgrafico.com.ar\/media\/cache\/pub_news_details_large\/media\/i\/55\/3a\/553a9afa8fe95a459c711ec4c5067db0477d49bc.jpg\" \/><\/p>\n<\/div>\n<\/div>\n<div class=\"nota__main-media\">\n<div class=\"nota__main-media__legend\"><\/div>\n<\/div>\n<div class=\"nota__body\">\n<div class=\"container\">\n<div class=\"row\">\n<div class=\"eg-grid eg-grid--content\">\n<div class=\"eg-cell__1-1\">\n<div class=\"col-xs-24 col-sm-4 eg-social eg-social--vert\">\n<div class=\"addthis_sharing_toolbox nota_body_social\"><\/div>\n<\/div>\n<\/div>\n<div class=\"eg-cell__2-1\">\n<p><a href=\"https:\/\/www.elgrafico.com.ar\/etiqueta\/xabi%20alonso\" target=\"_blank\" rel=\"noopener\"><strong>XABI ALONSO<\/strong><\/a>\u00a0<strong>cont\u00f3 detalles sobre la actitud de<\/strong>\u00a0<a href=\"https:\/\/www.elgrafico.com.ar\/etiqueta\/vinicius\" target=\"_blank\" rel=\"noopener\"><strong>Vinicius Jr.<\/strong><\/a>\u00a0despu\u00e9s del berrinche realizado durante el supercl\u00e1sico ante Barcelona al momento del cambio.<\/p>\n<p>&nbsp;<\/p>\n<div class=\"nota__main-media\">\n<div class=\"nota__main-media__container\">\n<div id=\"video_77\" class=\"jwplayer jw-reset jw-state-idle jw-stretch-uniform jw-flag-aspect-mode jw-skin-bekle jw-floating-dismissible jw-keep-thumbnail jw-breakpoint-3 jw-flag-cast-available jw-flag-user-inactive\" tabindex=\"0\" role=\"application\" aria-label=\"Video Player\" aria-describedby=\"jw-video_77-shortcuts-tooltip-explanation\">\n<div class=\"jw-wrapper jw-reset\">\n<div class=\"jw-media jw-reset\"><\/div>\n<div class=\"jw-controls jw-reset\">\n<div class=\"jw-display jw-reset\">\n<div class=\"jw-display-container jw-reset\">\n<div class=\"jw-display-controls jw-reset\"><\/div>\n<\/div>\n<\/div>\n<div class=\"jw-nextup-container jw-reset\"><\/div>\n<div class=\"jw-controlbar jw-reset\">\n<div class=\"jw-reset jw-button-container\">\n<div class=\"jw-icon jw-icon-inline jw-button-color jw-reset jw-icon-cast\" tabindex=\"0\" role=\"button\" aria-label=\"Chromecast\"><\/div>\n<\/div>\n<\/div>\n<\/div>\n<\/div>\n<\/div>\n<\/div>\n<div class=\"nota__main-media__legend\"><strong>La reacci\u00f3n de Vinicius al ser reemplazado por Xabi Alonso.<\/strong><\/div>\n<\/div>\n<p>D\u00edas despu\u00e9s, el extremo brasile\u00f1o pidi\u00f3 disculpas a trav\u00e9s de sus redes sociales, pero en las mismas no nombr\u00f3 a su entrenador.<\/p>\n<div class=\"nota__image\">\n<div class=\"nota__image__legend\"><strong>El pedido de disculpas de Vini Jr. sin nombrar al DT.<\/strong><\/div>\n<\/div>\n<p>De todos modos, para el t\u00e9cnico de Real Madrid el tema est\u00e1 terminado desde el mi\u00e9rcoles y \u00e9l mismo dio los motivos en rueda de prensa.<\/p>\n<p>\u00ab<em><strong>El mi\u00e9rcoles tuvimos una reuni\u00f3n con todos los jugadores y Vini estuvo muy bien, estuvo impecable, habl\u00f3 desde el coraz\u00f3n, con sinceridad. Yo qued\u00e9 muy satisfecho y desde ese momento el asunto qued\u00f3 zanjado<\/strong><\/em>\u00ab, explic\u00f3 el entrenador de 43 a\u00f1os.<\/p>\n<p>Por otro lado, respondi\u00f3 qu\u00e9 pens\u00f3 cuando no vio su nombre en el tuit del brasile\u00f1o y su pedido de disculpas: \u00ab<em><strong>\u00bfLa omisi\u00f3n en el tuit? Para m\u00ed fue un comunicado muy valioso, muy positivo, en el que Vini demostr\u00f3 su honestidad<\/strong><\/em>\u00ab.<\/p>\n<p>&nbsp;<\/p>\n<div class=\"nota__related\"><\/div>\n<p>\u00ab<em><strong>\u00c9l habla desde el coraz\u00f3n, lo que significa este club y lo que quiere dar. Para m\u00ed lo m\u00e1s importante es lo que le dijo a sus compa\u00f1eros. Desde el mi\u00e9rcoles No\u00a0hay tema<\/strong><\/em>\u00ab, cerr\u00f3 el t\u00e9cnico vasco, dando por concluido el asunto.<\/p>\n<p>&nbsp;<\/p>\n<div class=\"nota__main-media\">\n<div class=\"nota__main-media__container\">\n<div id=\"video_75\" class=\"jwplayer jw-reset jw-state-idle jw-stretch-uniform jw-flag-aspect-mode jw-skin-bekle jw-floating-dismissible jw-keep-thumbnail jw-breakpoint-3 jw-flag-cast-available jw-flag-user-inactive\" tabindex=\"0\" role=\"application\" aria-label=\"Video Player\" aria-describedby=\"jw-video_75-shortcuts-tooltip-explanation\">\n<div class=\"jw-wrapper jw-reset\">\n<div class=\"jw-controls jw-reset\">\n<div class=\"jw-display jw-reset\">\n<div class=\"jw-display-container jw-reset\">\n<div class=\"jw-display-controls jw-reset\"><\/div>\n<\/div>\n<\/div>\n<div class=\"jw-nextup-container jw-reset\"><\/div>\n<div class=\"jw-controlbar jw-reset\">\n<div class=\"jw-reset jw-button-container\">\n<div class=\"jw-icon jw-icon-inline jw-button-color jw-reset jw-icon-cast\" tabindex=\"0\" role=\"button\" aria-label=\"Chromecast\"><\/div>\n<\/div>\n<\/div>\n<\/div>\n<\/div>\n<\/div>\n<\/div>\n<div class=\"nota__main-media__legend\"><strong>Xabi Alonso dio por cerrado el tema Vinicius.<\/strong><\/div>\n<\/div>\n<p>Real Madrid, l\u00edder absoluto de la liga espa\u00f1ola, recibir\u00e1 este s\u00e1bado a Valencia por la und\u00e9cima fecha del torneo lo<\/p>\n<\/div>\n<\/div>\n<\/div>\n<\/div>\n<\/div>\n<\/div>\n<\/div>\n<\/div>\n<\/li>\n<\/ul>\n<\/div>\n<\/div>\n","protected":false},"excerpt":{"rendered":"<p>Marcelo Bielsa exige que los jugadores respeten las sustituciones porque, al igual que \u00e9l, el jugador es un profesional y el entrenador toma decisiones como parte de su trabajo.\u00a0Bielsa considera inaceptable la hipocres\u00eda de que un jugador se enoje y proteste por una decisi\u00f3n t\u00e9cnica, cuando \u00e9l no protestar\u00eda por un error de juego de &hellip;<\/p>\n","protected":false},"author":2,"featured_media":27893,"comment_status":"open","ping_status":"open","sticky":false,"template":"","format":"standard","meta":{"footnotes":""},"categories":[72],"tags":[],"class_list":["post-27892","post","type-post","status-publish","format-standard","has-post-thumbnail","hentry","category-futbol-puro"],"_links":{"self":[{"href":"https:\/\/www.sportchaco.com.ar\/index.php?rest_route=\/wp\/v2\/posts\/27892","targetHints":{"allow":["GET"]}}],"collection":[{"href":"https:\/\/www.sportchaco.com.ar\/index.php?rest_route=\/wp\/v2\/posts"}],"about":[{"href":"https:\/\/www.sportchaco.com.ar\/index.php?rest_route=\/wp\/v2\/types\/post"}],"author":[{"embeddable":true,"href":"https:\/\/www.sportchaco.com.ar\/index.php?rest_route=\/wp\/v2\/users\/2"}],"replies":[{"embeddable":true,"href":"https:\/\/www.sportchaco.com.ar\/index.php?rest_route=%2Fwp%2Fv2%2Fcomments&post=27892"}],"version-history":[{"count":2,"href":"https:\/\/www.sportchaco.com.ar\/index.php?rest_route=\/wp\/v2\/posts\/27892\/revisions"}],"predecessor-version":[{"id":27895,"href":"https:\/\/www.sportchaco.com.ar\/index.php?rest_route=\/wp\/v2\/posts\/27892\/revisions\/27895"}],"wp:featuredmedia":[{"embeddable":true,"href":"https:\/\/www.sportchaco.com.ar\/index.php?rest_route=\/wp\/v2\/media\/27893"}],"wp:attachment":[{"href":"https:\/\/www.sportchaco.com.ar\/index.php?rest_route=%2Fwp%2Fv2%2Fmedia&parent=27892"}],"wp:term":[{"taxonomy":"category","embeddable":true,"href":"https:\/\/www.sportchaco.com.ar\/index.php?rest_route=%2Fwp%2Fv2%2Fcategories&post=27892"},{"taxonomy":"post_tag","embeddable":true,"href":"https:\/\/www.sportchaco.com.ar\/index.php?rest_route=%2Fwp%2Fv2%2Ftags&post=27892"}],"curies":[{"name":"wp","href":"https:\/\/api.w.org\/{rel}","templated":true}]}}