{"id":27912,"date":"2025-10-31T19:24:57","date_gmt":"2025-10-31T22:24:57","guid":{"rendered":"https:\/\/www.sportchaco.com.ar\/?p=27912"},"modified":"2025-10-31T19:24:57","modified_gmt":"2025-10-31T22:24:57","slug":"salto-inicial-a-las-22-villa-independiente-bbc","status":"publish","type":"post","link":"https:\/\/www.sportchaco.com.ar\/?p=27912","title":{"rendered":"Salto inicial: A las 22 Villa &#8211; Independiente BBC"},"content":{"rendered":"<header>\n<h1><\/h1>\n<h1><strong><span style=\"font-size: 16px;\">El\u00a0<\/span><em style=\"font-size: 16px; font-weight: 400;\">Tricolor<\/em><span style=\"font-size: 16px;\">\u00a0debuta esta noche a las 22 en la Liga Argentina ante Independiente de Santiago del Estero. Tras 45 d\u00edas de trabajo, el DT Eduardo \u00abChiche\u00bb Japez apuesta a la defensa, la intensidad y un plantel mixto para iniciar su primer desaf\u00edo oficial al frente del equipo chaque\u00f1o.<\/span><\/strong><\/h1>\n<div class=\"meta\"><time>31 de Octubre, 2025<br \/>\n<\/time><\/div>\n<\/header>\n<section class=\"body\">\n<section class=\"content\">\n<div class=\"main-text\">\n<div class=\"social\">\n<div class=\"share\"><\/div>\n<\/div>\n<div class=\" large m_image\">\n<figure><picture><source srcset=\"https:\/\/www.diarionorte.com\/content\/bucket\/8\/434498w790h444c.jpg.webp\" type=\"image\/webp\" media=\"(min-width: 640px)\" \/><source srcset=\"https:\/\/www.diarionorte.com\/content\/bucket\/8\/434498w440h248c.jpg.webp\" type=\"image\/webp\" media=\"(min-width: 300px)\" \/><source srcset=\"https:\/\/www.diarionorte.com\/content\/bucket\/8\/434498w790h444c.jpg\" media=\"(min-width: 300px)\" \/><img loading=\"lazy\" decoding=\"async\" class=\"pic\" src=\"https:\/\/www.diarionorte.com\/content\/bucket\/8\/434498w790h444c.jpg.webp\" alt=\"\" width=\"790\" height=\"444\" \/><\/picture><\/figure>\n<\/div>\n<p>V<strong>illa San Mart\u00edn inicia la temporada 2025-2026 de la Liga Argentina con una mezcla de entusiasmo, ambici\u00f3n y expectativa. Ser\u00e1 la d\u00e9cima campa\u00f1a consecutiva del club en la segunda categor\u00eda del b\u00e1squet nacional y el primer partido oficial de Eduardo \u00abChiche\u00bb Japez como entrenador del Tricolor, que recibe esta noche a Independiente de Santiago del Estero desde las 22.<\/strong><\/p>\n<p>\u00ab<em><strong>Lleg\u00f3 el d\u00eda. Fueron casi seis semanas de trabajo intenso, con ilusi\u00f3n y muchas ganas. Estamos bien y con el plantel completo<\/strong><\/em>\u00ab, remarc\u00f3 Japez en di\u00e1logo con NORTE, quien comenz\u00f3 la pretemporada el 15 de septiembre. El DT destac\u00f3 la solidez del rival, que mantiene una base de jugadores, y subray\u00f3 que la mirada est\u00e1 puesta en lo propio. \u00ab<em>Independiente tiene experiencia y jerarqu\u00eda, con Cristian Amicucci como referencia, pero nosotros debemos enfocarnos en nuestro equipo. Hicimos una muy buena preparaci\u00f3n y hay expectativa de que nos vaya bien\u00bb.<\/em><\/p>\n<p><strong>Gusm\u00e3o y la falta de amistosos<\/strong><\/p>\n<div class=\"left medium m_image\">\n<figure><picture><source srcset=\"https:\/\/www.diarionorte.com\/content\/bucket\/9\/434499w380h214c.jpg.webp\" type=\"image\/webp\" media=\"(min-width: 640px)\" \/><source srcset=\"https:\/\/www.diarionorte.com\/content\/bucket\/9\/434499w440h248c.jpg.webp\" type=\"image\/webp\" media=\"(min-width: 300px)\" \/><source srcset=\"https:\/\/www.diarionorte.com\/content\/bucket\/9\/434499w380h214c.jpg\" media=\"(min-width: 300px)\" \/><img loading=\"lazy\" decoding=\"async\" class=\"pic\" src=\"https:\/\/www.diarionorte.com\/content\/bucket\/9\/434499w380h214c.jpg.webp\" alt=\"\" width=\"380\" height=\"214\" \/><\/picture><\/figure>\n<\/div>\n<p>Una de las claves pasa por la recuperaci\u00f3n del pivote brasile\u00f1o R\u00f3mulo Gusm\u00e3o, quien super\u00f3 una lesi\u00f3n y estar\u00e1 disponible. \u00ab<em>Est\u00e1 f\u00edsicamente al ciento por ciento, aunque le falta ritmo. El trabajo del cuerpo m\u00e9dico y su compromiso fueron esenciales<\/em>\u00ab, valor\u00f3 el entrenador.<\/p>\n<p>Japez reconoci\u00f3 que hubiesen preferido m\u00e1s partidos de preparaci\u00f3n, ya que disputaron solo dos amistosos, aunque evit\u00f3 excusas. \u00ab<strong><em>Lo ideal eran seis juegos y nos faltaron cuatro, pero ya est\u00e1. Hay que competir\u00bb<\/em><\/strong>. Respecto a la identidad que busca para el equipo, el t\u00e9cnico fue claro. \u00ab<em>Queremos ser defensivos y, desde ah\u00ed, encontrar fluidez en ataque. Marcar el ritmo, correr cuando se pueda y jugar ordenados cuando haga falta<\/em>\u00ab.<\/p>\n<p>El plantel combina juventud con experiencia y, para Japez, esa mezcla puede ser una fortaleza. \u00ab<em>Hay un mix muy interesante. Si logramos explotar la atleticidad del grupo, vamos a ser muy fuertes defensivamente. Tambi\u00e9n hay que darles paciencia a los m\u00e1s j\u00f3venes en este proceso de construcci\u00f3n\u00bb.<\/em><\/p>\n<p><strong>\u00abEstoy en un momento de plenitud\u00bb<\/strong><\/p>\n<p>El entrenador tambi\u00e9n valor\u00f3 el desaf\u00edo personal de asumir en un club con aspiraciones y tradici\u00f3n. \u00ab<em>Estoy en un momento de plenitud. Disfruto enormemente esto y ojal\u00e1 podamos darle a la gente lo que tanto desea. El camino es paso a paso<\/em>\u00ab.\u00a0<strong>Villa San Mart\u00edn tendr\u00e1 tres partidos consecutivos como local para empezar a construir su identidad y alimentar el sue\u00f1o tricolor de ser protagonista una vez m\u00e1s. El primer paso es esta noche, ante su gente.<\/strong><\/p>\n<p><strong>Plantel tricolor en la Liga Argentina\u00a0<\/strong><\/p>\n<p>4- Santiago Rath: 24-05-2005. Posici\u00f3n: base-escolta. Estatura: 1.83 metros.<\/p>\n<p>5- Maximiliano Mart\u00edn: 22-02-1990. Posici\u00f3n: escolta-alero. Estatura: 1.90 metros.<\/p>\n<p>6- Facundo Gago: 15-05-1996. Posici\u00f3n: base. Estatura: 1.75 metros.<\/p>\n<p>7- Emir P\u00e9rez Barrios: 04-03-2005. Posici\u00f3n: base. Estatura: 1.88 metros.<\/p>\n<p>8 &#8211; Est\u00e9fano Simondi: 22-11-1996. Posici\u00f3n: ala-pivote. Estatura: 2.02 metros.<\/p>\n<p>9 -Agust\u00edn Camisasca: 11-02-2004. Posici\u00f3n: escolta-alero. Estatura: 1.89 metros.<\/p>\n<p>10 &#8211; Favio Vieta: 12-01-1996. Posici\u00f3n: base-escolta. Estatura: 1.87 metros.<\/p>\n<p>11- Lautaro Florito: 01-11-2000. Posici\u00f3n: escolta. Estatura: 1.89 metros.<\/p>\n<p>12- Maximiliano Bottaro: 22-03-2007. Posici\u00f3n: ala-pivote. Estatura: 1.95 metros.<\/p>\n<p>13- Gael Carrasco: 22-09-2009. Posici\u00f3n: base-escolta. Estatura: 1.89 metros.<\/p>\n<p>15- \u00a0Valentino Bar\u00faa: 13-05-2004. Posici\u00f3n: pivote Estatura: 1.97 metros.<\/p>\n<p>16- R\u00f3mulo Gusmao: 01-10-1995. Posici\u00f3n: pivote. Estatura: 2.08 metros.<\/p>\n<p>18- Eli\u00e1n Centeno: 18-07-2000. Posici\u00f3n: pivote. Estatura: 2.02 metros.<\/p>\n<div class=\" large m_image\">\n<figure><picture><source srcset=\"https:\/\/www.diarionorte.com\/content\/bucket\/1\/434501w790h476c.jpg.webp\" type=\"image\/webp\" media=\"(min-width: 640px)\" \/><source srcset=\"https:\/\/www.diarionorte.com\/content\/bucket\/1\/434501w440h265c.jpg.webp\" type=\"image\/webp\" media=\"(min-width: 300px)\" \/><source srcset=\"https:\/\/www.diarionorte.com\/content\/bucket\/1\/434501w790h476c.jpg\" media=\"(min-width: 300px)\" \/><img loading=\"lazy\" decoding=\"async\" class=\"pic\" src=\"https:\/\/www.diarionorte.com\/content\/bucket\/1\/434501w790h476c.jpg.webp\" alt=\"\" width=\"790\" height=\"476\" \/><\/picture><\/figure>\n<\/div>\n<p><strong>El santiague\u00f1o<\/strong><\/p>\n<p>Independiente de Santiago del Estero mantuvo una base importante de la temporada anterior, donde disput\u00f3 la competencia hasta las instancias finales (quinto juego de la Conferencia Norte vs Sportivo Suardi en el Torneo Clausura). Con un par de extranjeros y la capacidad de Amicucci en la zona pintada, el conjunto del chaque\u00f1o Eric Rovner se presenta como un rival complicado para cualquier equipo de la Conferencia Norte. El hecho hist\u00f3rico, de la entidad santiaguina, es que Lorenzo y Cristian (padre e hijo) comparten equipo.<\/p>\n<p><em><strong>El plantel:\u00a0<\/strong><\/em><\/p>\n<div class=\"left medium m_image\">\n<figure><picture><source srcset=\"https:\/\/www.diarionorte.com\/content\/bucket\/0\/434500w380h475c.jpg.webp\" type=\"image\/webp\" media=\"(min-width: 640px)\" \/><source srcset=\"https:\/\/www.diarionorte.com\/content\/bucket\/0\/434500w440h550c.jpg.webp\" type=\"image\/webp\" media=\"(min-width: 300px)\" \/><source srcset=\"https:\/\/www.diarionorte.com\/content\/bucket\/0\/434500w380h475c.jpg\" media=\"(min-width: 300px)\" \/><img loading=\"lazy\" decoding=\"async\" class=\"pic\" src=\"https:\/\/www.diarionorte.com\/content\/bucket\/0\/434500w380h475c.jpg.webp\" alt=\"\" width=\"380\" height=\"475\" \/><\/picture><\/figure>\n<\/div>\n<p>2- Facundo Campos<\/p>\n<p>3- Joaqu\u00edn Baeza<\/p>\n<p>4- Kobe Julien<\/p>\n<p>6- Mat\u00edas Morera<\/p>\n<p>8- Jerem\u00edas Ledesma<\/p>\n<p>9- Cristian Amicucci (c)<\/p>\n<p>10- Adri\u00e1n Lange<\/p>\n<p>11- Luiggi Oieni<\/p>\n<p>12- Nicol\u00e1s Kalalo<\/p>\n<p>15- Aldimir Castillo<\/p>\n<p>20- Estefano Zarco<\/p>\n<p>55- Lorenzo Amicucci<\/p>\n<p>DT: Eric Rovner<\/p>\n<\/div>\n<p>Fuente: Guillermo Koster &#8211; Diario Norte<\/p>\n<\/section>\n<\/section>\n","protected":false},"excerpt":{"rendered":"<p>El\u00a0Tricolor\u00a0debuta esta noche a las 22 en la Liga Argentina ante Independiente de Santiago del Estero. Tras 45 d\u00edas de trabajo, el DT Eduardo \u00abChiche\u00bb Japez apuesta a la defensa, la intensidad y un plantel mixto para iniciar su primer desaf\u00edo oficial al frente del equipo chaque\u00f1o. 31 de Octubre, 2025 Villa San Mart\u00edn inicia &hellip;<\/p>\n","protected":false},"author":2,"featured_media":27918,"comment_status":"open","ping_status":"open","sticky":false,"template":"","format":"standard","meta":{"footnotes":""},"categories":[3],"tags":[],"class_list":["post-27912","post","type-post","status-publish","format-standard","has-post-thumbnail","hentry","category-basquetbol"],"_links":{"self":[{"href":"https:\/\/www.sportchaco.com.ar\/index.php?rest_route=\/wp\/v2\/posts\/27912","targetHints":{"allow":["GET"]}}],"collection":[{"href":"https:\/\/www.sportchaco.com.ar\/index.php?rest_route=\/wp\/v2\/posts"}],"about":[{"href":"https:\/\/www.sportchaco.com.ar\/index.php?rest_route=\/wp\/v2\/types\/post"}],"author":[{"embeddable":true,"href":"https:\/\/www.sportchaco.com.ar\/index.php?rest_route=\/wp\/v2\/users\/2"}],"replies":[{"embeddable":true,"href":"https:\/\/www.sportchaco.com.ar\/index.php?rest_route=%2Fwp%2Fv2%2Fcomments&post=27912"}],"version-history":[{"count":1,"href":"https:\/\/www.sportchaco.com.ar\/index.php?rest_route=\/wp\/v2\/posts\/27912\/revisions"}],"predecessor-version":[{"id":27919,"href":"https:\/\/www.sportchaco.com.ar\/index.php?rest_route=\/wp\/v2\/posts\/27912\/revisions\/27919"}],"wp:featuredmedia":[{"embeddable":true,"href":"https:\/\/www.sportchaco.com.ar\/index.php?rest_route=\/wp\/v2\/media\/27918"}],"wp:attachment":[{"href":"https:\/\/www.sportchaco.com.ar\/index.php?rest_route=%2Fwp%2Fv2%2Fmedia&parent=27912"}],"wp:term":[{"taxonomy":"category","embeddable":true,"href":"https:\/\/www.sportchaco.com.ar\/index.php?rest_route=%2Fwp%2Fv2%2Fcategories&post=27912"},{"taxonomy":"post_tag","embeddable":true,"href":"https:\/\/www.sportchaco.com.ar\/index.php?rest_route=%2Fwp%2Fv2%2Ftags&post=27912"}],"curies":[{"name":"wp","href":"https:\/\/api.w.org\/{rel}","templated":true}]}}