{"id":27920,"date":"2025-10-31T19:39:32","date_gmt":"2025-10-31T22:39:32","guid":{"rendered":"https:\/\/www.sportchaco.com.ar\/?p=27920"},"modified":"2025-10-31T19:41:05","modified_gmt":"2025-10-31T22:41:05","slug":"tapia-le-marco-la-cancha-a-los-dirigentes-de-san-lorenzo","status":"publish","type":"post","link":"https:\/\/www.sportchaco.com.ar\/?p=27920","title":{"rendered":"Tapia le marc\u00f3 la cancha a los dirigentes de San Lorenzo"},"content":{"rendered":"<header><span class=\"header\"><br \/>\n<\/span><\/p>\n<h1><span style=\"font-size: 16px; font-weight: 400;\">31-10-2025<\/span><\/h1>\n<h1><\/h1>\n<h1>Claudio Tapia: \u00abSi quieren volver a San Lorenzo una SAD, lo desafilio\u00bb. El presidente de la AFA<\/h1>\n<h1><\/h1>\n<\/header>\n<section class=\"body\">\n<section class=\"content\">\n<div class=\"main-text\">\n<div class=\"social\">\n<div class=\"share\"><\/div>\n<\/div>\n<p>El presidente de la Asociaci\u00f3n del F\u00fatbol Argentino, Claudio Tapia, convoc\u00f3 a la Comisi\u00f3n Directiva de San Lorenzo en Ezeiza y exigi\u00f3 una posici\u00f3n institucional clara ante los trascendidos sobre un eventual avance hacia un modelo de Sociedad An\u00f3nima Deportiva.<\/p>\n<div class=\" large m_image\">\n<figure><picture><source srcset=\"https:\/\/www.diarionorte.com\/content\/bucket\/6\/434536w790h527c.jpg.webp\" type=\"image\/webp\" media=\"(min-width: 640px)\" \/><source srcset=\"https:\/\/www.diarionorte.com\/content\/bucket\/6\/434536w440h293c.jpg.webp\" type=\"image\/webp\" media=\"(min-width: 300px)\" \/><source srcset=\"https:\/\/www.diarionorte.com\/content\/bucket\/6\/434536w790h527c.jpg\" media=\"(min-width: 300px)\" \/><img loading=\"lazy\" decoding=\"async\" class=\"pic\" src=\"https:\/\/www.diarionorte.com\/content\/bucket\/6\/434536w790h527c.jpg.webp\" alt=\"\" width=\"790\" height=\"527\" \/><\/picture><\/figure>\n<\/div>\n<p>Adem\u00e1s, Tapia pidi\u00f3 una soluci\u00f3n interna, otorg\u00f3 plazo hasta despu\u00e9s del fin de semana para presentar una definici\u00f3n y remarc\u00f3 que cualquier medida deber\u00e1 ajustarse al estatuto y a la normativa vigente, que no habilitan la conformaci\u00f3n de SAD en el f\u00fatbol argentino.<\/p>\n<p>En el inicio del encuentro, Tapia afirm\u00f3 contar con informaci\u00f3n sobre una supuesta firma vinculada a un proyecto para transformar a San Lorenzo en una Sociedad An\u00f3nima Deportiva, seg\u00fan informaron fuentes a Noticias Argentinas.<\/p>\n<p>La gran novedad fue la aparici\u00f3n del expresidente Mat\u00edas Lammens, desde septiembre de 2012 hasta diciembre de 2019, quien no se adentraba de lleno en la vida institucional del club desde antes de finalizar su mandato.<\/p>\n<p>El dirigente Manuel Agote fue el causante del enojo de Tapia, ya que al protestar por la presencia de Moretti y Lammens en la misma sala, decidi\u00f3 abandonar la reuni\u00f3n al grito de \u00abtraidor\u00bb para el ex mandatario. Ante esto, el presidente de AFA sentenci\u00f3 que si la Inspecci\u00f3n General de Justicia (IGJ) interviene el club, iba a desafiliar a San Lorenzo.<\/p>\n<p>Frente a la consulta del dirigente Ulises Morales sobre el margen de acci\u00f3n de la Comisi\u00f3n Directiva, Tapia respondi\u00f3 que el club posee libertad para resolver su futuro, siempre dentro de las restricciones estatutarias que impiden avanzar hacia un esquema societario privado y sostuvo que la conducci\u00f3n deber\u00e1 aclarar p\u00fablicamente su posici\u00f3n para evitar especulaciones que puedan afectar la estabilidad institucional.<\/p>\n<p>La reuni\u00f3n se extendi\u00f3 durante aproximadamente una hora. Tras la salida de Tapia, la Comisi\u00f3n Directiva continu\u00f3 deliberando en privado, con la presencia de Marcelo Moretti.<\/p>\n<p>A la reuni\u00f3n asistieron: Marcelo Moretti, Emiliano Rodr\u00edguez, N\u00e9stor Ortigoza, Sergio Costantino, Agote, Pablo Levalle, Leandro Goroyesky, Pablo Garc\u00eda Lago, Sergio Tammer, Javier Allievi, Mart\u00edn Cigna, Bel\u00e9n Lugones, Carina Far\u00edas, Horacio Arreceygor, Uriel Barros, Ulises Morales, Cristhian Evangelista, Dami\u00e1n Terzano, Soledas Boufflet, Lammens, Mateo Sagardoy, Mariano Marino y Marcelo Culotta.<\/p>\n<\/div>\n<\/section>\n<\/section>\n","protected":false},"excerpt":{"rendered":"<p>31-10-2025 Claudio Tapia: \u00abSi quieren volver a San Lorenzo una SAD, lo desafilio\u00bb. El presidente de la AFA El presidente de la Asociaci\u00f3n del F\u00fatbol Argentino, Claudio Tapia, convoc\u00f3 a la Comisi\u00f3n Directiva de San Lorenzo en Ezeiza y exigi\u00f3 una posici\u00f3n institucional clara ante los trascendidos sobre un eventual avance hacia un modelo de &hellip;<\/p>\n","protected":false},"author":2,"featured_media":27921,"comment_status":"open","ping_status":"open","sticky":false,"template":"","format":"standard","meta":{"footnotes":""},"categories":[72],"tags":[],"class_list":["post-27920","post","type-post","status-publish","format-standard","has-post-thumbnail","hentry","category-futbol-puro"],"_links":{"self":[{"href":"https:\/\/www.sportchaco.com.ar\/index.php?rest_route=\/wp\/v2\/posts\/27920","targetHints":{"allow":["GET"]}}],"collection":[{"href":"https:\/\/www.sportchaco.com.ar\/index.php?rest_route=\/wp\/v2\/posts"}],"about":[{"href":"https:\/\/www.sportchaco.com.ar\/index.php?rest_route=\/wp\/v2\/types\/post"}],"author":[{"embeddable":true,"href":"https:\/\/www.sportchaco.com.ar\/index.php?rest_route=\/wp\/v2\/users\/2"}],"replies":[{"embeddable":true,"href":"https:\/\/www.sportchaco.com.ar\/index.php?rest_route=%2Fwp%2Fv2%2Fcomments&post=27920"}],"version-history":[{"count":1,"href":"https:\/\/www.sportchaco.com.ar\/index.php?rest_route=\/wp\/v2\/posts\/27920\/revisions"}],"predecessor-version":[{"id":27922,"href":"https:\/\/www.sportchaco.com.ar\/index.php?rest_route=\/wp\/v2\/posts\/27920\/revisions\/27922"}],"wp:featuredmedia":[{"embeddable":true,"href":"https:\/\/www.sportchaco.com.ar\/index.php?rest_route=\/wp\/v2\/media\/27921"}],"wp:attachment":[{"href":"https:\/\/www.sportchaco.com.ar\/index.php?rest_route=%2Fwp%2Fv2%2Fmedia&parent=27920"}],"wp:term":[{"taxonomy":"category","embeddable":true,"href":"https:\/\/www.sportchaco.com.ar\/index.php?rest_route=%2Fwp%2Fv2%2Fcategories&post=27920"},{"taxonomy":"post_tag","embeddable":true,"href":"https:\/\/www.sportchaco.com.ar\/index.php?rest_route=%2Fwp%2Fv2%2Ftags&post=27920"}],"curies":[{"name":"wp","href":"https:\/\/api.w.org\/{rel}","templated":true}]}}