{"id":27942,"date":"2025-11-01T01:14:51","date_gmt":"2025-11-01T04:14:51","guid":{"rendered":"https:\/\/www.sportchaco.com.ar\/?p=27942"},"modified":"2025-11-01T01:14:51","modified_gmt":"2025-11-01T04:14:51","slug":"efemerides-de-1-de-noviembre","status":"publish","type":"post","link":"https:\/\/www.sportchaco.com.ar\/?p=27942","title":{"rendered":"Efem\u00e9rides de 1 de noviembre"},"content":{"rendered":"<div class=\"container fullwidth-entry-title-wrapper\">\n<div class=\"container-wrapper fullwidth-entry-title\">\n<header class=\"entry-header-outer\">\n<div class=\"entry-header\">\n<h1 class=\"post-title entry-title\"><\/h1>\n<div class=\"single-post-meta post-meta clearfix\">\n<div class=\"tie-alignright\"><\/div>\n<\/div>\n<\/div>\n<\/header>\n<\/div>\n<\/div>\n<div id=\"content\" class=\"site-content container\">\n<div id=\"main-content-row\" class=\"tie-row main-content-row\">\n<div class=\"main-content tie-col-md-8 tie-col-xs-12\" role=\"main\">\n<article id=\"the-post\" class=\"container-wrapper post-content tie-standard\">\n<div class=\"featured-area\">\n<div class=\"featured-area-inner\">\n<figure class=\"single-featured-image\"><\/figure>\n<p>&nbsp;<\/p>\n<\/div>\n<\/div>\n<div class=\"entry-content entry clearfix\">\n<h5><strong>Efem\u00e9rides del deporte chaque\u00f1o de un 1 de noviembre por el periodista Luis Dar\u00edo Molodezky.<\/strong><\/h5>\n<h5 style=\"text-align: center;\"><strong> <img loading=\"lazy\" decoding=\"async\" class=\"alignnone size-medium wp-image-27686\" src=\"https:\/\/www.sportchaco.com.ar\/wp-content\/uploads\/2025\/10\/Luis-dario-carita-2-300x237.jpeg\" alt=\"\" width=\"300\" height=\"237\" srcset=\"https:\/\/www.sportchaco.com.ar\/wp-content\/uploads\/2025\/10\/Luis-dario-carita-2-300x237.jpeg 300w, https:\/\/www.sportchaco.com.ar\/wp-content\/uploads\/2025\/10\/Luis-dario-carita-2-768x606.jpeg 768w, https:\/\/www.sportchaco.com.ar\/wp-content\/uploads\/2025\/10\/Luis-dario-carita-2.jpeg 809w\" sizes=\"auto, (max-width: 300px) 100vw, 300px\" \/><\/strong><\/h5>\n<p>&nbsp;<\/p>\n<p><strong>1952\u00a0<\/strong>\/ Nace el Club Atl\u00e9tico Falucho, en la Colonia El Zapallar, luego ciudad de General San Mart\u00edn.<\/p>\n<p>&nbsp;<\/p>\n<p><strong>1982\u00a0<\/strong>\/ Alejandro Pirota es convocado para integrar el Seleccionado Argentino de B\u00e1squetbol en el Sudamericano de San Pablo Brasil que se disputar\u00e1 a fines de ese mes.<\/p>\n<p>&nbsp;<\/p>\n<p><strong>2004 \/<\/strong>\u00a0Santiago Moreno Kaenel Campe\u00f3n Argentino Sub 10 de Ajedrez en Carlos Paz, C\u00f3rdoba, clasifica al Mundial de Grecia de la Categor\u00eda<\/p>\n<p>&nbsp;<\/p>\n<p><strong>2006\u00a0<\/strong>\/ En el Torneo Nacional Federativo de Gimnasia Art\u00edstica masculina realizado en la ciudad de Villa Carlos Paz, C\u00f3rdoba, el chaque\u00f1o Nicol\u00e1s Posanzini se consagra campe\u00f3n argentino en nivel C categor\u00eda menores, compitiendo en cuatro aparatos.<\/p>\n<p>&nbsp;<\/p>\n<p>&nbsp;<\/p>\n<p><strong>Foto portada de Alejandro \u00abPuma\u00bb Pirota<\/strong><\/p>\n<div class=\"post-bottom-meta post-bottom-edit\">\n<div class=\"post-bottom-meta-title\"><\/div>\n<\/div>\n<\/div>\n<\/article>\n<\/div>\n<\/div>\n<\/div>\n","protected":false},"excerpt":{"rendered":"<p>&nbsp; Efem\u00e9rides del deporte chaque\u00f1o de un 1 de noviembre por el periodista Luis Dar\u00edo Molodezky. &nbsp; 1952\u00a0\/ Nace el Club Atl\u00e9tico Falucho, en la Colonia El Zapallar, luego ciudad de General San Mart\u00edn. &nbsp; 1982\u00a0\/ Alejandro Pirota es convocado para integrar el Seleccionado Argentino de B\u00e1squetbol en el Sudamericano de San Pablo Brasil que &hellip;<\/p>\n","protected":false},"author":2,"featured_media":27943,"comment_status":"open","ping_status":"open","sticky":false,"template":"","format":"standard","meta":{"footnotes":""},"categories":[45,41],"tags":[],"class_list":["post-27942","post","type-post","status-publish","format-standard","has-post-thumbnail","hentry","category-efemerides-dia-por-dia","category-noviembre"],"_links":{"self":[{"href":"https:\/\/www.sportchaco.com.ar\/index.php?rest_route=\/wp\/v2\/posts\/27942","targetHints":{"allow":["GET"]}}],"collection":[{"href":"https:\/\/www.sportchaco.com.ar\/index.php?rest_route=\/wp\/v2\/posts"}],"about":[{"href":"https:\/\/www.sportchaco.com.ar\/index.php?rest_route=\/wp\/v2\/types\/post"}],"author":[{"embeddable":true,"href":"https:\/\/www.sportchaco.com.ar\/index.php?rest_route=\/wp\/v2\/users\/2"}],"replies":[{"embeddable":true,"href":"https:\/\/www.sportchaco.com.ar\/index.php?rest_route=%2Fwp%2Fv2%2Fcomments&post=27942"}],"version-history":[{"count":1,"href":"https:\/\/www.sportchaco.com.ar\/index.php?rest_route=\/wp\/v2\/posts\/27942\/revisions"}],"predecessor-version":[{"id":27944,"href":"https:\/\/www.sportchaco.com.ar\/index.php?rest_route=\/wp\/v2\/posts\/27942\/revisions\/27944"}],"wp:featuredmedia":[{"embeddable":true,"href":"https:\/\/www.sportchaco.com.ar\/index.php?rest_route=\/wp\/v2\/media\/27943"}],"wp:attachment":[{"href":"https:\/\/www.sportchaco.com.ar\/index.php?rest_route=%2Fwp%2Fv2%2Fmedia&parent=27942"}],"wp:term":[{"taxonomy":"category","embeddable":true,"href":"https:\/\/www.sportchaco.com.ar\/index.php?rest_route=%2Fwp%2Fv2%2Fcategories&post=27942"},{"taxonomy":"post_tag","embeddable":true,"href":"https:\/\/www.sportchaco.com.ar\/index.php?rest_route=%2Fwp%2Fv2%2Ftags&post=27942"}],"curies":[{"name":"wp","href":"https:\/\/api.w.org\/{rel}","templated":true}]}}