{"id":27958,"date":"2025-11-01T23:09:22","date_gmt":"2025-11-02T02:09:22","guid":{"rendered":"https:\/\/www.sportchaco.com.ar\/?p=27958"},"modified":"2025-11-04T19:05:51","modified_gmt":"2025-11-04T22:05:51","slug":"finalizo-el-super-sabado-de-regional-amateur","status":"publish","type":"post","link":"https:\/\/www.sportchaco.com.ar\/?p=27958","title":{"rendered":"Finaliz\u00f3 el s\u00faper s\u00e1bado de Regional Amateur"},"content":{"rendered":"<p><strong>01-11-2025<\/strong><\/p>\n<p><img loading=\"lazy\" decoding=\"async\" class=\"aligncenter size-large wp-image-20099\" src=\"https:\/\/www.sportchaco.com.ar\/wp-content\/uploads\/2025\/06\/728x90-1024x127.gif\" sizes=\"auto, (max-width: 1024px) 100vw, 1024px\" srcset=\"https:\/\/www.sportchaco.com.ar\/wp-content\/uploads\/2025\/06\/728x90-1024x127.gif 1024w, https:\/\/www.sportchaco.com.ar\/wp-content\/uploads\/2025\/06\/728x90-300x37.gif 300w, https:\/\/www.sportchaco.com.ar\/wp-content\/uploads\/2025\/06\/728x90-768x95.gif 768w, https:\/\/www.sportchaco.com.ar\/wp-content\/uploads\/2025\/06\/728x90-1536x190.gif 1536w, https:\/\/www.sportchaco.com.ar\/wp-content\/uploads\/2025\/06\/728x90-2048x254.gif 2048w\" alt=\"\" width=\"1024\" height=\"127\" \/><\/p>\n<p>Este s\u00e1bado se llevaron adelante de manera \u00edntegra los partidos de la 2\u00aa fecha de la Regi\u00f3n Litoral Norte del Regional Amateur para los equipos chaque\u00f1os.<\/p>\n<p>Por la zona 8, Regional venci\u00f3 como local a Uni\u00f3n de Machagai y, en Barranqueras, Defensores se impuso por la m\u00ednima a Estudiantes. Ahora todos en el grupo tiene un triunfo y una derrota.<\/p>\n<p>En la zona 9, Policiales gole\u00f3 como local a Hurac\u00e1n de Vedia y Fontana hizo lo mismo, pero en General Roca con Deportivo Municipal y ahora lidera el grupo en soledad y con puntaje ideal.<\/p>\n<p>Ya en la zona 10, Cultural de Castelli se qued\u00f3 con el duelo de l\u00edderes tras ganarle a Comercio de Santa Sylvina y en el choque de perdedores, Cooperativa en Villa Berthet derrot\u00f3 a Uni\u00f3n de Pampa Alegr\u00eda.<\/p>\n<p><strong>REGI\u00d3N LITORAL NORTE<br \/>\n2\u00aa FECHA<\/strong><br \/>\n<strong>ZONA 8<\/strong><strong><br \/>\nS\u00e1bado 01-11<\/strong><br \/>\nRegional 2 \u2013 Uni\u00f3n (Machagai) 0<br \/>\nDefensores 1 \u2013 Estudiantes 0<\/p>\n<p><strong>ZONA 9<\/strong><strong><br \/>\nS\u00e1bado 01-11<br \/>\n<\/strong>Policiales 3 \u2013 Hurac\u00e1n (Vedia) 0<strong><br \/>\n<\/strong>Dep. Municipal (Gral. Roca) 0 \u2013 Fontana 3<\/p>\n<p><strong>ZONA 10<\/strong><br \/>\n<strong>S\u00e1bado 01-11<\/strong><br \/>\nCultural (Castelli) 2 \u2013 Comercio (Santa Sylvina) 0<br \/>\nCooperativa (Villa Berthet) 3 \u2013 Uni\u00f3n (Pampa Alegr\u00eda) 1<\/p>\n<p><strong>POSICIONES<\/strong><br \/>\n<strong>ZONA 8<\/strong><br \/>\nRegional (Resistencia) 3<br \/>\nDefensores (Vilelas) 3<br \/>\nEstudiantes (Resistencia) 3<br \/>\nUni\u00f3n (Machagai) 3<\/p>\n<p><strong>ZONA 9<\/strong><br \/>\nFontana 6<br \/>\nPoliciales (Resistencia) 3<br \/>\nDep. Municipal (Gral. Roca) 3<br \/>\nHurac\u00e1n (Vedia) 0<\/p>\n<p><strong>ZONA 10<\/strong><br \/>\nCultural (Castelli) 6<br \/>\nComercio (Santa Sylvina) 3<br \/>\nCooperativa (Villa Berthet) 3<br \/>\nUni\u00f3n (Pampa Alegr\u00eda) 0<\/p>\n<p><strong>PR\u00d3XIMA FECHA (3\u00aa)<\/strong><br \/>\n<strong>ZONA 8<\/strong><br \/>\nUni\u00f3n (Machagai) &#8211; Estudiantes<br \/>\nRegional &#8211; Defensores<\/p>\n<p><strong>ZONA 9<\/strong><br \/>\nFontana &#8211; Hurac\u00e1n (Vedia)<br \/>\nDep. Municipal (Gral. Roca) &#8211; Policiales<\/p>\n<p><strong>ZONA 10<\/strong><br \/>\nUni\u00f3n (Pampa Alegr\u00eda) &#8211; Comercio (Santa Sylvina)<br \/>\nCooperativa (Villa Berthet) &#8211; Cultural (Castelli)<\/p>\n<p><em><strong>Foto: Gentileza Prensa Regional\u00a0<\/strong><\/em><\/p>\n<p><img loading=\"lazy\" decoding=\"async\" class=\"aligncenter size-full wp-image-21633\" src=\"https:\/\/www.sportchaco.com.ar\/wp-content\/uploads\/2025\/07\/PARQUE-SOLAR_200x200-01-1.gif\" alt=\"\" width=\"417\" height=\"417\" \/><\/p>\n","protected":false},"excerpt":{"rendered":"<p>01-11-2025 Este s\u00e1bado se llevaron adelante de manera \u00edntegra los partidos de la 2\u00aa fecha de la Regi\u00f3n Litoral Norte del Regional Amateur para los equipos chaque\u00f1os. Por la zona 8, Regional venci\u00f3 como local a Uni\u00f3n de Machagai y, en Barranqueras, Defensores se impuso por la m\u00ednima a Estudiantes. Ahora todos en el grupo &hellip;<\/p>\n","protected":false},"author":3,"featured_media":28000,"comment_status":"open","ping_status":"open","sticky":false,"template":"","format":"standard","meta":{"footnotes":""},"categories":[5],"tags":[],"class_list":["post-27958","post","type-post","status-publish","format-standard","has-post-thumbnail","hentry","category-futbol"],"_links":{"self":[{"href":"https:\/\/www.sportchaco.com.ar\/index.php?rest_route=\/wp\/v2\/posts\/27958","targetHints":{"allow":["GET"]}}],"collection":[{"href":"https:\/\/www.sportchaco.com.ar\/index.php?rest_route=\/wp\/v2\/posts"}],"about":[{"href":"https:\/\/www.sportchaco.com.ar\/index.php?rest_route=\/wp\/v2\/types\/post"}],"author":[{"embeddable":true,"href":"https:\/\/www.sportchaco.com.ar\/index.php?rest_route=\/wp\/v2\/users\/3"}],"replies":[{"embeddable":true,"href":"https:\/\/www.sportchaco.com.ar\/index.php?rest_route=%2Fwp%2Fv2%2Fcomments&post=27958"}],"version-history":[{"count":8,"href":"https:\/\/www.sportchaco.com.ar\/index.php?rest_route=\/wp\/v2\/posts\/27958\/revisions"}],"predecessor-version":[{"id":28166,"href":"https:\/\/www.sportchaco.com.ar\/index.php?rest_route=\/wp\/v2\/posts\/27958\/revisions\/28166"}],"wp:featuredmedia":[{"embeddable":true,"href":"https:\/\/www.sportchaco.com.ar\/index.php?rest_route=\/wp\/v2\/media\/28000"}],"wp:attachment":[{"href":"https:\/\/www.sportchaco.com.ar\/index.php?rest_route=%2Fwp%2Fv2%2Fmedia&parent=27958"}],"wp:term":[{"taxonomy":"category","embeddable":true,"href":"https:\/\/www.sportchaco.com.ar\/index.php?rest_route=%2Fwp%2Fv2%2Fcategories&post=27958"},{"taxonomy":"post_tag","embeddable":true,"href":"https:\/\/www.sportchaco.com.ar\/index.php?rest_route=%2Fwp%2Fv2%2Ftags&post=27958"}],"curies":[{"name":"wp","href":"https:\/\/api.w.org\/{rel}","templated":true}]}}