{"id":27973,"date":"2025-11-02T00:57:46","date_gmt":"2025-11-02T03:57:46","guid":{"rendered":"https:\/\/www.sportchaco.com.ar\/?p=27973"},"modified":"2025-11-02T00:57:49","modified_gmt":"2025-11-02T03:57:49","slug":"27973","status":"publish","type":"post","link":"https:\/\/www.sportchaco.com.ar\/?p=27973","title":{"rendered":"Efem\u00e9rides del 2 de noviembre"},"content":{"rendered":"<div class=\"container fullwidth-entry-title-wrapper\">\n<div class=\"container-wrapper fullwidth-entry-title\">\n<header class=\"entry-header-outer\">\n<div class=\"entry-header\">\n<div class=\"single-post-meta post-meta clearfix\">\n<div class=\"tie-alignright\">022<\/div>\n<\/div>\n<\/div>\n<\/header>\n<\/div>\n<\/div>\n<div id=\"content\" class=\"site-content container\">\n<div id=\"main-content-row\" class=\"tie-row main-content-row\">\n<div class=\"main-content tie-col-md-8 tie-col-xs-12\" role=\"main\">\n<article id=\"the-post\" class=\"container-wrapper post-content tie-standard\">\n<div class=\"entry-content entry clearfix\">\n<div class=\"container fullwidth-entry-title-wrapper\">\n<div class=\"container-wrapper fullwidth-entry-title\">\n<header class=\"entry-header-outer\">\n<div class=\"entry-header\">\n<div class=\"single-post-meta post-meta clearfix\"><\/div>\n<\/div>\n<\/header>\n<\/div>\n<\/div>\n<div id=\"content\" class=\"site-content container\">\n<div id=\"main-content-row\" class=\"tie-row main-content-row\">\n<div class=\"main-content tie-col-md-8 tie-col-xs-12\" role=\"main\">\n<article id=\"the-post\" class=\"container-wrapper post-content tie-standard\">\n<div class=\"featured-area\">\n<div class=\"featured-area-inner\"><\/div>\n<\/div>\n<div class=\"entry-content entry clearfix\">\n<h5><strong>Esta es la Efem\u00e9rides del Deporte en el Chaco de un 2 de noviembre del periodista Luis Dar\u00edo Molodezky.<\/strong><\/h5>\n<p><strong>\u00a0<\/strong><\/p>\n<p><img loading=\"lazy\" decoding=\"async\" class=\"alignnone size-medium wp-image-27974 aligncenter\" src=\"https:\/\/www.sportchaco.com.ar\/wp-content\/uploads\/2025\/11\/Luis-Dario-Molodezky-2025-1-e1762034636356-300x298.jpg\" alt=\"\" width=\"300\" height=\"298\" srcset=\"https:\/\/www.sportchaco.com.ar\/wp-content\/uploads\/2025\/11\/Luis-Dario-Molodezky-2025-1-e1762034636356-300x298.jpg 300w, https:\/\/www.sportchaco.com.ar\/wp-content\/uploads\/2025\/11\/Luis-Dario-Molodezky-2025-1-e1762034636356-150x150.jpg 150w, https:\/\/www.sportchaco.com.ar\/wp-content\/uploads\/2025\/11\/Luis-Dario-Molodezky-2025-1-e1762034636356.jpg 555w\" sizes=\"auto, (max-width: 300px) 100vw, 300px\" \/><\/p>\n<p><strong>1921 \/\u00a0<\/strong>Fallece en Resistencia Rodolfo Gabardini. En 1913 asume la presidencia del Tiro Federal de Resistencia, tras la renuncia de su titular Capit\u00e1n Arbo y Blanco, a menos de un a\u00f1o de la fundaci\u00f3n de la instituci\u00f3n, ya que hab\u00eda sido elegido el 7 de septiembre del a\u00f1o anterior como vice. Gabardini hab\u00eda nacido en Como, Italia, el 27 de septiembre de 1855. En 1888 hab\u00eda fundado la Casa que lleva hasta hoy su nombre.\u00a0 Fue concejal de Resistencia ocupando la presidencia en 1894<strong>.\u00a0<\/strong>La calle 7 de la Avenida Sarmiento lleva su nombre.<\/p>\n<p><strong>1962\u00a0<\/strong>\/ Se funda el Club Deportivo Los Andes de Barranqueras. Tuvo destacada actuaci\u00f3n en los torneos infantiles de Radio Chaco y la canchita de Ayacucho. Luego se incorpor\u00f3 a la Liga Chaque\u00f1a de F\u00fatbol. De all\u00ed surgieron grandes figuras del f\u00fatbol chaque\u00f1o.<\/p>\n<p><img loading=\"lazy\" decoding=\"async\" class=\"alignnone size-medium wp-image-27977\" src=\"https:\/\/www.sportchaco.com.ar\/wp-content\/uploads\/2025\/11\/Rodolfo-Gabardini-1-360x470-2-230x300.jpg\" alt=\"\" width=\"230\" height=\"300\" srcset=\"https:\/\/www.sportchaco.com.ar\/wp-content\/uploads\/2025\/11\/Rodolfo-Gabardini-1-360x470-2-230x300.jpg 230w, https:\/\/www.sportchaco.com.ar\/wp-content\/uploads\/2025\/11\/Rodolfo-Gabardini-1-360x470-2.jpg 360w\" sizes=\"auto, (max-width: 230px) 100vw, 230px\" \/><\/p>\n<p><strong>Foto portada de Rodolfo Gabardini<\/strong><\/p>\n<\/div>\n<\/article>\n<\/div>\n<\/div>\n<\/div>\n<p>&nbsp;<\/p>\n<\/div>\n<\/article>\n<\/div>\n<\/div>\n<\/div>\n","protected":false},"excerpt":{"rendered":"<p>022 Esta es la Efem\u00e9rides del Deporte en el Chaco de un 2 de noviembre del periodista Luis Dar\u00edo Molodezky. \u00a0 1921 \/\u00a0Fallece en Resistencia Rodolfo Gabardini. En 1913 asume la presidencia del Tiro Federal de Resistencia, tras la renuncia de su titular Capit\u00e1n Arbo y Blanco, a menos de un a\u00f1o de la fundaci\u00f3n &hellip;<\/p>\n","protected":false},"author":2,"featured_media":27975,"comment_status":"open","ping_status":"open","sticky":false,"template":"","format":"standard","meta":{"footnotes":""},"categories":[45,41],"tags":[],"class_list":["post-27973","post","type-post","status-publish","format-standard","has-post-thumbnail","hentry","category-efemerides-dia-por-dia","category-noviembre"],"_links":{"self":[{"href":"https:\/\/www.sportchaco.com.ar\/index.php?rest_route=\/wp\/v2\/posts\/27973","targetHints":{"allow":["GET"]}}],"collection":[{"href":"https:\/\/www.sportchaco.com.ar\/index.php?rest_route=\/wp\/v2\/posts"}],"about":[{"href":"https:\/\/www.sportchaco.com.ar\/index.php?rest_route=\/wp\/v2\/types\/post"}],"author":[{"embeddable":true,"href":"https:\/\/www.sportchaco.com.ar\/index.php?rest_route=\/wp\/v2\/users\/2"}],"replies":[{"embeddable":true,"href":"https:\/\/www.sportchaco.com.ar\/index.php?rest_route=%2Fwp%2Fv2%2Fcomments&post=27973"}],"version-history":[{"count":4,"href":"https:\/\/www.sportchaco.com.ar\/index.php?rest_route=\/wp\/v2\/posts\/27973\/revisions"}],"predecessor-version":[{"id":28017,"href":"https:\/\/www.sportchaco.com.ar\/index.php?rest_route=\/wp\/v2\/posts\/27973\/revisions\/28017"}],"wp:featuredmedia":[{"embeddable":true,"href":"https:\/\/www.sportchaco.com.ar\/index.php?rest_route=\/wp\/v2\/media\/27975"}],"wp:attachment":[{"href":"https:\/\/www.sportchaco.com.ar\/index.php?rest_route=%2Fwp%2Fv2%2Fmedia&parent=27973"}],"wp:term":[{"taxonomy":"category","embeddable":true,"href":"https:\/\/www.sportchaco.com.ar\/index.php?rest_route=%2Fwp%2Fv2%2Fcategories&post=27973"},{"taxonomy":"post_tag","embeddable":true,"href":"https:\/\/www.sportchaco.com.ar\/index.php?rest_route=%2Fwp%2Fv2%2Ftags&post=27973"}],"curies":[{"name":"wp","href":"https:\/\/api.w.org\/{rel}","templated":true}]}}