{"id":27992,"date":"2025-11-01T19:35:16","date_gmt":"2025-11-01T22:35:16","guid":{"rendered":"https:\/\/www.sportchaco.com.ar\/?p=27992"},"modified":"2025-11-01T19:36:12","modified_gmt":"2025-11-01T22:36:12","slug":"27992","status":"publish","type":"post","link":"https:\/\/www.sportchaco.com.ar\/?p=27992","title":{"rendered":"Pern\u00eda largar\u00e1 primero en el Top Race"},"content":{"rendered":"<header>\n<h1 class=\"title text-big font-weight-bold mb-0\"><strong><span style=\"font-size: 16px;\">Foto portada:Top Race: Leonel Pernia, entusiasmado tras lograr la pole en Buenos Aires: \u00abTrabajamos b\u00e1rbaro\u00bb <\/span><\/strong><\/h1>\n<h1><\/h1>\n<h1 class=\"title text-big font-weight-bold mb-0\"><span style=\"font-size: 16px; font-weight: 400;\">01\/11\/2025<\/span><\/h1>\n<div class=\"metadata mt-3 line-height-clear text-dark\">\n<address class=\"author mb-0 h6\">\u00a0<\/address>\n<\/div>\n<\/header>\n<figure class=\"border-bottom border-gray pb-3 mb-3\"><figcaption class=\"small text-muted mt-2\"><\/figcaption><\/figure>\n<h5 class=\"border-bottom border-gray pb-3 mb-3\"><strong>Este fin de semana,\u00a0comenz\u00f3 la Copa Top Race, en el aut\u00f3dromo \u00abOscar y Juan G\u00e1lvez\u00bb. All\u00ed, quien se qued\u00f3 con la pole position fue\u00a0Leonel Pernia.<\/strong><\/h5>\n<section><\/section>\n<section class=\"border-bottom border-gray pb-3 mb-3\"><strong>El \u00abTanito\u00bb, tras la actividad, le prest\u00f3 declaraciones a los micr\u00f3fonos de\u00a0Carburando Radio\u00a0y sostuvo: \u00abFeliz por todos los chicos del Octanos.\u00a0La verdad que me abrieron las puertas del equipo de la mejor manera. Disfruto mucho trabajando con ellos, con Christian Mart\u00ednez, un equipo hermoso de gente muy humilde y trabajadora.\u00a0Trabajamos b\u00e1rbaro en los entrenamientos. Es la realidad\u00bb.<\/strong>&nbsp;<\/p>\n<p>\u00abYo sigo aprendiendo del auto a medida que van pasando las carreras.\u00a0<strong>Voy entendiendo un poquito m\u00e1s la puesta a punto<\/strong>. Creo que en la \u00faltima carrera, tanto Facundo Aldrighetti como Marcelo Cuarrocchi estuvieron m\u00e1s r\u00e1pidos que yo en la final, por m\u00e1s que pudimos prevalecer.\u00a0<strong>Nos obligan a trabajar porque est\u00e1n en un gran nivel.\u00a0<\/strong>Pusimos un auto muy bien puesto a punto para las Pirelli, justamente, a 0 kil\u00f3metros a la hora de clasificar y sali\u00f3 una buena vuelta\u00bb.<\/p>\n<div class=\"row\">\n<div class=\"col-sm-12\">\n<div class=\"legend\">Verificado por T\u00e9cnica:\u00a0\u00a0Verificado por Deportiva:<\/div>\n<\/div>\n<\/div>\n<div id=\"champion\" class=\"table-responsive\">\n<table class=\"table table-striped\">\n<thead>\n<tr>\n<th>Pos.<\/th>\n<th>#<\/th>\n<th>Piloto<\/th>\n<th class=\"text-center\">Marca<\/th>\n<th class=\"text-center\">Vueltas<\/th>\n<th>Tiempo<\/th>\n<th>Diferencia<\/th>\n<\/tr>\n<\/thead>\n<tbody>\n<tr>\n<td><span class=\"label label-danger\">1<\/span><\/td>\n<td>44<\/td>\n<td class=\"name\"><a href=\"https:\/\/www.toprace.com.ar\/copatoprace\/pilotos\/2025\/leonel-pernia_829.html\">Pern\u00eda, Leonel<\/a><\/td>\n<td class=\"text-center\"><img decoding=\"async\" class=\"text-center\" title=\"Fiat\" src=\"https:\/\/www.toprace.com.ar\/vistas\/tr\/images\/logos\/logo-fiat-sm.png\" alt=\"Fiat\" \/><\/td>\n<td class=\"text-center\">0<\/td>\n<td class=\"text-left\">01:25.550<\/td>\n<td class=\"text-left\"><\/td>\n<\/tr>\n<tr>\n<td><span class=\"label label-danger\">2<\/span><\/td>\n<td>1<\/td>\n<td class=\"name\"><a href=\"https:\/\/www.toprace.com.ar\/copatoprace\/pilotos\/2025\/facundo-aldrighetti_827.html\">Aldrighetti, Facundo<\/a><\/td>\n<td class=\"text-center\"><img decoding=\"async\" class=\"text-center\" title=\"Lexus\" src=\"https:\/\/www.toprace.com.ar\/vistas\/tr\/images\/logos\/logo-lexus-sm.png\" alt=\"Lexus\" \/><\/td>\n<td class=\"text-center\">0<\/td>\n<td class=\"text-left\">01:25.880<\/td>\n<td class=\"text-left\">330<\/td>\n<\/tr>\n<tr>\n<td><span class=\"label label-danger\">3<\/span><\/td>\n<td>32<\/td>\n<td class=\"name\"><a href=\"https:\/\/www.toprace.com.ar\/copatoprace\/pilotos\/2025\/norberto-m-grosso_831.html\">Grosso, Norberto (M)<\/a><\/td>\n<td class=\"text-center\"><img decoding=\"async\" class=\"text-center\" title=\"Ford\" src=\"https:\/\/www.toprace.com.ar\/vistas\/tr\/images\/logos\/logo-ford-sm.png\" alt=\"Ford\" \/><\/td>\n<td class=\"text-center\">0<\/td>\n<td class=\"text-left\">01:26.076<\/td>\n<td class=\"text-left\">526<\/td>\n<\/tr>\n<tr>\n<td><span class=\"label label-danger\">4<\/span><\/td>\n<td>101<\/td>\n<td class=\"name\"><a href=\"https:\/\/www.toprace.com.ar\/copatoprace\/pilotos\/2025\/diego-verriello_834.html\">Verriello, Diego<\/a><\/td>\n<td class=\"text-center\"><img decoding=\"async\" class=\"text-center\" title=\"Fiat\" src=\"https:\/\/www.toprace.com.ar\/vistas\/tr\/images\/logos\/logo-fiat-sm.png\" alt=\"Fiat\" \/><\/td>\n<td class=\"text-center\">0<\/td>\n<td class=\"text-left\">01:26.104<\/td>\n<td class=\"text-left\">554<\/td>\n<\/tr>\n<tr>\n<td><span class=\"label label-danger\">5<\/span><\/td>\n<td>40<\/td>\n<td class=\"name\"><a href=\"https:\/\/www.toprace.com.ar\/copatoprace\/pilotos\/2025\/marcelo-ciarrocchi_828.html\">Ciarrocchi, Marcelo<\/a><\/td>\n<td class=\"text-center\"><img decoding=\"async\" class=\"text-center\" title=\"Ford\" src=\"https:\/\/www.toprace.com.ar\/vistas\/tr\/images\/logos\/logo-ford-sm.png\" alt=\"Ford\" \/><\/td>\n<td class=\"text-center\">0<\/td>\n<td class=\"text-left\">01:26.123<\/td>\n<td class=\"text-left\">573<\/td>\n<\/tr>\n<tr>\n<td><span class=\"label label-danger\">6<\/span><\/td>\n<td>162<\/td>\n<td class=\"name\"><a href=\"https:\/\/www.toprace.com.ar\/copatoprace\/pilotos\/2025\/emiliano-stang_835.html\">Stang, Emiliano<\/a><\/td>\n<td class=\"text-center\"><img decoding=\"async\" class=\"text-center\" title=\"Fiat\" src=\"https:\/\/www.toprace.com.ar\/vistas\/tr\/images\/logos\/logo-fiat-sm.png\" alt=\"Fiat\" \/><\/td>\n<td class=\"text-center\">0<\/td>\n<td class=\"text-left\">01:26.602<\/td>\n<td class=\"text-left\">1052<\/td>\n<\/tr>\n<tr>\n<td><span class=\"label label-danger\">7<\/span><\/td>\n<td>69<\/td>\n<td class=\"name\"><a href=\"https:\/\/www.toprace.com.ar\/copatoprace\/pilotos\/2025\/adrian-m-hamze_836.html\">Hamze, Adri\u00e1n (M)<\/a><\/td>\n<td class=\"text-center\"><img decoding=\"async\" class=\"text-center\" title=\"Fiat\" src=\"https:\/\/www.toprace.com.ar\/vistas\/tr\/images\/logos\/logo-fiat-sm.png\" alt=\"Fiat\" \/><\/td>\n<td class=\"text-center\">0<\/td>\n<td class=\"text-left\">01:26.697<\/td>\n<td class=\"text-left\">1147<\/td>\n<\/tr>\n<tr>\n<td><span class=\"label label-danger\">8<\/span><\/td>\n<td>55<\/td>\n<td class=\"name\"><a href=\"https:\/\/www.toprace.com.ar\/copatoprace\/pilotos\/2025\/mariano-pernia_841.html\">Pernia, Mariano<\/a><\/td>\n<td class=\"text-center\"><img decoding=\"async\" class=\"text-center\" title=\"Ford\" src=\"https:\/\/www.toprace.com.ar\/vistas\/tr\/images\/logos\/logo-ford-sm.png\" alt=\"Ford\" \/><\/td>\n<td class=\"text-center\">0<\/td>\n<td class=\"text-left\">01:26.837<\/td>\n<td class=\"text-left\">1287<\/td>\n<\/tr>\n<tr>\n<td><span class=\"label label-danger\">9<\/span><\/td>\n<td>111<\/td>\n<td class=\"name\"><a href=\"https:\/\/www.toprace.com.ar\/copatoprace\/pilotos\/2025\/ulises-campillay_832.html\">Campillay, Ulises<\/a><\/td>\n<td class=\"text-center\"><img decoding=\"async\" class=\"text-center\" title=\"Toyota\" src=\"https:\/\/www.toprace.com.ar\/vistas\/tr\/images\/logos\/logo-toyota-sm.png\" alt=\"Toyota\" \/><\/td>\n<td class=\"text-center\">0<\/td>\n<td class=\"text-left\">01:27.063<\/td>\n<td class=\"text-left\">1513<\/td>\n<\/tr>\n<tr>\n<td><span class=\"label label-danger\">10<\/span><\/td>\n<td>76<\/td>\n<td class=\"name\"><a href=\"https:\/\/www.toprace.com.ar\/copatoprace\/pilotos\/2025\/dario-m-necochea_838.html\">Necochea, Dario (M)<\/a><\/td>\n<td class=\"text-center\"><img decoding=\"async\" class=\"text-center\" title=\"Fiat\" src=\"https:\/\/www.toprace.com.ar\/vistas\/tr\/images\/logos\/logo-fiat-sm.png\" alt=\"Fiat\" \/><\/td>\n<td class=\"text-center\">0<\/td>\n<td class=\"text-left\">01:27.579<\/td>\n<td class=\"text-left\">2029<\/td>\n<\/tr>\n<tr>\n<td><span class=\"label label-danger\">11<\/span><\/td>\n<td>8<\/td>\n<td class=\"name\"><a href=\"https:\/\/www.toprace.com.ar\/copatoprace\/pilotos\/2025\/luis-m-gastaldi-_839.html\">Gastaldi , Luis (M)<\/a><\/td>\n<td class=\"text-center\"><img decoding=\"async\" class=\"text-center\" title=\"Toyota\" src=\"https:\/\/www.toprace.com.ar\/vistas\/tr\/images\/logos\/logo-toyota-sm.png\" alt=\"Toyota\" \/><\/td>\n<td class=\"text-center\">0<\/td>\n<td class=\"text-left\">01:28.907<\/td>\n<td class=\"text-left\">3357<\/td>\n<\/tr>\n<tr>\n<td><span class=\"label label-danger\">12<\/span><\/td>\n<td>74<\/td>\n<td class=\"name\"><a href=\"https:\/\/www.toprace.com.ar\/copatoprace\/pilotos\/2025\/guillermo-m-promesti_840.html\">Promesti, Guillermo (M)<\/a><\/td>\n<td class=\"text-center\"><img decoding=\"async\" class=\"text-center\" title=\"Mercedes-Benz\" src=\"https:\/\/www.toprace.com.ar\/vistas\/tr\/images\/logos\/logo-mbenz-sm.png\" alt=\"Mercedes-Benz\" \/><\/td>\n<td class=\"text-center\">0<\/td>\n<td class=\"text-left\">01:30.076<\/td>\n<td class=\"text-left\">4526<\/td>\n<\/tr>\n<\/tbody>\n<\/table>\n<\/div>\n<\/section>\n","protected":false},"excerpt":{"rendered":"<p>Foto portada:Top Race: Leonel Pernia, entusiasmado tras lograr la pole en Buenos Aires: \u00abTrabajamos b\u00e1rbaro\u00bb 01\/11\/2025 \u00a0 Este fin de semana,\u00a0comenz\u00f3 la Copa Top Race, en el aut\u00f3dromo \u00abOscar y Juan G\u00e1lvez\u00bb. All\u00ed, quien se qued\u00f3 con la pole position fue\u00a0Leonel Pernia. El \u00abTanito\u00bb, tras la actividad, le prest\u00f3 declaraciones a los micr\u00f3fonos de\u00a0Carburando Radio\u00a0y &hellip;<\/p>\n","protected":false},"author":2,"featured_media":27993,"comment_status":"open","ping_status":"open","sticky":false,"template":"","format":"standard","meta":{"footnotes":""},"categories":[2],"tags":[],"class_list":["post-27992","post","type-post","status-publish","format-standard","has-post-thumbnail","hentry","category-automovilismo"],"_links":{"self":[{"href":"https:\/\/www.sportchaco.com.ar\/index.php?rest_route=\/wp\/v2\/posts\/27992","targetHints":{"allow":["GET"]}}],"collection":[{"href":"https:\/\/www.sportchaco.com.ar\/index.php?rest_route=\/wp\/v2\/posts"}],"about":[{"href":"https:\/\/www.sportchaco.com.ar\/index.php?rest_route=\/wp\/v2\/types\/post"}],"author":[{"embeddable":true,"href":"https:\/\/www.sportchaco.com.ar\/index.php?rest_route=\/wp\/v2\/users\/2"}],"replies":[{"embeddable":true,"href":"https:\/\/www.sportchaco.com.ar\/index.php?rest_route=%2Fwp%2Fv2%2Fcomments&post=27992"}],"version-history":[{"count":3,"href":"https:\/\/www.sportchaco.com.ar\/index.php?rest_route=\/wp\/v2\/posts\/27992\/revisions"}],"predecessor-version":[{"id":27996,"href":"https:\/\/www.sportchaco.com.ar\/index.php?rest_route=\/wp\/v2\/posts\/27992\/revisions\/27996"}],"wp:featuredmedia":[{"embeddable":true,"href":"https:\/\/www.sportchaco.com.ar\/index.php?rest_route=\/wp\/v2\/media\/27993"}],"wp:attachment":[{"href":"https:\/\/www.sportchaco.com.ar\/index.php?rest_route=%2Fwp%2Fv2%2Fmedia&parent=27992"}],"wp:term":[{"taxonomy":"category","embeddable":true,"href":"https:\/\/www.sportchaco.com.ar\/index.php?rest_route=%2Fwp%2Fv2%2Fcategories&post=27992"},{"taxonomy":"post_tag","embeddable":true,"href":"https:\/\/www.sportchaco.com.ar\/index.php?rest_route=%2Fwp%2Fv2%2Ftags&post=27992"}],"curies":[{"name":"wp","href":"https:\/\/api.w.org\/{rel}","templated":true}]}}