{"id":28,"date":"2023-09-25T14:45:04","date_gmt":"2023-09-25T14:45:04","guid":{"rendered":"https:\/\/nuevo.sportchaco.com.ar\/?p=28"},"modified":"2023-09-25T14:45:04","modified_gmt":"2023-09-25T14:45:04","slug":"guillermo-stieg-pretendemos-una-mejor-temporada-que-la-que-tuvimos","status":"publish","type":"post","link":"https:\/\/www.sportchaco.com.ar\/?p=28","title":{"rendered":"Guillermo Stieg: \u201cPretendemos una mejor temporada que la que tuvimos\u201d"},"content":{"rendered":"<p>Atravesando la semana 3 de pretemporada, el equipo de Villa San Mart\u00edn se encuentra trabajando intensamente bajo las \u00f3rdenes del cuerpo t\u00e9cnico encabezado por Gast\u00f3n Castro. En este marco, el reconocido y de jerarqu\u00eda preparador f\u00edsico, Guillermo Stieg, analiz\u00f3 lo que se viene haciendo e implementando, para la puesta a punto de cara al arranque de la competencia de la Liga Argentina de B\u00e1squet en el mes de octubre.<br \/>\n\u201cEstamos en la semana 3 de pretemporada, donde tenemos objetivos t\u00e9cnicos, f\u00edsicos y t\u00e1cticos que vamos progresivamente tratando de desarrollarlos y as\u00ed llegar a los objetivos de inicio de la temporada, como as\u00ed tambi\u00e9n a los objetivos parciales a corto plazo\u201d, remarcando a su vez que \u201ceste a\u00f1o tenemos juveniles disponibles como para poder entrenar, ir trabajando en los aspectos t\u00e1cticos y la carga f\u00edsica progresivamente\u201d.<br \/>\nEn este sentido, Stieg brind\u00f3 detalles sobre la metodolog\u00eda de trabajo y las cargas que se vienen implementando. \u201cEn relaci\u00f3n a la carga total, propuesta semanalmente, esta semana el objetivo es el 70% de lo que ser\u00eda la carga m\u00e1xima de lo que pueden estar expuestos los jugadores en la competencia; la idea es progresivamente llegar a esos valores\u201d.<\/p>\n<p>EL EQUIPO<br \/>\nPara esta temporada, Villa San Mart\u00edn cuenta con caras nuevas, donde las llegadas de Feder Pons, Simondi, Arancibia, C\u00e1ceres, Paz y Mart\u00edn, m\u00e1s la continuidad de Jerem\u00edas Frontera, Bruno Galassi y Joaqu\u00edn San Vicente, hacen de una gran propuesta y que la vara est\u00e9 alta. Al respecto, Stieg fue muy claro sobre la llegada del equipo. \u201cEn t\u00e9rminos generales, la mayor\u00eda de los chicos, que es lo habitual ahora, en el receso trabajan con un preparador f\u00edsico, entrenador o asistente para ir mejorando algunos aspectos, adem\u00e1s de que juegan alg\u00fan torneo; habitualmente est\u00e1n activos y en mayor o menor medida llegan listos como para comenzar a entrenar durante la pretemporada\u201d.<\/p>\n<p>EL CUERPO T\u00c9CNICO<br \/>\nCon respecto a la relaci\u00f3n y el trabajo en conjunto con el resto del cuerpo t\u00e9cnico (Gast\u00f3n Castro, Ariel Brollo, Hugo Camisasca y Tom\u00e1s N\u00fa\u00f1ez), el preparador f\u00edsico Tricolor puntualiz\u00f3 que \u201ces buena, en la organizaci\u00f3n del trabajo mi mayor responsabilidad en relaci\u00f3n es el control de las cargas de entrenamiento, o sea proponer los objetivos de cargas semanales y diarias, y en funci\u00f3n de eso los entrenadores planifican los contenidos\u201d, destacando a su vez que \u201chay una estructura y una planificaci\u00f3n diaria y semanal, eso lo vamos determinando conjuntamente semana a semana y d\u00eda a d\u00eda\u201d.<br \/>\n\u201cEl club tiene, por suerte para los controladores f\u00edsicos una herramienta importante como los servicios de monitoreo del Catapult, donde somos el \u00fanico equipo en la categor\u00eda que lo usa, entonces eso es una ventaja en t\u00e9rminos de planificaci\u00f3n de la carga, puesto que podes monitorear con mucha precisi\u00f3n lo que haces y podes controlar la carga con mucha precisi\u00f3n\u201d.<\/p>\n<p>LOS OBJETIVOS GRUPALES<br \/>\nPor \u00faltimo, el preparador f\u00edsico de Villa San Mart\u00edn, Guillermo Stieg, fue tambi\u00e9n muy contundente sobre sus objetivos grupales con el equipo. \u201cQue el camino de esta temporada sea bueno en el sentido del rendimiento del equipo, de los resultados y al final de temporada los detalles son los que determinan qui\u00e9n pasa a un playoff y qui\u00e9n no; pretendemos tener una mejor temporada que la que tuvimos el a\u00f1o pasado\u201d, finaliz\u00f3. Prensa Villa San Mart+\u00edn<\/p>\n","protected":false},"excerpt":{"rendered":"<p>Atravesando la semana 3 de pretemporada, el equipo de Villa San Mart\u00edn se encuentra trabajando intensamente bajo las \u00f3rdenes del cuerpo t\u00e9cnico encabezado por Gast\u00f3n Castro. En este marco, el reconocido y de jerarqu\u00eda preparador f\u00edsico, Guillermo Stieg, analiz\u00f3 lo que se viene haciendo e implementando, para la puesta a punto de cara al arranque &hellip;<\/p>\n","protected":false},"author":1,"featured_media":29,"comment_status":"open","ping_status":"open","sticky":false,"template":"","format":"standard","meta":{"footnotes":""},"categories":[3],"tags":[],"class_list":["post-28","post","type-post","status-publish","format-standard","has-post-thumbnail","hentry","category-basquetbol"],"_links":{"self":[{"href":"https:\/\/www.sportchaco.com.ar\/index.php?rest_route=\/wp\/v2\/posts\/28","targetHints":{"allow":["GET"]}}],"collection":[{"href":"https:\/\/www.sportchaco.com.ar\/index.php?rest_route=\/wp\/v2\/posts"}],"about":[{"href":"https:\/\/www.sportchaco.com.ar\/index.php?rest_route=\/wp\/v2\/types\/post"}],"author":[{"embeddable":true,"href":"https:\/\/www.sportchaco.com.ar\/index.php?rest_route=\/wp\/v2\/users\/1"}],"replies":[{"embeddable":true,"href":"https:\/\/www.sportchaco.com.ar\/index.php?rest_route=%2Fwp%2Fv2%2Fcomments&post=28"}],"version-history":[{"count":1,"href":"https:\/\/www.sportchaco.com.ar\/index.php?rest_route=\/wp\/v2\/posts\/28\/revisions"}],"predecessor-version":[{"id":30,"href":"https:\/\/www.sportchaco.com.ar\/index.php?rest_route=\/wp\/v2\/posts\/28\/revisions\/30"}],"wp:featuredmedia":[{"embeddable":true,"href":"https:\/\/www.sportchaco.com.ar\/index.php?rest_route=\/wp\/v2\/media\/29"}],"wp:attachment":[{"href":"https:\/\/www.sportchaco.com.ar\/index.php?rest_route=%2Fwp%2Fv2%2Fmedia&parent=28"}],"wp:term":[{"taxonomy":"category","embeddable":true,"href":"https:\/\/www.sportchaco.com.ar\/index.php?rest_route=%2Fwp%2Fv2%2Fcategories&post=28"},{"taxonomy":"post_tag","embeddable":true,"href":"https:\/\/www.sportchaco.com.ar\/index.php?rest_route=%2Fwp%2Fv2%2Ftags&post=28"}],"curies":[{"name":"wp","href":"https:\/\/api.w.org\/{rel}","templated":true}]}}