{"id":28024,"date":"2025-11-02T19:23:56","date_gmt":"2025-11-02T22:23:56","guid":{"rendered":"https:\/\/www.sportchaco.com.ar\/?p=28024"},"modified":"2025-11-02T19:23:56","modified_gmt":"2025-11-02T22:23:56","slug":"reconocimiento-para-el-doctor-jose-lipsich","status":"publish","type":"post","link":"https:\/\/www.sportchaco.com.ar\/?p=28024","title":{"rendered":"Reconocimiento para el doctor Jos\u00e9 Lipsich"},"content":{"rendered":"<div class=\"xdj266r x14z9mp xat24cr x1lziwak x1vvkbs x126k92a\">\n<div dir=\"auto\"><strong>En una nota publicada en en Face, el amigo Julio Carauni realiza una reconocimiento y homenaje al doctor\u00a0 Jos\u00e9 Lipsich, quien recientemente se jubil\u00f3, y el deseo de que llegue llena de disfrute y paz, un orgulloso chaque\u00f1o, nacido y criado en Villa \u00c1ngela quien tambi\u00e9n visti\u00f3 y defendi\u00f3 los colores del Club Uni\u00f3n Progresista.<\/strong><\/div>\n<div dir=\"auto\"><\/div>\n<\/div>\n<div class=\"x14z9mp xat24cr x1lziwak x1vvkbs xtlvy1s x126k92a\">\n<div dir=\"auto\">Distinguido con la medalla de oro por su gran trayectoria en el Congreso Argentino de Diagn\u00f3stico por Im\u00e1genes.<\/div>\n<div dir=\"auto\"><\/div>\n<\/div>\n<div class=\"x14z9mp xat24cr x1lziwak x1vvkbs xtlvy1s x126k92a\">\n<div dir=\"auto\">El Dr. es hoy, miembro honor\u00edfico de la Sociedad Francesa de Radiolog\u00eda. Recientemente se jubil\u00f3 como Jefe del servicio de Diagn\u00f3stico por Im\u00e1genes del Hospital Garrahan.<\/div>\n<div dir=\"auto\"><\/div>\n<\/div>\n<div class=\"x14z9mp xat24cr x1lziwak x1vvkbs xtlvy1s x126k92a\">\n<div dir=\"auto\">Gracias por su inmenso compromiso y dedicaci\u00f3n durante tantos a\u00f1os, por cuidar lo m\u00e1s preciado que tiene una familia, los hijos.<\/div>\n<div dir=\"auto\"><\/div>\n<\/div>\n<div class=\"x14z9mp xat24cr x1lziwak x1vvkbs xtlvy1s x126k92a\">\n<div dir=\"auto\">Su legado de sanaci\u00f3n y su profesionalismo han dejado una huella imborrable en la vida de innumerables pacientes y en el orgullo de nuestra sociedad.<\/div>\n<div dir=\"auto\"><\/div>\n<\/div>\n<div class=\"x14z9mp xat24cr x1lziwak x1vvkbs xtlvy1s x126k92a\">\n<div dir=\"auto\">Gacias querido Jos\u00e9 por \u201cpertenecer\u201d, por contagiar a tantos profesionales que empezaban, sembrando en esos esp\u00edritus, las ganas de \u201cseguir\u201d.<\/div>\n<div dir=\"auto\"><\/div>\n<\/div>\n<div class=\"x14z9mp xat24cr x1lziwak x1vvkbs xtlvy1s x126k92a\">\n<div dir=\"auto\"><strong>Julio Alejandro Carauni<\/strong><\/div>\n<\/div>\n","protected":false},"excerpt":{"rendered":"<p>En una nota publicada en en Face, el amigo Julio Carauni realiza una reconocimiento y homenaje al doctor\u00a0 Jos\u00e9 Lipsich, quien recientemente se jubil\u00f3, y el deseo de que llegue llena de disfrute y paz, un orgulloso chaque\u00f1o, nacido y criado en Villa \u00c1ngela quien tambi\u00e9n visti\u00f3 y defendi\u00f3 los colores del Club Uni\u00f3n Progresista. &hellip;<\/p>\n","protected":false},"author":2,"featured_media":28025,"comment_status":"open","ping_status":"open","sticky":false,"template":"","format":"standard","meta":{"footnotes":""},"categories":[3],"tags":[],"class_list":["post-28024","post","type-post","status-publish","format-standard","has-post-thumbnail","hentry","category-basquetbol"],"_links":{"self":[{"href":"https:\/\/www.sportchaco.com.ar\/index.php?rest_route=\/wp\/v2\/posts\/28024","targetHints":{"allow":["GET"]}}],"collection":[{"href":"https:\/\/www.sportchaco.com.ar\/index.php?rest_route=\/wp\/v2\/posts"}],"about":[{"href":"https:\/\/www.sportchaco.com.ar\/index.php?rest_route=\/wp\/v2\/types\/post"}],"author":[{"embeddable":true,"href":"https:\/\/www.sportchaco.com.ar\/index.php?rest_route=\/wp\/v2\/users\/2"}],"replies":[{"embeddable":true,"href":"https:\/\/www.sportchaco.com.ar\/index.php?rest_route=%2Fwp%2Fv2%2Fcomments&post=28024"}],"version-history":[{"count":1,"href":"https:\/\/www.sportchaco.com.ar\/index.php?rest_route=\/wp\/v2\/posts\/28024\/revisions"}],"predecessor-version":[{"id":28026,"href":"https:\/\/www.sportchaco.com.ar\/index.php?rest_route=\/wp\/v2\/posts\/28024\/revisions\/28026"}],"wp:featuredmedia":[{"embeddable":true,"href":"https:\/\/www.sportchaco.com.ar\/index.php?rest_route=\/wp\/v2\/media\/28025"}],"wp:attachment":[{"href":"https:\/\/www.sportchaco.com.ar\/index.php?rest_route=%2Fwp%2Fv2%2Fmedia&parent=28024"}],"wp:term":[{"taxonomy":"category","embeddable":true,"href":"https:\/\/www.sportchaco.com.ar\/index.php?rest_route=%2Fwp%2Fv2%2Fcategories&post=28024"},{"taxonomy":"post_tag","embeddable":true,"href":"https:\/\/www.sportchaco.com.ar\/index.php?rest_route=%2Fwp%2Fv2%2Ftags&post=28024"}],"curies":[{"name":"wp","href":"https:\/\/api.w.org\/{rel}","templated":true}]}}