{"id":28033,"date":"2025-11-02T19:41:06","date_gmt":"2025-11-02T22:41:06","guid":{"rendered":"https:\/\/www.sportchaco.com.ar\/?p=28033"},"modified":"2025-11-02T19:43:34","modified_gmt":"2025-11-02T22:43:34","slug":"28033","status":"publish","type":"post","link":"https:\/\/www.sportchaco.com.ar\/?p=28033","title":{"rendered":"Diego Verriello conquist\u00f3 la primera final de la Copa Top Race"},"content":{"rendered":"<div class=\"news-title\">\n<div class=\"row\">\n<div class=\"col-lg-9 col-md-6 col-sm-12\"><\/div>\n<div class=\"col-lg-3 col-md-6 col-sm-12\"><span class=\"label\">02-11-2025\u00a0<\/span><\/div>\n<\/div>\n<\/div>\n<p>&nbsp;<\/p>\n<hr \/>\n<h5 class=\"lead\">Luego de las intensas lluvias que se presentaron en la ma\u00f1ana del domingo, sali\u00f3 el sol para la final de la 1\u00b0 fecha de la Copa Top Race YPF INFINIA, que se llev\u00f3 a cabo en el circuito 8 del Aut\u00f3dromo \u201cOscar y Juan G\u00e1lvez\u201d de Buenos Aires, donde Diego Verriello con el Fiat Cronos #2 del Octanos Competici\u00f3n se llev\u00f3 la victoria luego de dominar la carrera de principio a fin.<\/h5>\n<div class=\"news-img-content\"><\/div>\n<p>&nbsp;<\/p>\n<div><strong>A poco de largarse la carrera, el que lleg\u00f3 a estar primero fue Emiliano Stang con el Cronos #162 que le entrega el equipo de Christian Mart\u00ednez seguido por Diego Verriello, pero al pasar por la primera curva, el piloto de Mar del Plata logr\u00f3 superar al representante de Crespo, Entre R\u00edos, por afuera para as\u00ed ser el puntero de la competencia hasta la bandera a cuadros. Atr\u00e1s se dio un gran espect\u00e1culo entre Norberto Grosso (Ford Mustang #32 \u2013 JLS Motorsport-Corsi Sport) y Leonel Pern\u00eda (Fiat Cronos #44 \u2013 Octanos Competici\u00f3n) por el \u00faltimo escal\u00f3n del podio.<\/strong><\/div>\n<div><\/div>\n<div><strong>A todo esto, Marcelo Ciarrocchi logr\u00f3 avanzar desde el 13\u00ba puesto al 10\u00ba, pero luego por una falla en el Ford Mondeo #40, el piloto de Almafuerte abandon\u00f3 la competencia.\u00a0<\/strong><\/div>\n<div><\/div>\n<div><strong>Encarando la sexta vuelta de competencia Grosso junto a Leonel Pern\u00eda lograron avanzar sobre Emiliano Stang para meterse entre los 3 mejores de la carrera mientras que, el Campe\u00f3n Argentino del Top Race V6, Facundo Aldrighetti (Lexus #1 &#8211; Halc\u00f3n Motorsport) avanzaba hasta el 8\u00ba lugar.\u00a0<\/strong><\/div>\n<div><img decoding=\"async\" class=\"aligncenter\" src=\"https:\/\/www.toprace.com.ar\/upload\/informes\/9447\/7583_contenido_home_small.jpg\" \/><\/div>\n<div><\/div>\n<div><strong>Promediando la carrera, se produc\u00eda el primer auto de seguridad por el fuerte accidente de Luis Gastaldi con el Toyota Corolla #8 del LG Racing. A falta de 8 minutos para el final, se reanudaron las acciones con Diego Verriello en la punta, seguido por Grosso y Pern\u00eda, pero nuevamente aparec\u00eda el auto de seguridad por el despiste de Adri\u00e1n Hamze con el Fiat Cronos #69. Tanto Gastaldi como Hamze est\u00e1n fuera de peligro y fueron derivados al Sanatorio G\u00fcemes para realizarles los estudios correspondientes para mayor tranquilidad.<\/strong><\/div>\n<div><\/div>\n<div><strong>Lleg\u00f3 el final y luego de 36min50s539\/1000, el Campe\u00f3n Argentino del Top Race Series 2025 Diego Verriello con el Fiat Cronos #101 del Octanos Competici\u00f3n se qued\u00f3 con la victoria en el inicio de la Copa Top Race YPF INFINIA a una velocidad promedio de 138,637 km\/h. Segundo fue Norberto Grosso con el Ford Mondeo #32 del JLS Motorsport-Corsi Sport a 347\/1000 y tercero termin\u00f3 Leonel Pern\u00eda con el Fiat Cronos #44 del Octanos Competici\u00f3n a 2.220\/1000.\u00a0<\/strong><\/div>\n<div><\/div>\n<div><strong>Carlos Guttlein (Octanos Competici\u00f3n), Marcelo Chiappetta (JLS Motorsport-Corsi Sport), Dar\u00edo Necochea (Octanos Competici\u00f3n), Adri\u00e1n Hamze (Octanos Competici\u00f3n) y Guillermo Promesti (F\u00e9nix Racing Group) completaron el \u201ctop-ten\u201d.<\/strong><\/div>\n<div><\/div>\n<div><strong>Diego Verriello, ganador de la 1\u00ba fecha de la Copa Top Race YPF INFINIA: \u00abFue importante la victoria en Buenos Aires. Tuve en la primera curva la posibilidad de sacarle el puesto a Emi (Stang) y luego pude escaparme para lograr el triunfo. Espero que Gastaldi y Hamze se encuentren bien. Es importante saber sobre la salud de nuestro competidores\u201d.<\/strong><\/div>\n<div><\/div>\n<div><strong>Con 1 fecha cumplida, el Campeonato de la Copa Top Race YPF INFINIA tiene l\u00edder a Leonel Pern\u00eda (Octanos Competici\u00f3n) con 24 puntos, segundo est\u00e1 Diego Verriello (Octanos Competici\u00f3n) con 23, tercero Norberto Grosso (JLS Motorsport-Corsi Sport) con 21 puntos, cuarto Facundo Aldrighetti (Halc\u00f3n Motorsport) con 9 y quinto Mariano Pern\u00eda (Octanos Competici\u00f3n) con 8 unidades.\u00a0<\/strong><\/div>\n<div>\n<ul class=\"news-meta\">\n<li>Autor:\u00a0<a href=\"mailto:rmayorana@auto-sports.com.ar\">Quiroga, Juan Carlos<\/a> Top Race<\/li>\n<\/ul>\n<div class=\"row\">\n<div class=\"col-sm-12\">\n<div class=\"legend\">Verificado por T\u00e9cnica:\u00a0\u00a0Verificado por Deportiva:<\/div>\n<\/div>\n<\/div>\n<div id=\"champion\" class=\"table-responsive\">\n<table class=\"table table-striped\">\n<thead>\n<tr>\n<th>Pos.<\/th>\n<th>#<\/th>\n<th>Piloto<\/th>\n<th class=\"text-center\">Marca<\/th>\n<th class=\"text-center\">Vueltas<\/th>\n<th>Tiempo<\/th>\n<th>Diferencia<\/th>\n<\/tr>\n<\/thead>\n<tbody>\n<tr>\n<td><span class=\"label label-danger\">1<\/span><\/td>\n<td>101<\/td>\n<td class=\"name\"><a href=\"https:\/\/toprace.com.ar\/copatoprace\/pilotos\/2025\/diego-verriello_834.html\">Verriello, Diego<\/a><\/td>\n<td class=\"text-center\"><img decoding=\"async\" class=\"text-center\" title=\"Fiat\" src=\"https:\/\/toprace.com.ar\/vistas\/tr\/images\/logos\/logo-fiat-sm.png\" alt=\"Fiat\" \/><\/td>\n<td class=\"text-center\">20<\/td>\n<td class=\"text-left\">36:50.539<\/td>\n<td class=\"text-left\"><\/td>\n<\/tr>\n<tr>\n<td><span class=\"label label-danger\">2<\/span><\/td>\n<td>32<\/td>\n<td class=\"name\"><a href=\"https:\/\/toprace.com.ar\/copatoprace\/pilotos\/2025\/norberto-m-grosso_831.html\">Grosso, Norberto (M)<\/a><\/td>\n<td class=\"text-center\"><img decoding=\"async\" class=\"text-center\" title=\"Ford\" src=\"https:\/\/toprace.com.ar\/vistas\/tr\/images\/logos\/logo-ford-sm.png\" alt=\"Ford\" \/><\/td>\n<td class=\"text-center\">20<\/td>\n<td class=\"text-left\">36:50.886<\/td>\n<td class=\"text-left\">0.347<\/td>\n<\/tr>\n<tr>\n<td><span class=\"label label-danger\">3<\/span><\/td>\n<td>44<\/td>\n<td class=\"name\"><a href=\"https:\/\/toprace.com.ar\/copatoprace\/pilotos\/2025\/leonel-pernia_829.html\">Pern\u00eda, Leonel<\/a><\/td>\n<td class=\"text-center\"><img decoding=\"async\" class=\"text-center\" title=\"Fiat\" src=\"https:\/\/toprace.com.ar\/vistas\/tr\/images\/logos\/logo-fiat-sm.png\" alt=\"Fiat\" \/><\/td>\n<td class=\"text-center\">20<\/td>\n<td class=\"text-left\">36:52.759<\/td>\n<td class=\"text-left\">2.220<\/td>\n<\/tr>\n<tr>\n<td><span class=\"label label-danger\">4<\/span><\/td>\n<td>162<\/td>\n<td class=\"name\"><a href=\"https:\/\/toprace.com.ar\/copatoprace\/pilotos\/2025\/emiliano-stang_835.html\">Stang, Emiliano<\/a><\/td>\n<td class=\"text-center\"><img decoding=\"async\" class=\"text-center\" title=\"Fiat\" src=\"https:\/\/toprace.com.ar\/vistas\/tr\/images\/logos\/logo-fiat-sm.png\" alt=\"Fiat\" \/><\/td>\n<td class=\"text-center\">20<\/td>\n<td class=\"text-left\">36:53.183<\/td>\n<td class=\"text-left\">2.644<\/td>\n<\/tr>\n<tr>\n<td><span class=\"label label-danger\">5<\/span><\/td>\n<td>55<\/td>\n<td class=\"name\"><a href=\"https:\/\/toprace.com.ar\/copatoprace\/pilotos\/2025\/mariano-pernia_841.html\">Pernia, Mariano<\/a><\/td>\n<td class=\"text-center\"><img decoding=\"async\" class=\"text-center\" title=\"Ford\" src=\"https:\/\/toprace.com.ar\/vistas\/tr\/images\/logos\/logo-ford-sm.png\" alt=\"Ford\" \/><\/td>\n<td class=\"text-center\">20<\/td>\n<td class=\"text-left\">36:55.024<\/td>\n<td class=\"text-left\">4.485<\/td>\n<\/tr>\n<tr>\n<td><span class=\"label label-danger\">6<\/span><\/td>\n<td>33<\/td>\n<td class=\"name\"><a href=\"https:\/\/toprace.com.ar\/copatoprace\/pilotos\/2025\/carlos-m-guttlein_833.html\">Guttlein, Carlos (M)<\/a><\/td>\n<td class=\"text-center\"><img decoding=\"async\" class=\"text-center\" title=\"Fiat\" src=\"https:\/\/toprace.com.ar\/vistas\/tr\/images\/logos\/logo-fiat-sm.png\" alt=\"Fiat\" \/><\/td>\n<td class=\"text-center\">20<\/td>\n<td class=\"text-left\">36:55.740<\/td>\n<td class=\"text-left\">5.201<\/td>\n<\/tr>\n<tr>\n<td><span class=\"label label-danger\">7<\/span><\/td>\n<td>5<\/td>\n<td class=\"name\"><a href=\"https:\/\/toprace.com.ar\/copatoprace\/pilotos\/2025\/marcelo-m-chiappetta_830.html\">Chiappetta, Marcelo (M)<\/a><\/td>\n<td class=\"text-center\"><img decoding=\"async\" class=\"text-center\" title=\"Toyota\" src=\"https:\/\/toprace.com.ar\/vistas\/tr\/images\/logos\/logo-toyota-sm.png\" alt=\"Toyota\" \/><\/td>\n<td class=\"text-center\">20<\/td>\n<td class=\"text-left\">36:57.319<\/td>\n<td class=\"text-left\">6.780<\/td>\n<\/tr>\n<tr>\n<td><span class=\"label label-danger\">8<\/span><\/td>\n<td>76<\/td>\n<td class=\"name\"><a href=\"https:\/\/toprace.com.ar\/copatoprace\/pilotos\/2025\/dario-m-necochea_838.html\">Necochea, Dario (M)<\/a><\/td>\n<td class=\"text-center\"><img decoding=\"async\" class=\"text-center\" title=\"Fiat\" src=\"https:\/\/toprace.com.ar\/vistas\/tr\/images\/logos\/logo-fiat-sm.png\" alt=\"Fiat\" \/><\/td>\n<td class=\"text-center\">20<\/td>\n<td class=\"text-left\">37:00.617<\/td>\n<td class=\"text-left\">10.079<\/td>\n<\/tr>\n<tr>\n<td><span class=\"label label-danger\">9<\/span><\/td>\n<td>69<\/td>\n<td class=\"name\"><a href=\"https:\/\/toprace.com.ar\/copatoprace\/pilotos\/2025\/adrian-m-hamze_836.html\">Hamze, Adri\u00e1n (M)<\/a><\/td>\n<td class=\"text-center\"><img decoding=\"async\" class=\"text-center\" title=\"Fiat\" src=\"https:\/\/toprace.com.ar\/vistas\/tr\/images\/logos\/logo-fiat-sm.png\" alt=\"Fiat\" \/><\/td>\n<td class=\"text-center\">16<\/td>\n<td class=\"text-left\">28:36.752<\/td>\n<td class=\"text-left\">4 Vueltas<\/td>\n<\/tr>\n<tr>\n<td><span class=\"label label-danger\">10<\/span><\/td>\n<td>74<\/td>\n<td class=\"name\"><a href=\"https:\/\/toprace.com.ar\/copatoprace\/pilotos\/2025\/guillermo-m-promesti_840.html\">Promesti, Guillermo (M)<\/a><\/td>\n<td class=\"text-center\"><img decoding=\"async\" class=\"text-center\" title=\"Mercedes-Benz\" src=\"https:\/\/toprace.com.ar\/vistas\/tr\/images\/logos\/logo-mbenz-sm.png\" alt=\"Mercedes-Benz\" \/><\/td>\n<td class=\"text-center\">15<\/td>\n<td class=\"text-left\">27:39.633<\/td>\n<td class=\"text-left\">5 Vueltas<\/td>\n<\/tr>\n<\/tbody>\n<\/table>\n<p><iframe loading=\"lazy\" title=\"Top Race | Diego Verriello gan\u00f3 la primera fecha de la Copa Top Race en Buenos Aires\" width=\"500\" height=\"281\" src=\"https:\/\/www.youtube.com\/embed\/edWZ7CEG5NA?feature=oembed\" frameborder=\"0\" allow=\"accelerometer; autoplay; clipboard-write; encrypted-media; gyroscope; picture-in-picture; web-share\" referrerpolicy=\"strict-origin-when-cross-origin\" allowfullscreen><\/iframe><\/p>\n<\/div>\n<\/div>\n","protected":false},"excerpt":{"rendered":"<p>02-11-2025\u00a0 &nbsp; Luego de las intensas lluvias que se presentaron en la ma\u00f1ana del domingo, sali\u00f3 el sol para la final de la 1\u00b0 fecha de la Copa Top Race YPF INFINIA, que se llev\u00f3 a cabo en el circuito 8 del Aut\u00f3dromo \u201cOscar y Juan G\u00e1lvez\u201d de Buenos Aires, donde Diego Verriello con el &hellip;<\/p>\n","protected":false},"author":2,"featured_media":28034,"comment_status":"open","ping_status":"open","sticky":false,"template":"","format":"standard","meta":{"footnotes":""},"categories":[2],"tags":[],"class_list":["post-28033","post","type-post","status-publish","format-standard","has-post-thumbnail","hentry","category-automovilismo"],"_links":{"self":[{"href":"https:\/\/www.sportchaco.com.ar\/index.php?rest_route=\/wp\/v2\/posts\/28033","targetHints":{"allow":["GET"]}}],"collection":[{"href":"https:\/\/www.sportchaco.com.ar\/index.php?rest_route=\/wp\/v2\/posts"}],"about":[{"href":"https:\/\/www.sportchaco.com.ar\/index.php?rest_route=\/wp\/v2\/types\/post"}],"author":[{"embeddable":true,"href":"https:\/\/www.sportchaco.com.ar\/index.php?rest_route=\/wp\/v2\/users\/2"}],"replies":[{"embeddable":true,"href":"https:\/\/www.sportchaco.com.ar\/index.php?rest_route=%2Fwp%2Fv2%2Fcomments&post=28033"}],"version-history":[{"count":4,"href":"https:\/\/www.sportchaco.com.ar\/index.php?rest_route=\/wp\/v2\/posts\/28033\/revisions"}],"predecessor-version":[{"id":28038,"href":"https:\/\/www.sportchaco.com.ar\/index.php?rest_route=\/wp\/v2\/posts\/28033\/revisions\/28038"}],"wp:featuredmedia":[{"embeddable":true,"href":"https:\/\/www.sportchaco.com.ar\/index.php?rest_route=\/wp\/v2\/media\/28034"}],"wp:attachment":[{"href":"https:\/\/www.sportchaco.com.ar\/index.php?rest_route=%2Fwp%2Fv2%2Fmedia&parent=28033"}],"wp:term":[{"taxonomy":"category","embeddable":true,"href":"https:\/\/www.sportchaco.com.ar\/index.php?rest_route=%2Fwp%2Fv2%2Fcategories&post=28033"},{"taxonomy":"post_tag","embeddable":true,"href":"https:\/\/www.sportchaco.com.ar\/index.php?rest_route=%2Fwp%2Fv2%2Ftags&post=28033"}],"curies":[{"name":"wp","href":"https:\/\/api.w.org\/{rel}","templated":true}]}}