{"id":28039,"date":"2025-11-02T19:50:51","date_gmt":"2025-11-02T22:50:51","guid":{"rendered":"https:\/\/www.sportchaco.com.ar\/?p=28039"},"modified":"2025-11-02T19:52:37","modified_gmt":"2025-11-02T22:52:37","slug":"quien-es-stefano-di-carlo-el-joven-nuevo-presidente-de-river-que-quiere-techar-el-monumental","status":"publish","type":"post","link":"https:\/\/www.sportchaco.com.ar\/?p=28039","title":{"rendered":"Qui\u00e9n es Stefano Di Carlo, el joven nuevo presidente de River que quiere techar el Monumental"},"content":{"rendered":"<p>&nbsp;<\/p>\n<div class=\"nota-main-data\">\n<div class=\"flex-container align-start justify-between\">\n<p class=\"fecha-nota\">\n<\/div>\n<h1 class=\"main-title font-900\"><\/h1>\n<p><strong>Stefano Di Carlo era secretario general de la Comisi\u00f3n Directiva encabezada por Jorge Brito. Con 36 a\u00f1os, es el segundo mandatario electo con menos edad de la historia del club. Asegura la continuidad de Gallardo.\u00a0<\/strong><\/p>\n<div class=\"autor-share-holder flex-container justify-between\">\n<div class=\"flex-container align-center\">\n<div class=\"autor flex-container align-center\">\n<div class=\"autor-name alt-font font-700 no-link\"><\/div>\n<\/div>\n<\/div>\n<div class=\"nota-read-audio flex-container align-center justify-between\"><\/div>\n<div class=\"nota-share flex-container align-center justify-between\"><\/div>\n<\/div>\n<div class=\"swiper-container swiper-container-horizontal\" data-fotogaleria=\"captionnota\" data-nota=\"\" data-fotogaleriathumbnails=\"no\" data-fotogaleriafullscreen=\"no\">\n<div class=\"swiper-wrapper\">\n<div class=\"swiper-slide swiper-slide-active\" data-imagedesc=\"Di Carlo, el segundo de izquierda a derecha, junto a los otros directivos electos con un r\u00e9cord de votos en River.\" data-imagefuente=\"@RiverPlate\" data-imagecount=\"1\"><img loading=\"lazy\" decoding=\"async\" src=\"https:\/\/www.rosario3.com\/__export\/1762109114421\/sites\/rosario3\/img\/2025\/11\/02\/elecciones_river.jpg_1756841869.jpg\" alt=\"Di Carlo, el segundo de izquierda a derecha, junto a los otros directivos electos con un r\u00e9cord de votos en River.\" width=\"800\" height=\"450\" \/><\/div>\n<\/div>\n<div class=\"swiper-button-prev opacity0 swiper-button-disabled\"><img decoding=\"async\" src=\"https:\/\/www.rosario3.com\/__export\/1555330252000\/sites\/rosario3\/arte\/v2\/slider-white-arrow.png\" alt=\"Anterior\" \/><\/div>\n<\/div>\n<div class=\"gallery-caption flex-container align-center\">\n<p class=\"foto-desc\">Di Carlo, el segundo de izquierda a derecha, junto a los otros directivos electos con un r\u00e9cord de votos en River.\u00a0(@RiverPlate)<\/p>\n<\/div>\n<\/div>\n<div class=\"article-body-extra-container\">\n<div class=\"article-body\">\n<p><strong>Stefano Di Carlo<\/strong>\u00a0fue elegido el\u00a0s\u00e1bado como el\u00a0<strong>nuevo presidente de River Plate<\/strong>, un nombre que asegura\u00a0la continuidad del proyecto oficialista que encabezaron Rodolfo D\u2019Onofrio y Jorge Brito.<\/p>\n<p>Con 36 a\u00f1os, Di Carlo se impuso en las elecciones con un contundente<strong>\u00a061,77% de los votos<\/strong>\u00a0(participaron m\u00e1s de 25.500 socios) y se convirti\u00f3 en el segundo mandatario m\u00e1s joven en la historia del club,\u00a0<strong>solo por detr\u00e1s de\u00a0Antonio Vespucio Liberti<\/strong>.<\/p>\n<p>Al mismo tiempo que desarrolla su trayectoria pol\u00edtica en River, Di Carlo es la cabeza del Grupo IDIX, un holding que f<strong>actura m\u00e1s de 30 millones de d\u00f3lares al a\u00f1o\u00a0<\/strong>y que agrupa a varias compa\u00f1\u00edas, seg\u00fan inform\u00f3 Clar\u00edn.<\/p>\n<p>Se destaca por casos de transformaci\u00f3n digital como por ejemplo\u00a0<strong>en el Movistar Arena y alianzas con importantes partners internacionales<\/strong>. Fundado por Di Carlo, el grupo naci\u00f3 hace diez a\u00f1os con la creaci\u00f3n de Ronda 360, una consultora dirigida a brindar servicios de comunicaci\u00f3n integral.<\/p>\n<p><img decoding=\"async\" src=\"https:\/\/images.pagina12.com.ar\/styles\/focal_3_2_470x313\/public\/2025-11\/985654-26a.jpg?h=1c9b88c9&amp;itok=oNV-AyQP\" alt=\"El nuevo presidente de River, en el momento de votar\" \/><\/p>\n<h2><strong>Un apellido con historia en River<\/strong><\/h2>\n<p>Di Carlo no es un nombre improvisado en los pasillos del Monumental. Su v\u00ednculo es familiar: es nieto de\u00a0<strong>Osvaldo \u201cTiti\u201d Di Carlo,<\/strong>\u00a0quien fue\u00a0<strong>presidente del club en 1989<\/strong>, y bisnieto de \u00c1ngel Di Carlo, prosecretario durante la era de Antonio Liberti.<\/p>\n<p>Su vida transcurri\u00f3 en la instituci\u00f3n: hizo la primaria y secundaria en la escuela del club y, seg\u00fan los informes,\u00a0<strong>su abuelo falleci\u00f3 en la platea San Mart\u00edn en 2005<\/strong>\u00a0durante un partido de Copa Libertadores, un hecho que \u00abmarc\u00f3 el lazo emocional\u00bb que lo une a River.<\/p>\n<p>&nbsp;<\/p>\n<div class=\"ck-related-news load\"><\/div>\n<div class=\"mira-tambien\">\n<p class=\"alt-font font-700 uppercase\">Mir\u00e1 tambi\u00e9n<\/p>\n<\/div>\n<\/div>\n<\/div>\n","protected":false},"excerpt":{"rendered":"<p>&nbsp; Stefano Di Carlo era secretario general de la Comisi\u00f3n Directiva encabezada por Jorge Brito. Con 36 a\u00f1os, es el segundo mandatario electo con menos edad de la historia del club. Asegura la continuidad de Gallardo.\u00a0 Di Carlo, el segundo de izquierda a derecha, junto a los otros directivos electos con un r\u00e9cord de votos &hellip;<\/p>\n","protected":false},"author":2,"featured_media":28040,"comment_status":"open","ping_status":"open","sticky":false,"template":"","format":"standard","meta":{"footnotes":""},"categories":[44],"tags":[],"class_list":["post-28039","post","type-post","status-publish","format-standard","has-post-thumbnail","hentry","category-varios"],"_links":{"self":[{"href":"https:\/\/www.sportchaco.com.ar\/index.php?rest_route=\/wp\/v2\/posts\/28039","targetHints":{"allow":["GET"]}}],"collection":[{"href":"https:\/\/www.sportchaco.com.ar\/index.php?rest_route=\/wp\/v2\/posts"}],"about":[{"href":"https:\/\/www.sportchaco.com.ar\/index.php?rest_route=\/wp\/v2\/types\/post"}],"author":[{"embeddable":true,"href":"https:\/\/www.sportchaco.com.ar\/index.php?rest_route=\/wp\/v2\/users\/2"}],"replies":[{"embeddable":true,"href":"https:\/\/www.sportchaco.com.ar\/index.php?rest_route=%2Fwp%2Fv2%2Fcomments&post=28039"}],"version-history":[{"count":2,"href":"https:\/\/www.sportchaco.com.ar\/index.php?rest_route=\/wp\/v2\/posts\/28039\/revisions"}],"predecessor-version":[{"id":28042,"href":"https:\/\/www.sportchaco.com.ar\/index.php?rest_route=\/wp\/v2\/posts\/28039\/revisions\/28042"}],"wp:featuredmedia":[{"embeddable":true,"href":"https:\/\/www.sportchaco.com.ar\/index.php?rest_route=\/wp\/v2\/media\/28040"}],"wp:attachment":[{"href":"https:\/\/www.sportchaco.com.ar\/index.php?rest_route=%2Fwp%2Fv2%2Fmedia&parent=28039"}],"wp:term":[{"taxonomy":"category","embeddable":true,"href":"https:\/\/www.sportchaco.com.ar\/index.php?rest_route=%2Fwp%2Fv2%2Fcategories&post=28039"},{"taxonomy":"post_tag","embeddable":true,"href":"https:\/\/www.sportchaco.com.ar\/index.php?rest_route=%2Fwp%2Fv2%2Ftags&post=28039"}],"curies":[{"name":"wp","href":"https:\/\/api.w.org\/{rel}","templated":true}]}}