{"id":28051,"date":"2025-11-02T20:17:54","date_gmt":"2025-11-02T23:17:54","guid":{"rendered":"https:\/\/www.sportchaco.com.ar\/?p=28051"},"modified":"2025-11-02T20:18:25","modified_gmt":"2025-11-02T23:18:25","slug":"28051","status":"publish","type":"post","link":"https:\/\/www.sportchaco.com.ar\/?p=28051","title":{"rendered":"Central Norte rumbo a los 10 a\u00f1os de vida institucional"},"content":{"rendered":"<table border=\"0\" width=\"99%\" cellspacing=\"0\" align=\"center\">\n<tbody>\n<tr>\n<td align=\"center\">&nbsp;<\/p>\n<p><strong>La Comisi\u00f3n Directiva del Club Atl\u00e9tico Central Norte Argentino invita a todos los medios de comunicaci\u00f3n a participar de la Conferencia de Prensa que se llevar\u00e1 a cabo el lunes 3 de noviembre de 2025, a las 11:00 horas, en la Sede Social del club, ubicada en Av. Las Heras 845, Resistencia (Chaco).<\/strong><\/p>\n<p>&nbsp;<\/p>\n<p>Durante el encuentro se brindar\u00e1n detalles sobre los avances de las obras que se est\u00e1n desarrollando en el predio ferroviario, incluyendo departamentos, tribunas y nuevas instalaciones, en el marco del programa \u00abRumbo a los 100 a\u00f1os, de vida institucional\u00bb, con vistas al centenario de la instituci\u00f3n.<\/p>\n<p>Ser\u00e1 una jornada abierta a la prensa, en la que se recorrer\u00e1n las instalaciones y se compartir\u00e1n los proyectos que marcan una nueva etapa de crecimiento para el Ferroviario.<\/p>\n<p>&nbsp;<\/p>\n<p>A los 19 un desfile con la presencia de todos los deportistas de la instituci\u00f3n, la presencia de la banda de m\u00fasica de la Municipalidad. la imposici\u00f3n de los nombres al sun, sede social y estadio. Estar\u00e1n presentes altas autoridades como el gobernador y otros funcionarios.<\/p>\n<p>La\u00a0 idea es encontrar el apoyo y el impulso hacia los cien a\u00f1os del club, ya que ya falta menos de un a\u00f1o.<\/p>\n<p><img decoding=\"async\" src=\"https:\/\/www.sportchaco.com.ar\/wp-content\/uploads\/2025\/11\/Central-Norte-2025.jpg\" \/><\/td>\n<\/tr>\n<\/tbody>\n<\/table>\n","protected":false},"excerpt":{"rendered":"<p>&nbsp; La Comisi\u00f3n Directiva del Club Atl\u00e9tico Central Norte Argentino invita a todos los medios de comunicaci\u00f3n a participar de la Conferencia de Prensa que se llevar\u00e1 a cabo el lunes 3 de noviembre de 2025, a las 11:00 horas, en la Sede Social del club, ubicada en Av. Las Heras 845, Resistencia (Chaco). &nbsp; &hellip;<\/p>\n","protected":false},"author":2,"featured_media":28056,"comment_status":"open","ping_status":"open","sticky":false,"template":"","format":"standard","meta":{"footnotes":""},"categories":[1],"tags":[],"class_list":["post-28051","post","type-post","status-publish","format-standard","has-post-thumbnail","hentry","category-fotos-del-recuerdo"],"_links":{"self":[{"href":"https:\/\/www.sportchaco.com.ar\/index.php?rest_route=\/wp\/v2\/posts\/28051","targetHints":{"allow":["GET"]}}],"collection":[{"href":"https:\/\/www.sportchaco.com.ar\/index.php?rest_route=\/wp\/v2\/posts"}],"about":[{"href":"https:\/\/www.sportchaco.com.ar\/index.php?rest_route=\/wp\/v2\/types\/post"}],"author":[{"embeddable":true,"href":"https:\/\/www.sportchaco.com.ar\/index.php?rest_route=\/wp\/v2\/users\/2"}],"replies":[{"embeddable":true,"href":"https:\/\/www.sportchaco.com.ar\/index.php?rest_route=%2Fwp%2Fv2%2Fcomments&post=28051"}],"version-history":[{"count":2,"href":"https:\/\/www.sportchaco.com.ar\/index.php?rest_route=\/wp\/v2\/posts\/28051\/revisions"}],"predecessor-version":[{"id":28058,"href":"https:\/\/www.sportchaco.com.ar\/index.php?rest_route=\/wp\/v2\/posts\/28051\/revisions\/28058"}],"wp:featuredmedia":[{"embeddable":true,"href":"https:\/\/www.sportchaco.com.ar\/index.php?rest_route=\/wp\/v2\/media\/28056"}],"wp:attachment":[{"href":"https:\/\/www.sportchaco.com.ar\/index.php?rest_route=%2Fwp%2Fv2%2Fmedia&parent=28051"}],"wp:term":[{"taxonomy":"category","embeddable":true,"href":"https:\/\/www.sportchaco.com.ar\/index.php?rest_route=%2Fwp%2Fv2%2Fcategories&post=28051"},{"taxonomy":"post_tag","embeddable":true,"href":"https:\/\/www.sportchaco.com.ar\/index.php?rest_route=%2Fwp%2Fv2%2Ftags&post=28051"}],"curies":[{"name":"wp","href":"https:\/\/api.w.org\/{rel}","templated":true}]}}