{"id":28077,"date":"2025-11-03T18:52:52","date_gmt":"2025-11-03T21:52:52","guid":{"rendered":"https:\/\/www.sportchaco.com.ar\/?p=28077"},"modified":"2025-11-03T20:42:06","modified_gmt":"2025-11-03T23:42:06","slug":"gran-jornada-periodistica-en-resistencia","status":"publish","type":"post","link":"https:\/\/www.sportchaco.com.ar\/?p=28077","title":{"rendered":"Gran jornada period\u00edstica en Resistencia"},"content":{"rendered":"<p><strong>03-11-2025<\/strong><\/p>\n<p><img loading=\"lazy\" decoding=\"async\" class=\"aligncenter size-large wp-image-18571\" src=\"https:\/\/www.sportchaco.com.ar\/wp-content\/uploads\/2025\/04\/Chaco-si-n-fuego-2-940x90-3-1-1024x99.gif\" alt=\"\" width=\"1024\" height=\"99\" srcset=\"https:\/\/www.sportchaco.com.ar\/wp-content\/uploads\/2025\/04\/Chaco-si-n-fuego-2-940x90-3-1-1024x99.gif 1024w, https:\/\/www.sportchaco.com.ar\/wp-content\/uploads\/2025\/04\/Chaco-si-n-fuego-2-940x90-3-1-300x29.gif 300w, https:\/\/www.sportchaco.com.ar\/wp-content\/uploads\/2025\/04\/Chaco-si-n-fuego-2-940x90-3-1-768x74.gif 768w, https:\/\/www.sportchaco.com.ar\/wp-content\/uploads\/2025\/04\/Chaco-si-n-fuego-2-940x90-3-1-1536x148.gif 1536w\" sizes=\"auto, (max-width: 1024px) 100vw, 1024px\" \/><\/p>\n<p>En el marco del D\u00eda del Periodista Deportivo, la Unidad Educativa de Gesti\u00f3n Privada N\u00b0 157, organizar\u00e1 una gran jornada que incluir\u00e1 a periodistas locales y la presencia de un emblema de la profesi\u00f3n, N\u00e9stor Clivati.<\/p>\n<p>La jornada que se realizar\u00e1 este viernes 7 de noviembre, comenzando a las 17 horas en la sede central de la UEGP N\u00b0 157, ubicada en Avenida 9 de julio 1734 de la ciudad de Resistencia, con una presentaci\u00f3n de los docentes espec\u00edficos de la carrera de Periodismo Deportivo de la instituci\u00f3n, donde brindar\u00e1n una mirada sobre la actualidad en el medio local del periodismo deportivo y dar\u00e1n lugar a invitados especiales para la jornada.<\/p>\n<p>Alan Radzanowicz, coordinador general de la carrera, acompa\u00f1ado por los mejores en su especialidad, Marcos Daniel Acosta, Pedro Ariel Meza y Gabriela Pellegrini, ser\u00e1n los encargados de abrir el espacio y le dar\u00e1n lugar a un referente local como Guillermo Candia, que explicar\u00e1 la actividad del periodista deportivo de la regi\u00f3n, las dificultades y avances en los \u00faltimos a\u00f1os en la profesi\u00f3n.<\/p>\n<p><img loading=\"lazy\" decoding=\"async\" class=\"aligncenter size-large wp-image-28078\" src=\"https:\/\/www.sportchaco.com.ar\/wp-content\/uploads\/2025\/11\/jornada-1024x1024.jpeg\" alt=\"\" width=\"1024\" height=\"1024\" srcset=\"https:\/\/www.sportchaco.com.ar\/wp-content\/uploads\/2025\/11\/jornada-1024x1024.jpeg 1024w, https:\/\/www.sportchaco.com.ar\/wp-content\/uploads\/2025\/11\/jornada-300x300.jpeg 300w, https:\/\/www.sportchaco.com.ar\/wp-content\/uploads\/2025\/11\/jornada-150x150.jpeg 150w, https:\/\/www.sportchaco.com.ar\/wp-content\/uploads\/2025\/11\/jornada-768x768.jpeg 768w, https:\/\/www.sportchaco.com.ar\/wp-content\/uploads\/2025\/11\/jornada-1536x1536.jpeg 1536w, https:\/\/www.sportchaco.com.ar\/wp-content\/uploads\/2025\/11\/jornada.jpeg 1600w\" sizes=\"auto, (max-width: 1024px) 100vw, 1024px\" \/><\/p>\n<p>Adem\u00e1s, acompa\u00f1ar\u00e1n la jornada personalidades del periodismo deportivo en la provincia y el C\u00edrculo de Periodistas Deportivos del Chaco dir\u00e1 presente con sus dirigentes m\u00e1s importantes.<\/p>\n<p>Como broche de oro, participar\u00e1 de la jornada el reconocido periodista rafaelino, N\u00e9stor Clivati, que brindar\u00e1 una mirada \u00fanica con respecto al periodismo deportivo, su visi\u00f3n sobre los medios radiales m\u00e1s importantes del pa\u00eds, su regreso a su ciudad de origen y como es trabajar con los m\u00e1s grandes periodistas de la historia de Argentina.<\/p>\n<p>Adem\u00e1s, compartir\u00e1 su visi\u00f3n sobre la profesi\u00f3n y c\u00f3mo analiza el futuro de la profesi\u00f3n en la regi\u00f3n y el pa\u00eds.<\/p>\n<p>La jornada finalizar\u00e1 pasadas las 20 horas y las puertas de la UEGP N\u00b0157 estar\u00e1 abierta a la comunidad en general, se espera la presencia de periodistas locales y estudiantes para desarrollar una actividad magnifica con N\u00e9stor Clivati, uno de los grandes referentes del periodismo deportivo.<\/p>\n<p><img loading=\"lazy\" decoding=\"async\" class=\"aligncenter size-large wp-image-18957\" src=\"https:\/\/www.sportchaco.com.ar\/wp-content\/uploads\/2025\/05\/1080x1350-3-819x1024.gif\" alt=\"\" width=\"819\" height=\"1024\" srcset=\"https:\/\/www.sportchaco.com.ar\/wp-content\/uploads\/2025\/05\/1080x1350-3-819x1024.gif 819w, https:\/\/www.sportchaco.com.ar\/wp-content\/uploads\/2025\/05\/1080x1350-3-240x300.gif 240w, https:\/\/www.sportchaco.com.ar\/wp-content\/uploads\/2025\/05\/1080x1350-3-768x960.gif 768w, https:\/\/www.sportchaco.com.ar\/wp-content\/uploads\/2025\/05\/1080x1350-3-1229x1536.gif 1229w, https:\/\/www.sportchaco.com.ar\/wp-content\/uploads\/2025\/05\/1080x1350-3-1638x2048.gif 1638w\" sizes=\"auto, (max-width: 819px) 100vw, 819px\" \/><\/p>\n","protected":false},"excerpt":{"rendered":"<p>03-11-2025 En el marco del D\u00eda del Periodista Deportivo, la Unidad Educativa de Gesti\u00f3n Privada N\u00b0 157, organizar\u00e1 una gran jornada que incluir\u00e1 a periodistas locales y la presencia de un emblema de la profesi\u00f3n, N\u00e9stor Clivati. La jornada que se realizar\u00e1 este viernes 7 de noviembre, comenzando a las 17 horas en la sede &hellip;<\/p>\n","protected":false},"author":3,"featured_media":28079,"comment_status":"open","ping_status":"open","sticky":false,"template":"","format":"standard","meta":{"footnotes":""},"categories":[44],"tags":[],"class_list":["post-28077","post","type-post","status-publish","format-standard","has-post-thumbnail","hentry","category-varios"],"_links":{"self":[{"href":"https:\/\/www.sportchaco.com.ar\/index.php?rest_route=\/wp\/v2\/posts\/28077","targetHints":{"allow":["GET"]}}],"collection":[{"href":"https:\/\/www.sportchaco.com.ar\/index.php?rest_route=\/wp\/v2\/posts"}],"about":[{"href":"https:\/\/www.sportchaco.com.ar\/index.php?rest_route=\/wp\/v2\/types\/post"}],"author":[{"embeddable":true,"href":"https:\/\/www.sportchaco.com.ar\/index.php?rest_route=\/wp\/v2\/users\/3"}],"replies":[{"embeddable":true,"href":"https:\/\/www.sportchaco.com.ar\/index.php?rest_route=%2Fwp%2Fv2%2Fcomments&post=28077"}],"version-history":[{"count":3,"href":"https:\/\/www.sportchaco.com.ar\/index.php?rest_route=\/wp\/v2\/posts\/28077\/revisions"}],"predecessor-version":[{"id":28098,"href":"https:\/\/www.sportchaco.com.ar\/index.php?rest_route=\/wp\/v2\/posts\/28077\/revisions\/28098"}],"wp:featuredmedia":[{"embeddable":true,"href":"https:\/\/www.sportchaco.com.ar\/index.php?rest_route=\/wp\/v2\/media\/28079"}],"wp:attachment":[{"href":"https:\/\/www.sportchaco.com.ar\/index.php?rest_route=%2Fwp%2Fv2%2Fmedia&parent=28077"}],"wp:term":[{"taxonomy":"category","embeddable":true,"href":"https:\/\/www.sportchaco.com.ar\/index.php?rest_route=%2Fwp%2Fv2%2Fcategories&post=28077"},{"taxonomy":"post_tag","embeddable":true,"href":"https:\/\/www.sportchaco.com.ar\/index.php?rest_route=%2Fwp%2Fv2%2Ftags&post=28077"}],"curies":[{"name":"wp","href":"https:\/\/api.w.org\/{rel}","templated":true}]}}