{"id":28089,"date":"2025-11-03T20:32:37","date_gmt":"2025-11-03T23:32:37","guid":{"rendered":"https:\/\/www.sportchaco.com.ar\/?p=28089"},"modified":"2025-11-04T14:45:54","modified_gmt":"2025-11-04T17:45:54","slug":"central-norte-multiplica-su-patrimonio-con-megaproyectos","status":"publish","type":"post","link":"https:\/\/www.sportchaco.com.ar\/?p=28089","title":{"rendered":"Central Norte multiplica su patrimonio con megaproyectos"},"content":{"rendered":"<p>El Club Central Norte de Resistencia, lejos de estancarse, se ha posicionado como un motor de desarrollo comunitario y edilicio en Chaco. En una reciente conferencia de prensa, el presidente <strong>Ra\u00fal Montenegro<\/strong> detall\u00f3 los <strong>avances de obras monumentales<\/strong>, la <strong>diversificaci\u00f3n deportiva<\/strong> y el justo <strong>homenaje a sus pilares fundacionales<\/strong>, revelando un crecimiento patrimonial que califica de \u00abvisionario\u00bb.<\/p>\n<p><strong>Un salto patrimonial de $600 millones<br \/>\n<\/strong>Montenegro destac\u00f3 que la estrategia de permutas y construcci\u00f3n ha catapultado el valor patrimonial del club de su valor original de $600 mil pesos a <strong>m\u00e1s de $600 millones de pesos<\/strong>.<\/p>\n<p>El ambicioso proyecto se sustenta en acuerdos estrat\u00e9gicos:<\/p>\n<ul>\n<li><strong>Renta Inmobiliaria para el Club:<\/strong> Una de las permutas, a cambio de un terreno de 30&#215;100 metros, asegurar\u00e1 a Central Norte la cesi\u00f3n de entre <strong>21 y 24 departamentos tipo monoambiente<\/strong> y <strong>11 cocheras<\/strong>. Estos bienes pasar\u00e1n directamente a engrosar el activo de la instituci\u00f3n.<\/li>\n<li><strong>El Edificio L\u00f3pez Piacentini:<\/strong> Otra permuta cede un terreno de 13&#215;130 metros para la construcci\u00f3n de un edificio de cuatro pisos con <strong>17 locales comerciales<\/strong> y una cochera. Adem\u00e1s, esta obra es crucial ya que albergar\u00e1 la futura <strong>tribuna con platea techada<\/strong>, parte vital del nuevo complejo deportivo.<img loading=\"lazy\" decoding=\"async\" class=\"alignnone wp-image-28091 size-large\" src=\"https:\/\/www.sportchaco.com.ar\/wp-content\/uploads\/2025\/11\/Tribunas-1024x768.jpg\" alt=\"\" width=\"1024\" height=\"768\" srcset=\"https:\/\/www.sportchaco.com.ar\/wp-content\/uploads\/2025\/11\/Tribunas-1024x768.jpg 1024w, https:\/\/www.sportchaco.com.ar\/wp-content\/uploads\/2025\/11\/Tribunas-300x225.jpg 300w, https:\/\/www.sportchaco.com.ar\/wp-content\/uploads\/2025\/11\/Tribunas-768x576.jpg 768w, https:\/\/www.sportchaco.com.ar\/wp-content\/uploads\/2025\/11\/Tribunas-1536x1152.jpg 1536w, https:\/\/www.sportchaco.com.ar\/wp-content\/uploads\/2025\/11\/Tribunas-2048x1536.jpg 2048w\" sizes=\"auto, (max-width: 1024px) 100vw, 1024px\" \/><\/li>\n<\/ul>\n<p><strong>El Nuevo Estadio: Un Gigante para 14.000 Personas<br \/>\n<\/strong>El proyecto m\u00e1s ambicioso es la concreci\u00f3n del nuevo estadio, que quedar\u00e1 enclavado entre las <strong>avenidas Castelli y Las Heras<\/strong>.<\/p>\n<p>\u201cCuando en 1997 hicimos la permuta inicial, varios nos dec\u00edan que est\u00e1bamos locos&#8230; hoy vemos que ese cambio de lugar fue visionario\u201d, afirm\u00f3 Montenegro.<\/p>\n<p>El nuevo hogar del \u00abFerroviario\u00bb tendr\u00e1 capacidad para <strong>14.000 espectadores<\/strong>, una cifra que lo ubicar\u00e1 entre los tres estadios m\u00e1s grandes de la provincia del Chaco, confirmando la perspectiva de crecimiento que los dirigentes de la \u00e9poca vislumbraron.<\/p>\n<p><img loading=\"lazy\" decoding=\"async\" class=\"aligncenter wp-image-28092 size-large\" src=\"https:\/\/www.sportchaco.com.ar\/wp-content\/uploads\/2025\/11\/Sede-tomas-soria-1024x768.jpg\" alt=\"\" width=\"1024\" height=\"768\" srcset=\"https:\/\/www.sportchaco.com.ar\/wp-content\/uploads\/2025\/11\/Sede-tomas-soria-1024x768.jpg 1024w, https:\/\/www.sportchaco.com.ar\/wp-content\/uploads\/2025\/11\/Sede-tomas-soria-300x225.jpg 300w, https:\/\/www.sportchaco.com.ar\/wp-content\/uploads\/2025\/11\/Sede-tomas-soria-768x576.jpg 768w, https:\/\/www.sportchaco.com.ar\/wp-content\/uploads\/2025\/11\/Sede-tomas-soria-1536x1152.jpg 1536w, https:\/\/www.sportchaco.com.ar\/wp-content\/uploads\/2025\/11\/Sede-tomas-soria-2048x1536.jpg 2048w\" sizes=\"auto, (max-width: 1024px) 100vw, 1024px\" \/><\/p>\n<p><strong>Central Norte, un Centro Deportivo Comunitario<\/strong><\/p>\n<p>El club ha dejado atr\u00e1s su identidad exclusiva de f\u00fatbol. Actualmente, Central Norte alberga <strong>13 disciplinas deportivas<\/strong>, con una actividad que se extiende <strong>desde las 8 de la ma\u00f1ana hasta la 1 de la madrugada<\/strong>.<\/p>\n<p><img decoding=\"async\" src=\"https:\/\/scontent.fcnq2-1.fna.fbcdn.net\/v\/t39.30808-6\/577016445_122112031971022572_2336939941676860857_n.jpg?_nc_cat=102&amp;ccb=1-7&amp;_nc_sid=127cfc&amp;_nc_ohc=xCUerIbRY7kQ7kNvwE1dN9W&amp;_nc_oc=AdlnoOd6o-5CIQCN-_SSBGOUfjH5_VzwwqzOuZAvGCOwoFCCDXX8T7RVcKRXejU7Kpg&amp;_nc_zt=23&amp;_nc_ht=scontent.fcnq2-1.fna&amp;_nc_gid=6MkFYcixoom6XGvH8b6LTQ&amp;oh=00_AfgVFV8EThHWNrbe3l9daqEVGudoK1wGO9YWCG_NJ1uFYg&amp;oe=690F0E82\" alt=\"Puede ser una imagen de texto\" \/><\/p>\n<p>Las disciplinas que sobresalen incluyen:<\/p>\n<ul>\n<li><strong>Handball:<\/strong> Campe\u00f3n en el \u00faltimo torneo de Misiones.<\/li>\n<li><strong>V\u00f3ley:<\/strong> Con activa participaci\u00f3n en la federaci\u00f3n chaque\u00f1a.<\/li>\n<li><strong>Hockey:<\/strong> Con un proyecto en marcha para adquirir un terreno de <strong>cuatro hect\u00e1reas<\/strong> y construir canchas propias para hockey y f\u00fatbol infantil.<\/li>\n<\/ul>\n<p>El club tambi\u00e9n genera recursos propios gracias a una <strong>cancha de f\u00fatbol sint\u00e9tica concesionada<\/strong>, lo que demuestra un modelo de gesti\u00f3n autosustentable.<\/p>\n<p><img decoding=\"async\" src=\"https:\/\/scontent.fcnq2-1.fna.fbcdn.net\/v\/t39.30808-6\/577017561_122112032181022572_7881622107669438521_n.jpg?_nc_cat=101&amp;ccb=1-7&amp;_nc_sid=127cfc&amp;_nc_ohc=CThHw2sZbNAQ7kNvwFfyaU_&amp;_nc_oc=AdmJtnkCPvKH19ViUAT0RmybTLZQstit2FN8tsVaiKvQG-9uFUf9R9oEnzalzE44WL8&amp;_nc_zt=23&amp;_nc_ht=scontent.fcnq2-1.fna&amp;_nc_gid=_mn4Ox1wxNkv8sM7K-nVRA&amp;oh=00_AfjjldZaNZpaBWnJZILowHJw2o45APglFE5pr4Ljxf0SZw&amp;oe=690F1F9B\" alt=\"Puede ser una imagen de una o varias personas y texto\" \/><\/p>\n<p><strong>Homenaje a la Historia y Legado Ferroviario<\/strong><\/p>\n<p>Finalmente, Montenegro anunci\u00f3 un acto de reconocimiento a figuras hist\u00f3ricas de la instituci\u00f3n, asegurando que se mantendr\u00e1n \u00abvivas todas nuestras ra\u00edces ferroviarias\u00bb.<\/p>\n<table>\n<thead>\n<tr>\n<td><strong>Instalaci\u00f3n Nueva<\/strong><\/td>\n<td><strong>Homenajeado<\/strong><\/td>\n<td><strong>Legado<\/strong><\/td>\n<\/tr>\n<\/thead>\n<tbody>\n<tr>\n<td><strong>Estadio<\/strong><\/td>\n<td>Dr. Alberto Norniella<\/td>\n<td>Expresidente y titular de la Fundaci\u00f3n Central Norte.<\/td>\n<\/tr>\n<tr>\n<td><strong>Sal\u00f3n de Usos M\u00faltiples (SUM)<\/strong><\/td>\n<td>Dr. Norberto Soria<\/td>\n<td>El primer visionario en impulsar el cambio de sede.<\/td>\n<\/tr>\n<tr>\n<td><strong>Sede Social<\/strong><\/td>\n<td>Virgilio Moschino<\/td>\n<td>Dirigente de trabajo incansable por la instituci\u00f3n.<\/td>\n<\/tr>\n<tr>\n<td><strong>Microestadio<\/strong><\/td>\n<td>Alejandro Puma Pirota<\/td>\n<td>Destacado deportista y ex arquero de la instituci\u00f3n<\/td>\n<\/tr>\n<\/tbody>\n<\/table>\n<p>&nbsp;<\/p>\n<p><img loading=\"lazy\" decoding=\"async\" class=\"aligncenter\" src=\"https:\/\/scontent.fcnq2-1.fna.fbcdn.net\/v\/t39.30808-6\/577015614_122112031965022572_4858320678842969423_n.jpg?_nc_cat=100&amp;ccb=1-7&amp;_nc_sid=127cfc&amp;_nc_ohc=xGzd9ceCJ9MQ7kNvwFmK4jX&amp;_nc_oc=AdmLy52vteUcXyJK5M6X1VwHhOofza9LB5UmT2hXTGFxq_28bQHKNPDlUhmLWabxr1w&amp;_nc_zt=23&amp;_nc_ht=scontent.fcnq2-1.fna&amp;_nc_gid=BHFMthCNhBIUiZSbcsgIPA&amp;oh=00_Afh4niR5MvkLkHPJgGksQuavpvP5BdJE6nCfnVAtJ6GDDQ&amp;oe=690F2040\" alt=\"Puede ser una imagen de hospital y texto\" width=\"421\" height=\"315\" \/><\/p>\n","protected":false},"excerpt":{"rendered":"<p>El Club Central Norte de Resistencia, lejos de estancarse, se ha posicionado como un motor de desarrollo comunitario y edilicio en Chaco. En una reciente conferencia de prensa, el presidente Ra\u00fal Montenegro detall\u00f3 los avances de obras monumentales, la diversificaci\u00f3n deportiva y el justo homenaje a sus pilares fundacionales, revelando un crecimiento patrimonial que califica &hellip;<\/p>\n","protected":false},"author":2,"featured_media":28094,"comment_status":"open","ping_status":"open","sticky":false,"template":"","format":"standard","meta":{"footnotes":""},"categories":[44],"tags":[],"class_list":["post-28089","post","type-post","status-publish","format-standard","has-post-thumbnail","hentry","category-varios"],"_links":{"self":[{"href":"https:\/\/www.sportchaco.com.ar\/index.php?rest_route=\/wp\/v2\/posts\/28089","targetHints":{"allow":["GET"]}}],"collection":[{"href":"https:\/\/www.sportchaco.com.ar\/index.php?rest_route=\/wp\/v2\/posts"}],"about":[{"href":"https:\/\/www.sportchaco.com.ar\/index.php?rest_route=\/wp\/v2\/types\/post"}],"author":[{"embeddable":true,"href":"https:\/\/www.sportchaco.com.ar\/index.php?rest_route=\/wp\/v2\/users\/2"}],"replies":[{"embeddable":true,"href":"https:\/\/www.sportchaco.com.ar\/index.php?rest_route=%2Fwp%2Fv2%2Fcomments&post=28089"}],"version-history":[{"count":4,"href":"https:\/\/www.sportchaco.com.ar\/index.php?rest_route=\/wp\/v2\/posts\/28089\/revisions"}],"predecessor-version":[{"id":28158,"href":"https:\/\/www.sportchaco.com.ar\/index.php?rest_route=\/wp\/v2\/posts\/28089\/revisions\/28158"}],"wp:featuredmedia":[{"embeddable":true,"href":"https:\/\/www.sportchaco.com.ar\/index.php?rest_route=\/wp\/v2\/media\/28094"}],"wp:attachment":[{"href":"https:\/\/www.sportchaco.com.ar\/index.php?rest_route=%2Fwp%2Fv2%2Fmedia&parent=28089"}],"wp:term":[{"taxonomy":"category","embeddable":true,"href":"https:\/\/www.sportchaco.com.ar\/index.php?rest_route=%2Fwp%2Fv2%2Fcategories&post=28089"},{"taxonomy":"post_tag","embeddable":true,"href":"https:\/\/www.sportchaco.com.ar\/index.php?rest_route=%2Fwp%2Fv2%2Ftags&post=28089"}],"curies":[{"name":"wp","href":"https:\/\/api.w.org\/{rel}","templated":true}]}}