{"id":28102,"date":"2025-11-03T23:38:49","date_gmt":"2025-11-04T02:38:49","guid":{"rendered":"https:\/\/www.sportchaco.com.ar\/?p=28102"},"modified":"2025-11-04T14:31:41","modified_gmt":"2025-11-04T17:31:41","slug":"a-49-anos-de-una-gesta-inolvidable-chaco-campeon-argentino-juvenil-1976","status":"publish","type":"post","link":"https:\/\/www.sportchaco.com.ar\/?p=28102","title":{"rendered":"A 49 a\u00f1os de una gesta inolvidable: Chaco campe\u00f3n argentino juvenil 1976"},"content":{"rendered":"<h5>El calendario marca 49 a\u00f1os de una de las p\u00e1ginas m\u00e1s gloriosas del b\u00e1squet chaque\u00f1o: la consagraci\u00f3n del seleccionado juvenil como campe\u00f3n argentino en 1976. Una haza\u00f1a que trascendi\u00f3 el resultado deportivo para convertirse en patrimonio sentimental de toda una provincia, impulsada por una generaci\u00f3n irrepetible que supo mezclar talento, coraje y sentido de pertenencia.<\/h5>\n<p>&nbsp;<\/p>\n<p>El t\u00edtulo se sell\u00f3 en casa, en el por entonces Estadio Cubierto del Parque 2 de Febrero \u2014hoy Centro de Educaci\u00f3n F\u00edsica N.\u00ba 1\u2014, un escenario que vibr\u00f3 como pocas veces se recuerda. Cada noche, miles de chaque\u00f1os colmaron las tribunas tubulares especialmente montadas para ampliar la capacidad del coqueto gimnasio. Tal fue la marea humana y la pasi\u00f3n desbordante, que en una de las jornadas se vino abajo una de las gradas. Nadie retrocedi\u00f3. Se continu\u00f3, porque el b\u00e1squet \u2014y el Chaco\u2014 estaban viviendo su fiesta.<\/p>\n<p><img loading=\"lazy\" decoding=\"async\" class=\"alignnone size-medium wp-image-28110\" src=\"https:\/\/www.sportchaco.com.ar\/wp-content\/uploads\/2025\/11\/Walter-Melli-82-197x300.jpg\" alt=\"\" width=\"197\" height=\"300\" srcset=\"https:\/\/www.sportchaco.com.ar\/wp-content\/uploads\/2025\/11\/Walter-Melli-82-197x300.jpg 197w, https:\/\/www.sportchaco.com.ar\/wp-content\/uploads\/2025\/11\/Walter-Melli-82.jpg 394w\" sizes=\"auto, (max-width: 197px) 100vw, 197px\" \/><strong>Walter Melli con unos a\u00f1os m\u00e1s de b\u00e1squet<\/strong><\/p>\n<p><strong>Una final para la historia<br \/>\n<\/strong>En la definici\u00f3n, Chaco enfrent\u00f3 a Capital Federal y escribi\u00f3 su cap\u00edtulo heroico con un triunfo contundente por <strong>70\u201360<\/strong>, ante un marco de p\u00fablico imponente que termin\u00f3 explotando en un grito interminable. Las noches previas hab\u00edan sido igual de memorables, con victorias ante Tucum\u00e1n, Santiago del Estero \u2014con un joven Miguel Cortijo empezando a mostrar su clase\u2014 y Santa Fe, en un dram\u00e1tico suplementario.<\/p>\n<p>Gabriel \u201cPatonga\u201d Milovich, una de las grandes figuras de aquel plantel y quien posteriormente brillar\u00eda en la elite nacional e internacional \u2014incluyendo selecci\u00f3n argentina y Mundial\u2014, lo record\u00f3 alguna vez con emoci\u00f3n: <em>\u201cFue una fiesta inolvidable. El \u2018Parque\u2019 se ca\u00eda. Era el coraz\u00f3n del b\u00e1squet chaque\u00f1o y nosotros est\u00e1bamos escribiendo historia\u201d<\/em>.<\/p>\n<p>Ram\u00f3n \u201cRabincho\u201d Ojeda, otro de los protagonistas, tambi\u00e9n puso palabras a la emoci\u00f3n: <em>\u201cEs un justo reconocimiento porque los que fuimos parte de este t\u00edtulo hicimos algo por el b\u00e1squet y hoy lo seguimos haciendo, cada uno desde su lugar\u201d<\/em>.<\/p>\n<p><strong>Los protagonistas de una epopeya<br \/>\n<\/strong>La direcci\u00f3n t\u00e9cnica estuvo a cargo de <strong>Alberto Perosio<\/strong> y <strong>Julio Semino<\/strong>; el utilero fue <strong>Daniel Cristaldo<\/strong>, quien luego ser\u00eda figura de Hind\u00fa y del propio seleccionado chaque\u00f1o; y el plantel cont\u00f3 con la atenci\u00f3n m\u00e9dica del doctor <strong>Hugo Camisasca<\/strong>.<\/p>\n<p><strong>Jugadores campeones 1976:<\/strong><\/p>\n<ul>\n<li>Walter Melli (5)<\/li>\n<li>Gabriel \u201cPatonga\u201d Milovich (13)<\/li>\n<li>Ram\u00f3n \u201cRabincho\u201d Ojeda (8)<\/li>\n<li>Guillermo \u201cPuchero\u201d Fermani (11)<\/li>\n<li>Sergio \u201cMan\u00ed\u201d Schmidt (9)<\/li>\n<li>Javier Busciglio (12)<\/li>\n<li>Daniel \u201cGino\u201d La Regina (15)<\/li>\n<li>Alberto Juan<\/li>\n<li>Jorge Eguiaz\u00fa (6)<\/li>\n<li>Walter Lavia (4)<\/li>\n<li>Juan Su\u00e1rez (10)<\/li>\n<li>Ra\u00fal Invernizi (14)<\/li>\n<\/ul>\n<p><strong>La dirigencia que acompa\u00f1\u00f3 el sue\u00f1o<br \/>\n<\/strong>La Federaci\u00f3n Chaque\u00f1a estaba presidida por <strong>Hern\u00e1n Harold Piccilli<\/strong>, acompa\u00f1ado por <strong>C\u00e9sar Pilatti Vergara<\/strong>, <strong>Carlos Freschi<\/strong> y <strong>Coco Lobera<\/strong>, quienes desempe\u00f1aron un rol clave tanto en el apoyo al plantel como en la impecable organizaci\u00f3n del torneo.<\/p>\n<p><strong>El equipo que llen\u00f3 el \u201cParque\u201d\u2026 y el coraz\u00f3n del Chaco<br \/>\n<\/strong>Aquel conjunto no solo llev\u00f3 multitudes al hist\u00f3rico gimnasio del Parque, sino que llen\u00f3 de orgullo y alegr\u00eda a toda la provincia. Fue m\u00e1s que un campeonato: fue un s\u00edmbolo de identidad. El punto de partida de muchas carreras destacadas y el testimonio de una \u00e9poca donde el b\u00e1squet chaque\u00f1o, con pasi\u00f3n y formaci\u00f3n, se plantaba ante el pa\u00eds.<\/p>\n<p>Cuarenta y nueve a\u00f1os despu\u00e9s, el eco de aquellos aplausos todav\u00eda resuena. Porque hay t\u00edtulos que no los borra el tiempo. Y hay equipos que no se olvidan.<\/p>\n<p>Chaco 1976, campe\u00f3n argentino juvenil. Una gesta que vive para siempre.<\/p>\n<p><strong><img loading=\"lazy\" decoding=\"async\" class=\"alignnone wp-image-27899\" src=\"https:\/\/www.sportchaco.com.ar\/wp-content\/uploads\/2025\/10\/Luis-carita-5-287x300.jpg\" alt=\"\" width=\"55\" height=\"58\" srcset=\"https:\/\/www.sportchaco.com.ar\/wp-content\/uploads\/2025\/10\/Luis-carita-5-287x300.jpg 287w, https:\/\/www.sportchaco.com.ar\/wp-content\/uploads\/2025\/10\/Luis-carita-5.jpg 430w\" sizes=\"auto, (max-width: 55px) 100vw, 55px\" \/>\u00a0 POR LUIS DAR\u00cdO MOLODEZKY<\/strong><\/p>\n<p><img loading=\"lazy\" decoding=\"async\" class=\"alignnone wp-image-28103 size-full\" src=\"https:\/\/www.sportchaco.com.ar\/wp-content\/uploads\/2025\/11\/Milovich-juvenil.jpg\" alt=\"\" width=\"512\" height=\"221\" srcset=\"https:\/\/www.sportchaco.com.ar\/wp-content\/uploads\/2025\/11\/Milovich-juvenil.jpg 512w, https:\/\/www.sportchaco.com.ar\/wp-content\/uploads\/2025\/11\/Milovich-juvenil-300x129.jpg 300w\" sizes=\"auto, (max-width: 512px) 100vw, 512px\" \/><\/p>\n<p>Recorte de las convocatorias para Pat\u00f3n Milovich<\/p>\n<p>&nbsp;<\/p>\n<p><img loading=\"lazy\" decoding=\"async\" class=\"alignnone size-medium wp-image-28104\" src=\"https:\/\/www.sportchaco.com.ar\/wp-content\/uploads\/2025\/11\/RABINCHO-OJEDA-1-222x300.jpg\" alt=\"\" width=\"222\" height=\"300\" srcset=\"https:\/\/www.sportchaco.com.ar\/wp-content\/uploads\/2025\/11\/RABINCHO-OJEDA-1-222x300.jpg 222w, https:\/\/www.sportchaco.com.ar\/wp-content\/uploads\/2025\/11\/RABINCHO-OJEDA-1-756x1024.jpg 756w, https:\/\/www.sportchaco.com.ar\/wp-content\/uploads\/2025\/11\/RABINCHO-OJEDA-1-768x1040.jpg 768w, https:\/\/www.sportchaco.com.ar\/wp-content\/uploads\/2025\/11\/RABINCHO-OJEDA-1-1134x1536.jpg 1134w, https:\/\/www.sportchaco.com.ar\/wp-content\/uploads\/2025\/11\/RABINCHO-OJEDA-1.jpg 1454w\" sizes=\"auto, (max-width: 222px) 100vw, 222px\" \/>\u00a0 \u00a0 \u00a0 \u00a0 \u00a0 \u00a0 \u00a0 \u00a0 \u00a0 \u00a0 <img loading=\"lazy\" decoding=\"async\" class=\"alignnone wp-image-28111\" src=\"https:\/\/www.sportchaco.com.ar\/wp-content\/uploads\/2025\/11\/Milovih-dibujo-paris-103x300.jpg\" alt=\"\" width=\"155\" height=\"451\" \/><\/p>\n<p><strong>Milovich visto por el dibujante Jorge Paris<\/strong><\/p>\n<p><strong>Rabincho Ojeda ya integrando el equipo de mayores de la Federaci\u00f3n Chaque\u00f1a<\/strong><\/p>\n","protected":false},"excerpt":{"rendered":"<p>El calendario marca 49 a\u00f1os de una de las p\u00e1ginas m\u00e1s gloriosas del b\u00e1squet chaque\u00f1o: la consagraci\u00f3n del seleccionado juvenil como campe\u00f3n argentino en 1976. Una haza\u00f1a que trascendi\u00f3 el resultado deportivo para convertirse en patrimonio sentimental de toda una provincia, impulsada por una generaci\u00f3n irrepetible que supo mezclar talento, coraje y sentido de pertenencia. &hellip;<\/p>\n","protected":false},"author":2,"featured_media":28113,"comment_status":"open","ping_status":"open","sticky":false,"template":"","format":"standard","meta":{"footnotes":""},"categories":[1],"tags":[],"class_list":["post-28102","post","type-post","status-publish","format-standard","has-post-thumbnail","hentry","category-fotos-del-recuerdo"],"_links":{"self":[{"href":"https:\/\/www.sportchaco.com.ar\/index.php?rest_route=\/wp\/v2\/posts\/28102","targetHints":{"allow":["GET"]}}],"collection":[{"href":"https:\/\/www.sportchaco.com.ar\/index.php?rest_route=\/wp\/v2\/posts"}],"about":[{"href":"https:\/\/www.sportchaco.com.ar\/index.php?rest_route=\/wp\/v2\/types\/post"}],"author":[{"embeddable":true,"href":"https:\/\/www.sportchaco.com.ar\/index.php?rest_route=\/wp\/v2\/users\/2"}],"replies":[{"embeddable":true,"href":"https:\/\/www.sportchaco.com.ar\/index.php?rest_route=%2Fwp%2Fv2%2Fcomments&post=28102"}],"version-history":[{"count":7,"href":"https:\/\/www.sportchaco.com.ar\/index.php?rest_route=\/wp\/v2\/posts\/28102\/revisions"}],"predecessor-version":[{"id":28155,"href":"https:\/\/www.sportchaco.com.ar\/index.php?rest_route=\/wp\/v2\/posts\/28102\/revisions\/28155"}],"wp:featuredmedia":[{"embeddable":true,"href":"https:\/\/www.sportchaco.com.ar\/index.php?rest_route=\/wp\/v2\/media\/28113"}],"wp:attachment":[{"href":"https:\/\/www.sportchaco.com.ar\/index.php?rest_route=%2Fwp%2Fv2%2Fmedia&parent=28102"}],"wp:term":[{"taxonomy":"category","embeddable":true,"href":"https:\/\/www.sportchaco.com.ar\/index.php?rest_route=%2Fwp%2Fv2%2Fcategories&post=28102"},{"taxonomy":"post_tag","embeddable":true,"href":"https:\/\/www.sportchaco.com.ar\/index.php?rest_route=%2Fwp%2Fv2%2Ftags&post=28102"}],"curies":[{"name":"wp","href":"https:\/\/api.w.org\/{rel}","templated":true}]}}