{"id":2812,"date":"2023-11-13T23:00:18","date_gmt":"2023-11-14T02:00:18","guid":{"rendered":"https:\/\/www.sportchaco.com.ar\/?p=2812"},"modified":"2023-11-13T23:00:18","modified_gmt":"2023-11-14T02:00:18","slug":"ederson-lesionado-no-estara-ante-argentina","status":"publish","type":"post","link":"https:\/\/www.sportchaco.com.ar\/?p=2812","title":{"rendered":"Ederson lesionado, no estar\u00e1 ante Argentina"},"content":{"rendered":"<p id=\"titulo_cable\" class=\"title\">\n<div id=\"div_cuerpo\" class=\"content cable-content\">El arquero Ederson sufri\u00f3 una lesi\u00f3n en su \u00faltimo partido con el Manchester City y se perder\u00e1 los compromisos que la selecci\u00f3n brasile\u00f1a disputar\u00e1 ante Colombia y Argentina por las Eliminatorias Sudamericanas.<\/p>\n<p>El entrenador Fernando Diniz confirm\u00f3 que su reemplazante ser\u00e1 Bento.<\/p>\n<p>Ederson, quien fue titular en la \u00abVerdeamarhela\u00bb en los primeros cuatro encuentros de Eliminatorias, sufri\u00f3 un trauma en el pie izquierdo en el compromiso que su equipo disput\u00f3 ayer ante el Chelsea.<\/p>\n<p>\u00abSe le hinch\u00f3 el pie y se le dificultaba para caminar. Al principio le propusimos que se realizara ex\u00e1menes, pero por el poco tiempo y los viajes no hubiera podido estar disponible. Por este motivo, el cuerpo t\u00e9cnico opt\u00f3 por otra opci\u00f3n\u00bb, detall\u00f3 Rodrigo Lasmar, m\u00e9dico de la selecci\u00f3n brasile\u00f1a.<\/p>\n<p>Adem\u00e1s, descart\u00f3 una lesi\u00f3n \u00f3sea de gravedad: \u00abLa recuperaci\u00f3n no va a demorar mucho, pero teniendo en cuenta el poco tiempo que ten\u00eda para hacerse los estudios y viajar, era una situaci\u00f3n complicada\u00bb.<\/p>\n<p>Bento, arquero del Athletico Paranaense, ya hab\u00eda integrado la primera convocatoria de Diniz, pero finalmente fue cortado por lesi\u00f3n. En esa oportunidad, Lucas Perri fue llamado en su lugar.<\/p>\n<p>Ante la baja de Ederson, Alisson ser\u00eda el elegido por el t\u00e9cnico para ocupar el arco en los partidos frente a Colombia y Argentina. De cara a estos compromisos, la selecci\u00f3n brasile\u00f1a ya se encuentra trabajando en el predio de Teres\u00f3polis.<\/p>\n<p>Brasil visitar\u00e1 a Colombia el jueves, a las 21, en el Estadio Metropolitano de Barranquilla, y recibir\u00e1 a los dirigidos por Lionel Scaloni el martes 21, a las 21.30, en el Maracan\u00e1. T\u00e9lam<\/p><\/div>\n<div><\/div>\n<div><strong>Foto de Ederson, arquero de Brasil, lesionado<\/strong><\/div>\n","protected":false},"excerpt":{"rendered":"<p>El arquero Ederson sufri\u00f3 una lesi\u00f3n en su \u00faltimo partido con el Manchester City y se perder\u00e1 los compromisos que la selecci\u00f3n brasile\u00f1a disputar\u00e1 ante Colombia y Argentina por las Eliminatorias Sudamericanas. El entrenador Fernando Diniz confirm\u00f3 que su reemplazante ser\u00e1 Bento. Ederson, quien fue titular en la \u00abVerdeamarhela\u00bb en los primeros cuatro encuentros de &hellip;<\/p>\n","protected":false},"author":2,"featured_media":2813,"comment_status":"open","ping_status":"open","sticky":false,"template":"","format":"standard","meta":{"footnotes":""},"categories":[6],"tags":[],"class_list":["post-2812","post","type-post","status-publish","format-standard","has-post-thumbnail","hentry","category-internacionales"],"_links":{"self":[{"href":"https:\/\/www.sportchaco.com.ar\/index.php?rest_route=\/wp\/v2\/posts\/2812","targetHints":{"allow":["GET"]}}],"collection":[{"href":"https:\/\/www.sportchaco.com.ar\/index.php?rest_route=\/wp\/v2\/posts"}],"about":[{"href":"https:\/\/www.sportchaco.com.ar\/index.php?rest_route=\/wp\/v2\/types\/post"}],"author":[{"embeddable":true,"href":"https:\/\/www.sportchaco.com.ar\/index.php?rest_route=\/wp\/v2\/users\/2"}],"replies":[{"embeddable":true,"href":"https:\/\/www.sportchaco.com.ar\/index.php?rest_route=%2Fwp%2Fv2%2Fcomments&post=2812"}],"version-history":[{"count":1,"href":"https:\/\/www.sportchaco.com.ar\/index.php?rest_route=\/wp\/v2\/posts\/2812\/revisions"}],"predecessor-version":[{"id":2814,"href":"https:\/\/www.sportchaco.com.ar\/index.php?rest_route=\/wp\/v2\/posts\/2812\/revisions\/2814"}],"wp:featuredmedia":[{"embeddable":true,"href":"https:\/\/www.sportchaco.com.ar\/index.php?rest_route=\/wp\/v2\/media\/2813"}],"wp:attachment":[{"href":"https:\/\/www.sportchaco.com.ar\/index.php?rest_route=%2Fwp%2Fv2%2Fmedia&parent=2812"}],"wp:term":[{"taxonomy":"category","embeddable":true,"href":"https:\/\/www.sportchaco.com.ar\/index.php?rest_route=%2Fwp%2Fv2%2Fcategories&post=2812"},{"taxonomy":"post_tag","embeddable":true,"href":"https:\/\/www.sportchaco.com.ar\/index.php?rest_route=%2Fwp%2Fv2%2Ftags&post=2812"}],"curies":[{"name":"wp","href":"https:\/\/api.w.org\/{rel}","templated":true}]}}