{"id":28132,"date":"2025-11-04T23:31:52","date_gmt":"2025-11-05T02:31:52","guid":{"rendered":"https:\/\/www.sportchaco.com.ar\/?p=28132"},"modified":"2025-11-04T23:42:26","modified_gmt":"2025-11-05T02:42:26","slug":"efemerides-del-5-de-noviembre-2","status":"publish","type":"post","link":"https:\/\/www.sportchaco.com.ar\/?p=28132","title":{"rendered":"Efem\u00e9rides del 5 de noviembre"},"content":{"rendered":"<div class=\"container fullwidth-entry-title-wrapper\">\n<div class=\"container-wrapper fullwidth-entry-title\">\n<header class=\"entry-header-outer\">\n<div class=\"entry-header\">\n<h1 class=\"post-title entry-title\"><\/h1>\n<div class=\"single-post-meta post-meta clearfix\">\n<div class=\"tie-alignright\"><\/div>\n<\/div>\n<\/div>\n<\/header>\n<\/div>\n<\/div>\n<div id=\"content\" class=\"site-content container\">\n<div id=\"main-content-row\" class=\"tie-row main-content-row\">\n<div class=\"main-content tie-col-md-8 tie-col-xs-12\" role=\"main\">\n<article id=\"the-post\" class=\"container-wrapper post-content tie-standard\">\n<div class=\"entry-content entry clearfix\">\n<p>&nbsp;<\/p>\n<h5><strong>Esta es la Efem\u00e9rides del Deporte en el Chaco de un 5 de noviembre del periodista Luis Dar\u00edo Molodezky<\/strong><\/h5>\n<p>&nbsp;<\/p>\n<p>&nbsp;<\/p>\n<p><img loading=\"lazy\" decoding=\"async\" class=\"alignnone size-medium wp-image-28134\" src=\"https:\/\/www.sportchaco.com.ar\/wp-content\/uploads\/2025\/11\/Luis-Dario-11-08-2025-3-COPIA-300x229.jpeg\" alt=\"\" width=\"300\" height=\"229\" srcset=\"https:\/\/www.sportchaco.com.ar\/wp-content\/uploads\/2025\/11\/Luis-Dario-11-08-2025-3-COPIA-300x229.jpeg 300w, https:\/\/www.sportchaco.com.ar\/wp-content\/uploads\/2025\/11\/Luis-Dario-11-08-2025-3-COPIA-768x586.jpeg 768w, https:\/\/www.sportchaco.com.ar\/wp-content\/uploads\/2025\/11\/Luis-Dario-11-08-2025-3-COPIA.jpeg 859w\" sizes=\"auto, (max-width: 300px) 100vw, 300px\" \/><\/p>\n<p>&nbsp;<\/p>\n<p>&nbsp;<\/p>\n<p><strong>1948<\/strong> \/ Se funda el Club Uni\u00f3n de Villa Perrando, Resistencia.<\/p>\n<p><strong>1958 \/<\/strong> Comienza en Villa \u00c1ngela el Torneo Provincial de B\u00e1squetbol con la participaci\u00f3n de Resistencia, S\u00e1enz Pe\u00f1a, V. \u00c1ngela, Charata, Gral. San Mart\u00edn y Pcia. de la Plaza. Cuatro d\u00edas despu\u00e9s, el equipo capitalino ser\u00e1 campe\u00f3n al vencer en la final a Villa \u00c1ngela por 67 a 64.<\/p>\n<p><strong>1967 \/<\/strong>\u00a0D\u00eda que en que dos Torino terminaron empatados y la Copa al ganador serruchada, entregando la mitad a Andr\u00e9s Parra y la otra a Clavito Alegr\u00eda. Fue en S\u00e1enz Pe\u00f1a sobre un circuito de 13.000 metros, donde se realiz\u00f3 la prueba de la categor\u00eda Est\u00e1ndar y previo al inicio del legendario Zonal al a\u00f1o siguiente. La largada se hac\u00eda cada minuto. Parra lideraba c\u00f3modo, pero a poco del final en la Clase C, su motor empez\u00f3 a fallar y Alegr\u00eda a descontar, arribando a 60 segundos exactos, ya que se largaba cada un minuto. La fiscalizaci\u00f3n de la CDA llegada de Buenos Aires, decret\u00f3 el empate. Adam Pedrini gan\u00f3 la Clase A y Oscar Vitta la B.<\/p>\n<p><strong>1983 \/<\/strong>\u00a0Alejandro Di Maggio se consagra campe\u00f3n argentino juvenil de pesas, categor\u00eda medianos hasta 75 kg., al levantar 502 kilogramos en los distintos movimientos. Sentadilla 195, fuerza 112,500 y despegue 195. El torneo se disput\u00f3 en la ciudad de La Plata.<\/p>\n<p><strong>2006<\/strong>\u00a0\/ El saenzpe\u00f1ense Ariel Villanueva se consagra campe\u00f3n en \u201clucha\u201d en el Torneo Panamericano de Taekwon-do que se realiza en Guatemala, con la participaci\u00f3n de representantes de todo el continente. Adem\u00e1s obtuvo medalla de plata en \u201csalto en alto\u201d, y de bronce en \u201cformas\u201d, todas en categor\u00eda hasta 80 kilos.<\/p>\n<p>&nbsp;<\/p>\n<p><img loading=\"lazy\" decoding=\"async\" class=\"\" src=\"https:\/\/scontent.fcnq2-1.fna.fbcdn.net\/v\/t39.30808-6\/574571687_122112106179022572_7877344456466691128_n.jpg?_nc_cat=100&amp;ccb=1-7&amp;_nc_sid=127cfc&amp;_nc_ohc=N61iR6g77LkQ7kNvwGey1md&amp;_nc_oc=Adlj25RJZ-VmaVeOKbxt1xhMpTZv1CoyUc2P21XEoH2lRYAZyvBCuewSx5mGepGx75A&amp;_nc_zt=23&amp;_nc_ht=scontent.fcnq2-1.fna&amp;_nc_gid=ebcqqy82Acyfm8IEmoG-oQ&amp;oh=00_AfhzXcll73_uIMYPMdLi9JeTfWLQmA9BHRi4cpJTI8FeWw&amp;oe=690FCD23\" alt=\"Puede ser un dibujo de \u200etexto que dice &quot;\u200eGaleria \u0627\u0669 M.AA. AL ANGEL &quot;CLAVITO&quot; ALEGRIA automovilismo en el a\u00f1o 1947, desde su ni\u00f1ez sin- cual se dedic\u00f3 de lleno, intervino en 12 ca- limitada lesde a\u00f1o 1948 1954 dos temporadas, de noviembre en un final electrizante donde dio colocaci\u00f3n con ese gran volante nuestra galeria\u200e&quot;\u200e\" width=\"314\" height=\"477\" \/><img loading=\"lazy\" decoding=\"async\" class=\"alignnone size-medium wp-image-28137\" src=\"https:\/\/www.sportchaco.com.ar\/wp-content\/uploads\/2025\/11\/Andres-Parra-1967-206x300.jpg\" alt=\"\" width=\"206\" height=\"300\" srcset=\"https:\/\/www.sportchaco.com.ar\/wp-content\/uploads\/2025\/11\/Andres-Parra-1967-206x300.jpg 206w, https:\/\/www.sportchaco.com.ar\/wp-content\/uploads\/2025\/11\/Andres-Parra-1967-702x1024.jpg 702w, https:\/\/www.sportchaco.com.ar\/wp-content\/uploads\/2025\/11\/Andres-Parra-1967-768x1121.jpg 768w, https:\/\/www.sportchaco.com.ar\/wp-content\/uploads\/2025\/11\/Andres-Parra-1967-1053x1536.jpg 1053w, https:\/\/www.sportchaco.com.ar\/wp-content\/uploads\/2025\/11\/Andres-Parra-1967.jpg 1080w\" sizes=\"auto, (max-width: 206px) 100vw, 206px\" \/><\/p>\n<p><strong>Caricatura de Clavito Alegr\u00eda<\/strong><\/p>\n<\/div>\n<\/article>\n<\/div>\n<\/div>\n<\/div>\n","protected":false},"excerpt":{"rendered":"<p>&nbsp; Esta es la Efem\u00e9rides del Deporte en el Chaco de un 5 de noviembre del periodista Luis Dar\u00edo Molodezky &nbsp; &nbsp; &nbsp; &nbsp; 1948 \/ Se funda el Club Uni\u00f3n de Villa Perrando, Resistencia. 1958 \/ Comienza en Villa \u00c1ngela el Torneo Provincial de B\u00e1squetbol con la participaci\u00f3n de Resistencia, S\u00e1enz Pe\u00f1a, V. \u00c1ngela, &hellip;<\/p>\n","protected":false},"author":2,"featured_media":28133,"comment_status":"open","ping_status":"open","sticky":false,"template":"","format":"standard","meta":{"footnotes":""},"categories":[45,41],"tags":[],"class_list":["post-28132","post","type-post","status-publish","format-standard","has-post-thumbnail","hentry","category-efemerides-dia-por-dia","category-noviembre"],"_links":{"self":[{"href":"https:\/\/www.sportchaco.com.ar\/index.php?rest_route=\/wp\/v2\/posts\/28132","targetHints":{"allow":["GET"]}}],"collection":[{"href":"https:\/\/www.sportchaco.com.ar\/index.php?rest_route=\/wp\/v2\/posts"}],"about":[{"href":"https:\/\/www.sportchaco.com.ar\/index.php?rest_route=\/wp\/v2\/types\/post"}],"author":[{"embeddable":true,"href":"https:\/\/www.sportchaco.com.ar\/index.php?rest_route=\/wp\/v2\/users\/2"}],"replies":[{"embeddable":true,"href":"https:\/\/www.sportchaco.com.ar\/index.php?rest_route=%2Fwp%2Fv2%2Fcomments&post=28132"}],"version-history":[{"count":6,"href":"https:\/\/www.sportchaco.com.ar\/index.php?rest_route=\/wp\/v2\/posts\/28132\/revisions"}],"predecessor-version":[{"id":28186,"href":"https:\/\/www.sportchaco.com.ar\/index.php?rest_route=\/wp\/v2\/posts\/28132\/revisions\/28186"}],"wp:featuredmedia":[{"embeddable":true,"href":"https:\/\/www.sportchaco.com.ar\/index.php?rest_route=\/wp\/v2\/media\/28133"}],"wp:attachment":[{"href":"https:\/\/www.sportchaco.com.ar\/index.php?rest_route=%2Fwp%2Fv2%2Fmedia&parent=28132"}],"wp:term":[{"taxonomy":"category","embeddable":true,"href":"https:\/\/www.sportchaco.com.ar\/index.php?rest_route=%2Fwp%2Fv2%2Fcategories&post=28132"},{"taxonomy":"post_tag","embeddable":true,"href":"https:\/\/www.sportchaco.com.ar\/index.php?rest_route=%2Fwp%2Fv2%2Ftags&post=28132"}],"curies":[{"name":"wp","href":"https:\/\/api.w.org\/{rel}","templated":true}]}}