{"id":28141,"date":"2025-11-04T10:28:12","date_gmt":"2025-11-04T13:28:12","guid":{"rendered":"https:\/\/www.sportchaco.com.ar\/?p=28141"},"modified":"2025-11-04T14:28:28","modified_gmt":"2025-11-04T17:28:28","slug":"seguimos-colaborando-con-el-deporte-asegura-el-intendente-de-puerto-vilelas","status":"publish","type":"post","link":"https:\/\/www.sportchaco.com.ar\/?p=28141","title":{"rendered":"Seguimos colaborando con el deporte asegura el intendente de Puerto Vilelas"},"content":{"rendered":"<p><strong>04-11-2025<\/strong><\/p>\n<p>Ratificando una pol\u00edtica deportiva clara, el intendente Marcelo \u201cColo\u201d Gonz\u00e1lez\u00a0 recibi\u00f3 al plantel del equipo Senior +35 del Club Defensores de Vilelas, quienes se preparan para disputar los octavos de final de la Copa Federal Senior +35 frente a Uni\u00f3n de Santa Fe.<\/p>\n<p>\u201cDesde el municipio valoramos y acompa\u00f1amos el esfuerzo de nuestros deportistas locales, que con compromiso y pasi\u00f3n representan a Puerto Vilelas en cada competencia\u201d, remarc\u00f3 el jefe comunal vilelense.<\/p>\n<p>Durante la reuni\u00f3n, los jugadores y cuerpo t\u00e9cnico de Defensores agradecieron el apoyo del municipio para poder participar del encuentro que se jugar\u00e1 el domingo 9 de noviembre, a las 10:30 horas, en el predio del Club Uni\u00f3n de Santa Fe.<\/p>\n<p><img loading=\"lazy\" decoding=\"async\" class=\"aligncenter wp-image-28143 size-large\" src=\"https:\/\/www.sportchaco.com.ar\/wp-content\/uploads\/2025\/11\/vileleas-1024x576.jpg\" alt=\"\" width=\"1024\" height=\"576\" srcset=\"https:\/\/www.sportchaco.com.ar\/wp-content\/uploads\/2025\/11\/vileleas-1024x576.jpg 1024w, https:\/\/www.sportchaco.com.ar\/wp-content\/uploads\/2025\/11\/vileleas-300x169.jpg 300w, https:\/\/www.sportchaco.com.ar\/wp-content\/uploads\/2025\/11\/vileleas-768x432.jpg 768w, https:\/\/www.sportchaco.com.ar\/wp-content\/uploads\/2025\/11\/vileleas-1536x864.jpg 1536w, https:\/\/www.sportchaco.com.ar\/wp-content\/uploads\/2025\/11\/vileleas-390x220.jpg 390w, https:\/\/www.sportchaco.com.ar\/wp-content\/uploads\/2025\/11\/vileleas.jpg 1600w\" sizes=\"auto, (max-width: 1024px) 100vw, 1024px\" \/><\/p>\n<p>\u201cLes ped\u00ed que sigan en el f\u00fatbol, que sigan promoviendo el deporte, que el municipio tiene una vocaci\u00f3n tremenda por el deporte; el compromiso es seguir trabajando por el deporte federado y social\u201d, remarc\u00f3 \u201cColo\u201d Gonz\u00e1lez.<\/p>\n<p>\u201cSeguiremos colaborando con el deporte como una herramienta de contenci\u00f3n y desarrollo para los pueblos y personas\u201d, dej\u00f3 en claro el intendente.<\/p>\n<p>\u201cAgradecemos a los jugadores del club Defensores, a su presidenta Amelia Pujol, al vicepresidente Daniel Coria y al concejal Miguel Ram\u00edrez por esta reuni\u00f3n fruct\u00edfera y les deseamos el mejor de los \u00e9xitos\u201d, finaliz\u00f3.<\/p>\n","protected":false},"excerpt":{"rendered":"<p>04-11-2025 Ratificando una pol\u00edtica deportiva clara, el intendente Marcelo \u201cColo\u201d Gonz\u00e1lez\u00a0 recibi\u00f3 al plantel del equipo Senior +35 del Club Defensores de Vilelas, quienes se preparan para disputar los octavos de final de la Copa Federal Senior +35 frente a Uni\u00f3n de Santa Fe. \u201cDesde el municipio valoramos y acompa\u00f1amos el esfuerzo de nuestros deportistas &hellip;<\/p>\n","protected":false},"author":2,"featured_media":28142,"comment_status":"open","ping_status":"open","sticky":false,"template":"","format":"standard","meta":{"footnotes":""},"categories":[44],"tags":[],"class_list":["post-28141","post","type-post","status-publish","format-standard","has-post-thumbnail","hentry","category-varios"],"_links":{"self":[{"href":"https:\/\/www.sportchaco.com.ar\/index.php?rest_route=\/wp\/v2\/posts\/28141","targetHints":{"allow":["GET"]}}],"collection":[{"href":"https:\/\/www.sportchaco.com.ar\/index.php?rest_route=\/wp\/v2\/posts"}],"about":[{"href":"https:\/\/www.sportchaco.com.ar\/index.php?rest_route=\/wp\/v2\/types\/post"}],"author":[{"embeddable":true,"href":"https:\/\/www.sportchaco.com.ar\/index.php?rest_route=\/wp\/v2\/users\/2"}],"replies":[{"embeddable":true,"href":"https:\/\/www.sportchaco.com.ar\/index.php?rest_route=%2Fwp%2Fv2%2Fcomments&post=28141"}],"version-history":[{"count":3,"href":"https:\/\/www.sportchaco.com.ar\/index.php?rest_route=\/wp\/v2\/posts\/28141\/revisions"}],"predecessor-version":[{"id":28152,"href":"https:\/\/www.sportchaco.com.ar\/index.php?rest_route=\/wp\/v2\/posts\/28141\/revisions\/28152"}],"wp:featuredmedia":[{"embeddable":true,"href":"https:\/\/www.sportchaco.com.ar\/index.php?rest_route=\/wp\/v2\/media\/28142"}],"wp:attachment":[{"href":"https:\/\/www.sportchaco.com.ar\/index.php?rest_route=%2Fwp%2Fv2%2Fmedia&parent=28141"}],"wp:term":[{"taxonomy":"category","embeddable":true,"href":"https:\/\/www.sportchaco.com.ar\/index.php?rest_route=%2Fwp%2Fv2%2Fcategories&post=28141"},{"taxonomy":"post_tag","embeddable":true,"href":"https:\/\/www.sportchaco.com.ar\/index.php?rest_route=%2Fwp%2Fv2%2Ftags&post=28141"}],"curies":[{"name":"wp","href":"https:\/\/api.w.org\/{rel}","templated":true}]}}