{"id":28159,"date":"2025-11-04T16:41:15","date_gmt":"2025-11-04T19:41:15","guid":{"rendered":"https:\/\/www.sportchaco.com.ar\/?p=28159"},"modified":"2025-11-04T16:41:15","modified_gmt":"2025-11-04T19:41:15","slug":"se-suspendio-toda-la-actividad-de-la-liga-por-el-fallecimiento-del-arbitro-ojeda","status":"publish","type":"post","link":"https:\/\/www.sportchaco.com.ar\/?p=28159","title":{"rendered":"Se suspendi\u00f3 toda la actividad de la Liga por el fallecimiento del \u00e1rbitro Ojeda"},"content":{"rendered":"<p><strong>04-11-2025<\/strong><\/p>\n<p><img loading=\"lazy\" decoding=\"async\" class=\"aligncenter size-large wp-image-20253\" src=\"https:\/\/www.sportchaco.com.ar\/wp-content\/uploads\/2025\/06\/Campo-720x90-13-1024x128.gif\" alt=\"\" width=\"1024\" height=\"128\" srcset=\"https:\/\/www.sportchaco.com.ar\/wp-content\/uploads\/2025\/06\/Campo-720x90-13-1024x128.gif 1024w, https:\/\/www.sportchaco.com.ar\/wp-content\/uploads\/2025\/06\/Campo-720x90-13-300x38.gif 300w, https:\/\/www.sportchaco.com.ar\/wp-content\/uploads\/2025\/06\/Campo-720x90-13-768x96.gif 768w\" sizes=\"auto, (max-width: 1024px) 100vw, 1024px\" \/><\/p>\n<p>Este martes, en horario de la siesta, se dio el fallecimiento de Julio Iv\u00e1n Ojeda quien se desempe\u00f1aba como \u00e1rbitro de la Liga Chaque\u00f1a de F\u00fatbol.<\/p>\n<p>El joven de 30 a\u00f1os de edad se encontraba entrenando con el grupo arbitral liguista en las instalaciones del Polideportivo \u00abJaime Zapata\u00bb cuando sufri\u00f3 una descompensaci\u00f3n que finalmente termin\u00f3 con su vida.<\/p>\n<p>Tras conocerse la noticia, la Liga Chaque\u00f1a de F\u00fatbol tom\u00f3 la decisi\u00f3n inmediata de suspender toda la actividad planificada para este martes y mi\u00e9rcoles.<\/p>\n<p>Cabe recordar que en estos dos d\u00edas se iban a estar disputando partidos de Primera Divisi\u00f3n y del Reducido de la Primera B. Los mismos pasar\u00e1n a reprogramaci\u00f3n.<\/p>\n<p>La p\u00e9rdida de Ojeda se suma a un a\u00f1o donde el ente organizador del f\u00fatbol capitalino sufri\u00f3 tambi\u00e9n las p\u00e9rdidas, entre otras, del jugador Enzo Pitau, del \u00e1rbitro Fernando Brillada y el presidente de Chaco Hebr\u00f3n, Jos\u00e9 Castillo.<\/p>\n<p><img loading=\"lazy\" decoding=\"async\" class=\"aligncenter size-large wp-image-21851\" src=\"https:\/\/www.sportchaco.com.ar\/wp-content\/uploads\/2025\/07\/300x600-512x1024.gif\" alt=\"\" width=\"512\" height=\"1024\" srcset=\"https:\/\/www.sportchaco.com.ar\/wp-content\/uploads\/2025\/07\/300x600-512x1024.gif 512w, https:\/\/www.sportchaco.com.ar\/wp-content\/uploads\/2025\/07\/300x600-150x300.gif 150w\" sizes=\"auto, (max-width: 512px) 100vw, 512px\" \/><\/p>\n","protected":false},"excerpt":{"rendered":"<p>04-11-2025 Este martes, en horario de la siesta, se dio el fallecimiento de Julio Iv\u00e1n Ojeda quien se desempe\u00f1aba como \u00e1rbitro de la Liga Chaque\u00f1a de F\u00fatbol. El joven de 30 a\u00f1os de edad se encontraba entrenando con el grupo arbitral liguista en las instalaciones del Polideportivo \u00abJaime Zapata\u00bb cuando sufri\u00f3 una descompensaci\u00f3n que finalmente &hellip;<\/p>\n","protected":false},"author":3,"featured_media":28160,"comment_status":"open","ping_status":"open","sticky":false,"template":"","format":"standard","meta":{"footnotes":""},"categories":[5],"tags":[],"class_list":["post-28159","post","type-post","status-publish","format-standard","has-post-thumbnail","hentry","category-futbol"],"_links":{"self":[{"href":"https:\/\/www.sportchaco.com.ar\/index.php?rest_route=\/wp\/v2\/posts\/28159","targetHints":{"allow":["GET"]}}],"collection":[{"href":"https:\/\/www.sportchaco.com.ar\/index.php?rest_route=\/wp\/v2\/posts"}],"about":[{"href":"https:\/\/www.sportchaco.com.ar\/index.php?rest_route=\/wp\/v2\/types\/post"}],"author":[{"embeddable":true,"href":"https:\/\/www.sportchaco.com.ar\/index.php?rest_route=\/wp\/v2\/users\/3"}],"replies":[{"embeddable":true,"href":"https:\/\/www.sportchaco.com.ar\/index.php?rest_route=%2Fwp%2Fv2%2Fcomments&post=28159"}],"version-history":[{"count":1,"href":"https:\/\/www.sportchaco.com.ar\/index.php?rest_route=\/wp\/v2\/posts\/28159\/revisions"}],"predecessor-version":[{"id":28161,"href":"https:\/\/www.sportchaco.com.ar\/index.php?rest_route=\/wp\/v2\/posts\/28159\/revisions\/28161"}],"wp:featuredmedia":[{"embeddable":true,"href":"https:\/\/www.sportchaco.com.ar\/index.php?rest_route=\/wp\/v2\/media\/28160"}],"wp:attachment":[{"href":"https:\/\/www.sportchaco.com.ar\/index.php?rest_route=%2Fwp%2Fv2%2Fmedia&parent=28159"}],"wp:term":[{"taxonomy":"category","embeddable":true,"href":"https:\/\/www.sportchaco.com.ar\/index.php?rest_route=%2Fwp%2Fv2%2Fcategories&post=28159"},{"taxonomy":"post_tag","embeddable":true,"href":"https:\/\/www.sportchaco.com.ar\/index.php?rest_route=%2Fwp%2Fv2%2Ftags&post=28159"}],"curies":[{"name":"wp","href":"https:\/\/api.w.org\/{rel}","templated":true}]}}