{"id":28176,"date":"2025-11-04T22:23:24","date_gmt":"2025-11-05T01:23:24","guid":{"rendered":"https:\/\/www.sportchaco.com.ar\/?p=28176"},"modified":"2025-11-04T22:23:24","modified_gmt":"2025-11-05T01:23:24","slug":"central-norte-camino-a-los-100-anos","status":"publish","type":"post","link":"https:\/\/www.sportchaco.com.ar\/?p=28176","title":{"rendered":"Central Norte, camino a los 100 a\u00f1os"},"content":{"rendered":"<div class=\"xdj266r x14z9mp xat24cr x1lziwak x1vvkbs x126k92a\">\n<h5 dir=\"auto\"><\/h5>\n<\/div>\n<div class=\"x14z9mp xat24cr x1lziwak x1vvkbs xtlvy1s x126k92a\">\n<h5 dir=\"auto\">El Club Atl\u00e9tico Central Norte Argentino celebr\u00f3 este lunes por la tarde sus 99 a\u00f1os de historia, aniversario que tuvo lugar el pasado 17 de octubre. El evento cont\u00f3 con la presencia de la Vicegobernadora Silvana Schneider, el Senador V\u00edctor Zimmerman, el Presidente del Instituto del Deporte, profesor Fabio V\u00e1zquez, el Presidente de la instituci\u00f3n, Ra\u00fal Montenegro, y el Subsecretario de Deportes, Fabi\u00e1n Maffei.<\/h5>\n<p>&nbsp;<\/p>\n<div dir=\"auto\"><img decoding=\"async\" src=\"https:\/\/scontent.fcnq2-1.fna.fbcdn.net\/v\/t51.82787-15\/573230068_18433857883103295_6539196786441129650_n.webp?stp=dst-jpg_tt6&amp;_nc_cat=105&amp;ccb=1-7&amp;_nc_sid=127cfc&amp;_nc_eui2=AeHMB-sQoLiX5FVveGre-3lD5ubDVLHVThjm5sNUsdVOGNnqsJj15TRC5BOg4n6FU9o&amp;_nc_ohc=A9HWvhgs8GEQ7kNvwGNarR5&amp;_nc_oc=AdmdUJ3yRYYsMdZjZg3eKQTXo-qmHAz5G9agol2xA2TsuY03mkQFpggNFf3OJBz-mHg&amp;_nc_zt=23&amp;_nc_ht=scontent.fcnq2-1.fna&amp;_nc_gid=NVXl1S8c5ex7RYBYcenKYg&amp;oh=00_Afjqpx_BS5bh67XaskOvqAfco6G1m2rNqMFICKocQvvz1A&amp;oe=6910801D\" alt=\"Puede ser una imagen de multitud y texto que dice &quot;S C.A.C.N.A. \u1235\u1325\u1325\u122d&quot;\" \/><\/div>\n<\/div>\n<div class=\"x14z9mp xat24cr x1lziwak x1vvkbs xtlvy1s x126k92a\">\n<div dir=\"auto\">Durante la celebraci\u00f3n se llev\u00f3 a cabo el descubrimiento de cuatro placas que reconocen distintos espacios del club: el estadio \u201cDr. Omar Alberto Norniella\u201d, el microestadio \u201cAlejandro El Puma Pirota\u201d, la Sede Social \u201cVirgilio Moschino\u201d y el SUM \u201cDr. Tom\u00e1s Norberto Soria\u201d.<\/div>\n<div dir=\"auto\"><img decoding=\"async\" src=\"https:\/\/scontent.fcnq2-2.fna.fbcdn.net\/v\/t51.82787-15\/572121402_18433857856103295_6477239939985450665_n.webp?stp=dst-jpg_tt6&amp;_nc_cat=109&amp;ccb=1-7&amp;_nc_sid=127cfc&amp;_nc_eui2=AeGt1AY2lEekU5lLVU0dY6fYWhZFvoF7NaVaFkW-gXs1pQjnzkn-c1eZewG9XBWUxUY&amp;_nc_ohc=A2GUGTdnzd4Q7kNvwEj1pMm&amp;_nc_oc=AdnNxNQAMWVU9T9-71yVgZNRuO9MBGTk2c1uuHqlTW8RjXzRhpz8vNZO0JZ_BZxFQr0&amp;_nc_zt=23&amp;_nc_ht=scontent.fcnq2-2.fna&amp;_nc_gid=Ai9O6rfcrR4SBdslDU5dZA&amp;oh=00_AfjXkmjSdyalPCg3Sktl48Lgb3EgUpHER8kD4sdcwDEGww&amp;oe=69109442\" alt=\"Puede ser una imagen de f\u00fatbol, f\u00fatbol americano y texto que dice &quot;Rocala DEE PNea PRocala NeaPorts Rocalat Betan&quot;\" \/><\/div>\n<div dir=\"auto\"><\/div>\n<\/div>\n<div class=\"x14z9mp xat24cr x1lziwak x1vvkbs xtlvy1s x126k92a\">\n<div dir=\"auto\">Adem\u00e1s, deportistas de las diversas disciplinas de la instituci\u00f3n participaron de un desfile que dio marco al festejo. La jornada concluy\u00f3 con una recorrida por las instalaciones, donde se pudieron apreciar las obras y mejoras que se est\u00e1n realizando en el marco del programa \u201cCamino a los 100 a\u00f1os\u201d.<img decoding=\"async\" src=\"https:\/\/scontent.fcnq2-2.fna.fbcdn.net\/v\/t51.82787-15\/564928429_18433857829103295_2374360051865790556_n.webp?stp=dst-jpg_tt6&amp;_nc_cat=109&amp;ccb=1-7&amp;_nc_sid=127cfc&amp;_nc_eui2=AeHjwvj-_IA1-uxtEg1MSExq5SNcRaERkKvlI1xFoRGQq5h6_qA-fnJhMCxBIbYFgRE&amp;_nc_ohc=_Or67VwMVjYQ7kNvwG_iqGF&amp;_nc_oc=Adkhkq88Sb0G_AC8lxhcwKuqzgAXQM3_I448mm0obCPBlrIy-e_UIVUA7B1naRcXhi0&amp;_nc_zt=23&amp;_nc_ht=scontent.fcnq2-2.fna&amp;_nc_gid=brAbhjXNNL52bGVIRAJm_w&amp;oh=00_AfgHajyRa-BawW8RpvV-Fz3ct8dJ-I4q0CJj6Op7-gc3Og&amp;oe=69107641\" alt=\"Puede ser una imagen de una o varias personas y personas jugando al baloncesto\" \/><\/div>\n<div dir=\"auto\"><\/div>\n<\/div>\n","protected":false},"excerpt":{"rendered":"<p>El Club Atl\u00e9tico Central Norte Argentino celebr\u00f3 este lunes por la tarde sus 99 a\u00f1os de historia, aniversario que tuvo lugar el pasado 17 de octubre. El evento cont\u00f3 con la presencia de la Vicegobernadora Silvana Schneider, el Senador V\u00edctor Zimmerman, el Presidente del Instituto del Deporte, profesor Fabio V\u00e1zquez, el Presidente de la instituci\u00f3n, &hellip;<\/p>\n","protected":false},"author":2,"featured_media":28177,"comment_status":"open","ping_status":"open","sticky":false,"template":"","format":"standard","meta":{"footnotes":""},"categories":[44],"tags":[],"class_list":["post-28176","post","type-post","status-publish","format-standard","has-post-thumbnail","hentry","category-varios"],"_links":{"self":[{"href":"https:\/\/www.sportchaco.com.ar\/index.php?rest_route=\/wp\/v2\/posts\/28176","targetHints":{"allow":["GET"]}}],"collection":[{"href":"https:\/\/www.sportchaco.com.ar\/index.php?rest_route=\/wp\/v2\/posts"}],"about":[{"href":"https:\/\/www.sportchaco.com.ar\/index.php?rest_route=\/wp\/v2\/types\/post"}],"author":[{"embeddable":true,"href":"https:\/\/www.sportchaco.com.ar\/index.php?rest_route=\/wp\/v2\/users\/2"}],"replies":[{"embeddable":true,"href":"https:\/\/www.sportchaco.com.ar\/index.php?rest_route=%2Fwp%2Fv2%2Fcomments&post=28176"}],"version-history":[{"count":1,"href":"https:\/\/www.sportchaco.com.ar\/index.php?rest_route=\/wp\/v2\/posts\/28176\/revisions"}],"predecessor-version":[{"id":28178,"href":"https:\/\/www.sportchaco.com.ar\/index.php?rest_route=\/wp\/v2\/posts\/28176\/revisions\/28178"}],"wp:featuredmedia":[{"embeddable":true,"href":"https:\/\/www.sportchaco.com.ar\/index.php?rest_route=\/wp\/v2\/media\/28177"}],"wp:attachment":[{"href":"https:\/\/www.sportchaco.com.ar\/index.php?rest_route=%2Fwp%2Fv2%2Fmedia&parent=28176"}],"wp:term":[{"taxonomy":"category","embeddable":true,"href":"https:\/\/www.sportchaco.com.ar\/index.php?rest_route=%2Fwp%2Fv2%2Fcategories&post=28176"},{"taxonomy":"post_tag","embeddable":true,"href":"https:\/\/www.sportchaco.com.ar\/index.php?rest_route=%2Fwp%2Fv2%2Ftags&post=28176"}],"curies":[{"name":"wp","href":"https:\/\/api.w.org\/{rel}","templated":true}]}}