{"id":28223,"date":"2025-11-06T23:23:06","date_gmt":"2025-11-07T02:23:06","guid":{"rendered":"https:\/\/www.sportchaco.com.ar\/?p=28223"},"modified":"2025-11-06T23:24:08","modified_gmt":"2025-11-07T02:24:08","slug":"efemerides-del-7-de-noviembre-3","status":"publish","type":"post","link":"https:\/\/www.sportchaco.com.ar\/?p=28223","title":{"rendered":"Efem\u00e9rides del 7 de noviembre"},"content":{"rendered":"<div class=\"container fullwidth-entry-title-wrapper\">\n<div class=\"container-wrapper fullwidth-entry-title\">\n<header class=\"entry-header-outer\">\n<div class=\"entry-header\">\n<h1 class=\"post-title entry-title\"><\/h1>\n<div class=\"single-post-meta post-meta clearfix\"><\/div>\n<\/div>\n<\/header>\n<\/div>\n<\/div>\n<div id=\"content\" class=\"site-content container\">\n<div id=\"main-content-row\" class=\"tie-row main-content-row\">\n<div class=\"main-content tie-col-md-8 tie-col-xs-12\" role=\"main\">\n<article id=\"the-post\" class=\"container-wrapper post-content tie-standard\">\n<div class=\"featured-area\">\n<div class=\"featured-area-inner\">\n<h5 class=\"single-featured-image\"><\/h5>\n<\/div>\n<\/div>\n<div class=\"entry-content entry clearfix\">\n<h5><strong>Esta es la Efem\u00e9rides del Deporte en el Chaco de un 7 de noviembre del periodista Luis Dar\u00edo Molodezky.<\/strong><\/h5>\n<p style=\"text-align: center;\"><img loading=\"lazy\" decoding=\"async\" class=\"alignnone size-medium wp-image-28224\" src=\"https:\/\/www.sportchaco.com.ar\/wp-content\/uploads\/2025\/11\/Luis-ago-2025-300x200.jpg\" alt=\"\" width=\"300\" height=\"200\" srcset=\"https:\/\/www.sportchaco.com.ar\/wp-content\/uploads\/2025\/11\/Luis-ago-2025-300x200.jpg 300w, https:\/\/www.sportchaco.com.ar\/wp-content\/uploads\/2025\/11\/Luis-ago-2025-768x513.jpg 768w, https:\/\/www.sportchaco.com.ar\/wp-content\/uploads\/2025\/11\/Luis-ago-2025.jpg 957w\" sizes=\"auto, (max-width: 300px) 100vw, 300px\" \/><\/p>\n<p>&nbsp;<\/p>\n<p>&nbsp;<\/p>\n<h4><strong><em>D\u00eda del Periodista Deportivo.<\/em><\/strong><\/h4>\n<h4><\/h4>\n<p>&nbsp;<\/p>\n<p><strong>1997<\/strong>\u00a0\/ Asociaci\u00f3n Italiana deja inaugurado el complejo<br \/>\ndeportivo y cultural. La construcci\u00f3n se inici\u00f3 en 1991.<\/p>\n<p><strong>2013<\/strong>\u00a0\/ Se inaugura la sede del C\u00edrculo de Periodistas Deportivos en la avenida Italia 1146, con la presencia del gobernador Jorge Capitanich. La obra se realiz\u00f3 a trav\u00e9s de una inversi\u00f3n de un mill\u00f3n de pesos de Loter\u00eda Chaque\u00f1a. El terreno fue una donaci\u00f3n del Sindicato de Prensa del Chaco, que a su vez recibi\u00f3 el local de L\u00f3pez y Planes 856, donde funcionaba el C\u00edrculo. Estuvo presente el presidente de Loter\u00eda, Dar\u00edo Kohli, gran impulsor de la obra y estuvo toda la comisi\u00f3n del C\u00edrculo encabezada por Luis Dar\u00edo Molodezky. El edificio tiene dos plantas con 340 metros cuadrados de extensi\u00f3n, con un amplio sal\u00f3n para la realizaci\u00f3n de conferencias, convenciones y diversas actividades.<\/p>\n<p><strong>Foto del corte de cintas en la inauguraci\u00f3n de la sede del CPDCh con la presencia del actual\u00a0gobernador Zdero, P\u00e9rtile, Molodezky, Kohli, Capitanich y Peppo.<\/strong><\/p>\n<\/div>\n<h3 data-start=\"137\" data-end=\"156\">Nacionales<\/h3>\n<ul data-start=\"157\" data-end=\"636\">\n<li data-start=\"157\" data-end=\"376\">\n<p data-start=\"159\" data-end=\"376\">En Argentina, el <strong data-start=\"176\" data-end=\"194\">7 de noviembre<\/strong> se celebra el D\u00eda del Periodista Deportivo. Esta fecha recuerda el primer Congreso Nacional de Periodistas realizado en Buenos Aires en 1938.<\/p>\n<\/li>\n<li data-start=\"377\" data-end=\"636\">\n<p data-start=\"379\" data-end=\"636\">Tambi\u00e9n aparece en efem\u00e9rides deportivas argentinas un hecho destacado: en 1970, el boxeador argentino Carlos Monz\u00f3n venci\u00f3 al italiano Nino Benvenutti en Roma por nocaut y se consagr\u00f3 campe\u00f3n mundial de los medianos. <span class=\"\" data-state=\"closed\"><span class=\"ms-1 inline-flex max-w-full items-center relative top-[-0.094rem] animate-[show_150ms_ease-in]\" data-testid=\"webpage-citation-pill\"><a class=\"flex h-4.5 overflow-hidden rounded-xl px-2 text-[9px] font-medium transition-colors duration-150 ease-in-out text-token-text-secondary! bg-[#F4F4F4]! dark:bg-[#303030]!\" href=\"https:\/\/www.tycsports.com\/interes-general\/efemerides\/efemerides-del-7-de-noviembre-que-se-conmemora-hoy-id617588.html?utm_source=chatgpt.com\" target=\"_blank\" rel=\"noopener\"><span class=\"relative start-0 bottom-0 flex h-full w-full items-center\"><span class=\"flex h-4 w-full items-center justify-between overflow-hidden\"><span class=\"max-w-[15ch] grow truncate overflow-hidden text-center\">TyC Sports<\/span><\/span><\/span><\/a><\/span><\/span><\/p>\n<\/li>\n<\/ul>\n<h3 data-start=\"643\" data-end=\"665\">\u00a0Internacional<\/h3>\n<ul data-start=\"666\" data-end=\"1168\">\n<li data-start=\"666\" data-end=\"910\">\n<p data-start=\"668\" data-end=\"910\">El 7 de noviembre de 1991: Magic Johnson, estrella de la Los Angeles Lakers, anunci\u00f3 su retiro de la NBA tras revelar que era portador del virus VIH. Este hecho marc\u00f3 un gran hito en el deporte mundial. <span class=\"\" data-state=\"closed\"><span class=\"ms-1 inline-flex max-w-full items-center relative top-[-0.094rem] animate-[show_150ms_ease-in]\" data-testid=\"webpage-citation-pill\"><a class=\"flex h-4.5 overflow-hidden rounded-xl px-2 text-[9px] font-medium transition-colors duration-150 ease-in-out text-token-text-secondary! bg-[#F4F4F4]! dark:bg-[#303030]!\" href=\"https:\/\/prosportsoutlook.com\/most-significant-sports-history-on-november-7th\/?utm_source=chatgpt.com\" target=\"_blank\" rel=\"noopener\"><span class=\"relative start-0 bottom-0 flex h-full w-full items-center\"><span class=\"flex h-4 w-full items-center justify-between\"><span class=\"max-w-[15ch] grow truncate overflow-hidden text-center\">Pro Sports Outlook<\/span><span class=\"-me-1 flex h-full items-center rounded-full px-1 text-[#8F8F8F]\">+1<\/span><\/span><\/span><\/a><\/span><\/span><\/p>\n<\/li>\n<li data-start=\"911\" data-end=\"1168\">\n<p data-start=\"913\" data-end=\"1168\">Otro dato: el 7 de noviembre de 1963 el catcher de los New York Yankees, Elston Howard, se convirti\u00f3 en el primer jugador afroamericano en ganar el premio MVP (Jugador M\u00e1s Valioso) en la Liga Americana de b\u00e9isbol.<\/p>\n<\/li>\n<\/ul>\n<\/article>\n<\/div>\n<\/div>\n<\/div>\n","protected":false},"excerpt":{"rendered":"<p>Esta es la Efem\u00e9rides del Deporte en el Chaco de un 7 de noviembre del periodista Luis Dar\u00edo Molodezky. &nbsp; &nbsp; D\u00eda del Periodista Deportivo. &nbsp; 1997\u00a0\/ Asociaci\u00f3n Italiana deja inaugurado el complejo deportivo y cultural. La construcci\u00f3n se inici\u00f3 en 1991. 2013\u00a0\/ Se inaugura la sede del C\u00edrculo de Periodistas Deportivos en la avenida &hellip;<\/p>\n","protected":false},"author":2,"featured_media":28225,"comment_status":"open","ping_status":"open","sticky":false,"template":"","format":"standard","meta":{"footnotes":""},"categories":[1],"tags":[],"class_list":["post-28223","post","type-post","status-publish","format-standard","has-post-thumbnail","hentry","category-fotos-del-recuerdo"],"_links":{"self":[{"href":"https:\/\/www.sportchaco.com.ar\/index.php?rest_route=\/wp\/v2\/posts\/28223","targetHints":{"allow":["GET"]}}],"collection":[{"href":"https:\/\/www.sportchaco.com.ar\/index.php?rest_route=\/wp\/v2\/posts"}],"about":[{"href":"https:\/\/www.sportchaco.com.ar\/index.php?rest_route=\/wp\/v2\/types\/post"}],"author":[{"embeddable":true,"href":"https:\/\/www.sportchaco.com.ar\/index.php?rest_route=\/wp\/v2\/users\/2"}],"replies":[{"embeddable":true,"href":"https:\/\/www.sportchaco.com.ar\/index.php?rest_route=%2Fwp%2Fv2%2Fcomments&post=28223"}],"version-history":[{"count":2,"href":"https:\/\/www.sportchaco.com.ar\/index.php?rest_route=\/wp\/v2\/posts\/28223\/revisions"}],"predecessor-version":[{"id":28227,"href":"https:\/\/www.sportchaco.com.ar\/index.php?rest_route=\/wp\/v2\/posts\/28223\/revisions\/28227"}],"wp:featuredmedia":[{"embeddable":true,"href":"https:\/\/www.sportchaco.com.ar\/index.php?rest_route=\/wp\/v2\/media\/28225"}],"wp:attachment":[{"href":"https:\/\/www.sportchaco.com.ar\/index.php?rest_route=%2Fwp%2Fv2%2Fmedia&parent=28223"}],"wp:term":[{"taxonomy":"category","embeddable":true,"href":"https:\/\/www.sportchaco.com.ar\/index.php?rest_route=%2Fwp%2Fv2%2Fcategories&post=28223"},{"taxonomy":"post_tag","embeddable":true,"href":"https:\/\/www.sportchaco.com.ar\/index.php?rest_route=%2Fwp%2Fv2%2Ftags&post=28223"}],"curies":[{"name":"wp","href":"https:\/\/api.w.org\/{rel}","templated":true}]}}