{"id":28229,"date":"2025-11-06T10:50:05","date_gmt":"2025-11-06T13:50:05","guid":{"rendered":"https:\/\/www.sportchaco.com.ar\/?p=28229"},"modified":"2025-11-06T12:10:12","modified_gmt":"2025-11-06T15:10:12","slug":"charal-de-coco-urbano-y-pablo-silva-en-el-jaime-zapata","status":"publish","type":"post","link":"https:\/\/www.sportchaco.com.ar\/?p=28229","title":{"rendered":"Charla de Coco Urbano y Pablo Silva en el Jaime Zapata"},"content":{"rendered":"<h5 dir=\"auto\"><\/h5>\n<h5 dir=\"auto\">El gobierno provincial a trav\u00e9s del Instituto del Deporte Chaque\u00f1o recibieron a \u00abCoco\u00bb Urbano y Pablo Silva deportistas adaptados de sillas de ruedas, donde realizaron un charla motivacional, contando sus experiencias y haciendo un balance sobre su traves\u00eda de 2000km en silla de ruedas que est\u00e1n realizando.<\/h5>\n<h5 dir=\"auto\"><\/h5>\n<div dir=\"auto\">De la misma se hicieron presentes el Presidente de la cartera deportiva, prof Fabio V\u00e1zquez, el Vicepresidente, prof Gabriel Pellegrini, y la Presidente del IPRODICH, Ana Mitoire.<\/div>\n<div dir=\"auto\"><\/div>\n<div dir=\"auto\">La mencionada charla se realiz\u00f3 en el sal\u00f3n de usos m\u00faltiples del Jaime Zapata donde pudieron presenciar los atletas de deporte adaptado del IDCH y de la Fundaci\u00f3n Desocha, adem\u00e1s del p\u00fablico interesado.<\/div>\n<div dir=\"auto\">Fabio V\u00e1zquez, Presidente del Instituto del Deporte Chaque\u00f1o, \u00abpara nosotros es muy importante y estamos orgullosos de contar con la presencia de \u00abcoco\u00bb y Pablo, que nos cuenten sus experiencias y motivar a los deportistas con discapacidad\u00bb<\/div>\n<div dir=\"auto\"><\/div>\n<div dir=\"auto\">Ana Mitore, Presidente del IPRODICH \u00abFue muy inspiradora la charla, ojal\u00e1 que le llegue esto a mucha gente y se siga promocionando el deporte adaptado\u00bb.<\/div>\n<div dir=\"auto\"><img decoding=\"async\" src=\"https:\/\/scontent.fcnq2-1.fna.fbcdn.net\/v\/t51.82787-15\/572143639_18434572630103295_7509619444956427902_n.webp?stp=dst-jpg_tt6&amp;_nc_cat=107&amp;ccb=1-7&amp;_nc_sid=127cfc&amp;_nc_eui2=AeHZWRnn2sy5BSyCgG_-Nw1HPtkNQhXrmGo-2Q1CFeuYamaTLOaqcHPsujAjFUn7YA4&amp;_nc_ohc=QMZ3yHkQfgAQ7kNvwH2GSCt&amp;_nc_oc=AdlNRzv6GjKjDaXWVf4RD9oB93NImCRpEaylkM04s52Lmgq_AfIy4FnxvdgafxZVhZU&amp;_nc_zt=23&amp;_nc_ht=scontent.fcnq2-1.fna&amp;_nc_gid=xWXuWTMjo1Bd6Lvq0a3rQw&amp;oh=00_AfgrC6G45jW-UOsrpie3780WR--flOjZbeBvhZt5F1vW1w&amp;oe=6912805A\" alt=\"Puede ser una imagen de segway, monopat\u00edn, scooter y texto\" \/><\/div>\n","protected":false},"excerpt":{"rendered":"<p>El gobierno provincial a trav\u00e9s del Instituto del Deporte Chaque\u00f1o recibieron a \u00abCoco\u00bb Urbano y Pablo Silva deportistas adaptados de sillas de ruedas, donde realizaron un charla motivacional, contando sus experiencias y haciendo un balance sobre su traves\u00eda de 2000km en silla de ruedas que est\u00e1n realizando. De la misma se hicieron presentes el Presidente &hellip;<\/p>\n","protected":false},"author":2,"featured_media":28230,"comment_status":"open","ping_status":"open","sticky":false,"template":"","format":"standard","meta":{"footnotes":""},"categories":[44],"tags":[],"class_list":["post-28229","post","type-post","status-publish","format-standard","has-post-thumbnail","hentry","category-varios"],"_links":{"self":[{"href":"https:\/\/www.sportchaco.com.ar\/index.php?rest_route=\/wp\/v2\/posts\/28229","targetHints":{"allow":["GET"]}}],"collection":[{"href":"https:\/\/www.sportchaco.com.ar\/index.php?rest_route=\/wp\/v2\/posts"}],"about":[{"href":"https:\/\/www.sportchaco.com.ar\/index.php?rest_route=\/wp\/v2\/types\/post"}],"author":[{"embeddable":true,"href":"https:\/\/www.sportchaco.com.ar\/index.php?rest_route=\/wp\/v2\/users\/2"}],"replies":[{"embeddable":true,"href":"https:\/\/www.sportchaco.com.ar\/index.php?rest_route=%2Fwp%2Fv2%2Fcomments&post=28229"}],"version-history":[{"count":2,"href":"https:\/\/www.sportchaco.com.ar\/index.php?rest_route=\/wp\/v2\/posts\/28229\/revisions"}],"predecessor-version":[{"id":28232,"href":"https:\/\/www.sportchaco.com.ar\/index.php?rest_route=\/wp\/v2\/posts\/28229\/revisions\/28232"}],"wp:featuredmedia":[{"embeddable":true,"href":"https:\/\/www.sportchaco.com.ar\/index.php?rest_route=\/wp\/v2\/media\/28230"}],"wp:attachment":[{"href":"https:\/\/www.sportchaco.com.ar\/index.php?rest_route=%2Fwp%2Fv2%2Fmedia&parent=28229"}],"wp:term":[{"taxonomy":"category","embeddable":true,"href":"https:\/\/www.sportchaco.com.ar\/index.php?rest_route=%2Fwp%2Fv2%2Fcategories&post=28229"},{"taxonomy":"post_tag","embeddable":true,"href":"https:\/\/www.sportchaco.com.ar\/index.php?rest_route=%2Fwp%2Fv2%2Ftags&post=28229"}],"curies":[{"name":"wp","href":"https:\/\/api.w.org\/{rel}","templated":true}]}}