{"id":28262,"date":"2025-11-08T02:16:14","date_gmt":"2025-11-08T05:16:14","guid":{"rendered":"https:\/\/www.sportchaco.com.ar\/?p=28262"},"modified":"2025-11-08T02:16:46","modified_gmt":"2025-11-08T05:16:46","slug":"efemerides-de-8-de-noviembre-2","status":"publish","type":"post","link":"https:\/\/www.sportchaco.com.ar\/?p=28262","title":{"rendered":"Efem\u00e9rides de 8 de noviembre"},"content":{"rendered":"<div class=\"container fullwidth-entry-title-wrapper\">\n<div class=\"container-wrapper fullwidth-entry-title\">\n<header class=\"entry-header-outer\">\n<div class=\"entry-header\">\n<h1>16<\/h1>\n<h1><\/h1>\n<h6 class=\"post-title entry-title\">Foto portada: Frente del club Social de S\u00e1enz Pe\u00f1a<\/h6>\n<h1 class=\"post-title entry-title\"><\/h1>\n<div class=\"single-post-meta post-meta clearfix\"><\/div>\n<\/div>\n<\/header>\n<\/div>\n<\/div>\n<div id=\"content\" class=\"site-content container\">\n<div id=\"main-content-row\" class=\"tie-row main-content-row\">\n<div class=\"main-content tie-col-md-8 tie-col-xs-12\" role=\"main\">\n<article id=\"the-post\" class=\"container-wrapper post-content tie-standard\">\n<div class=\"featured-area\">\n<div class=\"featured-area-inner\"><\/div>\n<\/div>\n<div class=\"entry-content entry clearfix\">\n<p><strong>Esta es la Efem\u00e9rides del Deporte en el Chaco de un 8 de noviembre del periodista Luis Dar\u00edo Molodezky.<\/strong><\/p>\n<p style=\"text-align: center;\"><img loading=\"lazy\" decoding=\"async\" class=\"alignnone size-medium wp-image-28224\" src=\"https:\/\/www.sportchaco.com.ar\/wp-content\/uploads\/2025\/11\/Luis-ago-2025-300x200.jpg\" alt=\"\" width=\"300\" height=\"200\" srcset=\"https:\/\/www.sportchaco.com.ar\/wp-content\/uploads\/2025\/11\/Luis-ago-2025-300x200.jpg 300w, https:\/\/www.sportchaco.com.ar\/wp-content\/uploads\/2025\/11\/Luis-ago-2025-768x513.jpg 768w, https:\/\/www.sportchaco.com.ar\/wp-content\/uploads\/2025\/11\/Luis-ago-2025.jpg 957w\" sizes=\"auto, (max-width: 300px) 100vw, 300px\" \/><\/p>\n<p>&nbsp;<\/p>\n<p><strong>1939<\/strong>\u00a0\/ Se funda en Presidencia Roque S\u00e1enz Pe\u00f1a el \u00abClub Social\u00bb, en la misma sede que ocupa actualmente.<\/p>\n<p><strong>1948\u00a0<\/strong>\/ El chaque\u00f1o Eduardo Ger\u00f3nimo Orcola con su Chevrolet N\u00ba 46, arriba decimotercero en la carrera Buenos Aires-Caracas, en aquella carrera de conflictiva definici\u00f3n ganada por Toscanito Marim\u00f3n.<\/p>\n<p><img loading=\"lazy\" decoding=\"async\" class=\"attachment-jannah-image-post size-jannah-image-post wp-post-image\" src=\"https:\/\/www.sportchaco.com.ar\/wp-content\/uploads\/2024\/11\/oRCOLA-CARACAS-AGAZZANI-780x470.jpg\" alt=\"\" width=\"780\" height=\"470\" data-main-img=\"1\" \/><\/p>\n<p><strong>1985\u00a0<\/strong>\/ Sale por primera vez al aire el primer programa deportivo en la nueva Radio Chaco, LRH 251, y que lleva por nombre La Voz del deporte. Integraron el primer equipo Edmundo Duncan Molina, Emilio Miguel Lagranja, Eduardo Rub\u00e9n Ferreyra, Alejandro Lionel Cardozo, Ricardo Coco Ruiz y Marcelo Lagranja.<\/p>\n<\/div>\n<\/article>\n<\/div>\n<\/div>\n<\/div>\n","protected":false},"excerpt":{"rendered":"<p>16 Foto portada: Frente del club Social de S\u00e1enz Pe\u00f1a Esta es la Efem\u00e9rides del Deporte en el Chaco de un 8 de noviembre del periodista Luis Dar\u00edo Molodezky. &nbsp; 1939\u00a0\/ Se funda en Presidencia Roque S\u00e1enz Pe\u00f1a el \u00abClub Social\u00bb, en la misma sede que ocupa actualmente. 1948\u00a0\/ El chaque\u00f1o Eduardo Ger\u00f3nimo Orcola con &hellip;<\/p>\n","protected":false},"author":2,"featured_media":28263,"comment_status":"open","ping_status":"open","sticky":false,"template":"","format":"standard","meta":{"footnotes":""},"categories":[45,41],"tags":[],"class_list":["post-28262","post","type-post","status-publish","format-standard","has-post-thumbnail","hentry","category-efemerides-dia-por-dia","category-noviembre"],"_links":{"self":[{"href":"https:\/\/www.sportchaco.com.ar\/index.php?rest_route=\/wp\/v2\/posts\/28262","targetHints":{"allow":["GET"]}}],"collection":[{"href":"https:\/\/www.sportchaco.com.ar\/index.php?rest_route=\/wp\/v2\/posts"}],"about":[{"href":"https:\/\/www.sportchaco.com.ar\/index.php?rest_route=\/wp\/v2\/types\/post"}],"author":[{"embeddable":true,"href":"https:\/\/www.sportchaco.com.ar\/index.php?rest_route=\/wp\/v2\/users\/2"}],"replies":[{"embeddable":true,"href":"https:\/\/www.sportchaco.com.ar\/index.php?rest_route=%2Fwp%2Fv2%2Fcomments&post=28262"}],"version-history":[{"count":3,"href":"https:\/\/www.sportchaco.com.ar\/index.php?rest_route=\/wp\/v2\/posts\/28262\/revisions"}],"predecessor-version":[{"id":28282,"href":"https:\/\/www.sportchaco.com.ar\/index.php?rest_route=\/wp\/v2\/posts\/28262\/revisions\/28282"}],"wp:featuredmedia":[{"embeddable":true,"href":"https:\/\/www.sportchaco.com.ar\/index.php?rest_route=\/wp\/v2\/media\/28263"}],"wp:attachment":[{"href":"https:\/\/www.sportchaco.com.ar\/index.php?rest_route=%2Fwp%2Fv2%2Fmedia&parent=28262"}],"wp:term":[{"taxonomy":"category","embeddable":true,"href":"https:\/\/www.sportchaco.com.ar\/index.php?rest_route=%2Fwp%2Fv2%2Fcategories&post=28262"},{"taxonomy":"post_tag","embeddable":true,"href":"https:\/\/www.sportchaco.com.ar\/index.php?rest_route=%2Fwp%2Fv2%2Ftags&post=28262"}],"curies":[{"name":"wp","href":"https:\/\/api.w.org\/{rel}","templated":true}]}}