{"id":28267,"date":"2025-11-07T17:43:58","date_gmt":"2025-11-07T20:43:58","guid":{"rendered":"https:\/\/www.sportchaco.com.ar\/?p=28267"},"modified":"2025-11-07T17:43:58","modified_gmt":"2025-11-07T20:43:58","slug":"7-de-noviembre-por-que-hoy-se-celebra-el-dia-del-periodista-deportivo-en-argentina","status":"publish","type":"post","link":"https:\/\/www.sportchaco.com.ar\/?p=28267","title":{"rendered":"7 de Noviembre: Por qu\u00e9 hoy se celebra el D\u00eda del Periodista Deportivo en Argentina"},"content":{"rendered":"<div class=\"np_contdata isDesktop\">\n<div class=\"news-amp-tags\"><\/div>\n<\/div>\n<div class=\"news-amp-title\">\n<div class=\"force_900\">\n<div class=\"nota_tag nota_tag_page\"><\/div>\n<h1>7 de Noviembre: Por qu\u00e9 hoy se celebra el D\u00eda del Periodista Deportivo en Argentina<\/h1>\n<\/div>\n<\/div>\n<div class=\"news-amp-caption  news-amp-caption--no-opinion \">\n<div class=\"force_900\">La jornada coincide con el D\u00eda del Canillita. La profesi\u00f3n ha evolucionado para incluir la cr\u00edtica, la investigaci\u00f3n y nuevas voces.<\/div>\n<\/div>\n<div class=\"np_contautor np_contautor--no-opinion\">\n<div class=\"firmante firmante--no-opinion\"><\/div>\n<div class=\"np_redesseparator\"><\/div>\n<div class=\"redes\"><\/div>\n<\/div>\n<div class=\"news-amp-attachment wide-aspect-ratio inDesktop\">\n<div class=\"force_900\"><img decoding=\"async\" class=\"i-amphtml-fill-content i-amphtml-replaced-content\" src=\"https:\/\/pxbcdn.red43.com.ar\/red43\/112025\/1762539243660.webp?cw=1280&amp;ch=720\" alt=\"7 de Noviembre: Por qu\u00e9 hoy se celebra el D\u00eda del Periodista Deportivo en Argentina\" data-amp-auto-lightbox-disable=\"\" \/><\/div>\n<\/div>\n<div class=\"buttons-container\">\n<div class=\"notareader-button\" tabindex=\"0\" role=\"button\"><img decoding=\"async\" class=\"i-amphtml-fill-content i-amphtml-replaced-content\" src=\"https:\/\/www.red43.com.ar\/img\/auriculares.svg\" \/><\/p>\n<p class=\"notareader-p\">Escuchar esta nota<\/p>\n<\/div>\n<div class=\"zoom\"><button class=\"button-increment\">A+<\/button><button class=\"button-decrement\">A-<\/button><\/div>\n<\/div>\n<div class=\"news-amp-body\">\n<div class=\"\">\n<p>Cada 7 de noviembre, el pa\u00eds se une para homenajear a los profesionales de la prensa que dedican su pasi\u00f3n y rigor a contar la emoci\u00f3n del deporte. Hoy se celebra el\u00a0<b>D\u00eda Nacional del Periodista Deportivo<\/b>, una fecha que tiene sus ra\u00edces en la historia de la comunicaci\u00f3n nacional.<\/p>\n<p>Esta conmemoraci\u00f3n se estableci\u00f3 oficialmente durante el\u00a0<b>Primer Congreso Nacional de Periodistas<\/b>, realizado en 1938.<\/p>\n<h3><em><strong>El Nacimiento de la Asociaci\u00f3n y la Jerarquizaci\u00f3n de la Profesi\u00f3n<\/strong><\/em><\/h3>\n<p>La elecci\u00f3n de la fecha est\u00e1 \u00edntimamente ligada a la fundaci\u00f3n de una entidad clave para la actividad:<\/p>\n<ul>\n<li>En 1938, un grupo de profesionales fund\u00f3 la\u00a0<b>Asociaci\u00f3n de Periodistas Deportivos de Buenos Aires<\/b>.<\/li>\n<li>El objetivo de esta asociaci\u00f3n fue\u00a0<b>jerarquizar la actividad<\/b>, promover la capacitaci\u00f3n y fortalecer la \u00e9tica profesional dentro de la prensa especializada.<\/li>\n<\/ul>\n<p>Aunque otras fuentes se\u00f1alan el a\u00f1o 1941 para la creaci\u00f3n de dicha entidad, el consenso hist\u00f3rico sit\u00faa al 7 de noviembre como el d\u00eda para reconocer a quienes traducen en palabras las haza\u00f1as, sacrificios y pasiones de los atletas.<\/p>\n<p>&nbsp;<\/p>\n<p>&nbsp;<\/p>\n<h3><strong>La Doble Conmemoraci\u00f3n: Periodistas y Canillitas<\/strong><\/h3>\n<p>&nbsp;<\/p>\n<p>El 7 de noviembre comparte protagonismo con otra efem\u00e9ride del mundo de la prensa: el\u00a0<b>D\u00eda del Canillita<\/b>.<\/p>\n<ul>\n<li>Esta coincidencia hist\u00f3rica celebra el v\u00ednculo inseparable que exist\u00eda entre la prensa deportiva, sus medios gr\u00e1ficos y los repartidores de diarios y revistas, quienes eran cruciales para llevar las cr\u00f3nicas y resultados al p\u00fablico.<\/li>\n<\/ul>\n<h3>Evoluci\u00f3n y Mirada Cr\u00edtica<\/h3>\n<p>Con el paso del tiempo, el periodismo deportivo dej\u00f3 de ser solo la narraci\u00f3n de resultados. Hoy, el rol del periodista deportivo es clave para:<\/p>\n<ul>\n<li><b>Contextualizar los hechos<\/b>.<\/li>\n<li><b>Aportar una mirada cr\u00edtica<\/b>\u00a0a los fen\u00f3menos del deporte, desde el negocio del espect\u00e1culo hasta temas sociales como el dopaje o la violencia en los estadios.<\/li>\n<li><b>Impulsar la inclusi\u00f3n:<\/b>\u00a0En las \u00faltimas d\u00e9cadas, la incorporaci\u00f3n de la mujer a un \u00e1mbito hist\u00f3ricamente masculino ha sido uno de los cambios m\u00e1s significativos, aportando diversidad de voces y enfoques.<\/li>\n<\/ul>\n<p>En su d\u00eda, se honra el trabajo incansable y el compromiso con la verdad y la pasi\u00f3n que acompa\u00f1aron las grandes gestas de la historia deportiva nacional.<\/p>\n<\/div>\n<\/div>\n","protected":false},"excerpt":{"rendered":"<p>7 de Noviembre: Por qu\u00e9 hoy se celebra el D\u00eda del Periodista Deportivo en Argentina La jornada coincide con el D\u00eda del Canillita. La profesi\u00f3n ha evolucionado para incluir la cr\u00edtica, la investigaci\u00f3n y nuevas voces. Escuchar esta nota A+A- Cada 7 de noviembre, el pa\u00eds se une para homenajear a los profesionales de la &hellip;<\/p>\n","protected":false},"author":2,"featured_media":28268,"comment_status":"open","ping_status":"open","sticky":false,"template":"","format":"standard","meta":{"footnotes":""},"categories":[44],"tags":[],"class_list":["post-28267","post","type-post","status-publish","format-standard","has-post-thumbnail","hentry","category-varios"],"_links":{"self":[{"href":"https:\/\/www.sportchaco.com.ar\/index.php?rest_route=\/wp\/v2\/posts\/28267","targetHints":{"allow":["GET"]}}],"collection":[{"href":"https:\/\/www.sportchaco.com.ar\/index.php?rest_route=\/wp\/v2\/posts"}],"about":[{"href":"https:\/\/www.sportchaco.com.ar\/index.php?rest_route=\/wp\/v2\/types\/post"}],"author":[{"embeddable":true,"href":"https:\/\/www.sportchaco.com.ar\/index.php?rest_route=\/wp\/v2\/users\/2"}],"replies":[{"embeddable":true,"href":"https:\/\/www.sportchaco.com.ar\/index.php?rest_route=%2Fwp%2Fv2%2Fcomments&post=28267"}],"version-history":[{"count":1,"href":"https:\/\/www.sportchaco.com.ar\/index.php?rest_route=\/wp\/v2\/posts\/28267\/revisions"}],"predecessor-version":[{"id":28269,"href":"https:\/\/www.sportchaco.com.ar\/index.php?rest_route=\/wp\/v2\/posts\/28267\/revisions\/28269"}],"wp:featuredmedia":[{"embeddable":true,"href":"https:\/\/www.sportchaco.com.ar\/index.php?rest_route=\/wp\/v2\/media\/28268"}],"wp:attachment":[{"href":"https:\/\/www.sportchaco.com.ar\/index.php?rest_route=%2Fwp%2Fv2%2Fmedia&parent=28267"}],"wp:term":[{"taxonomy":"category","embeddable":true,"href":"https:\/\/www.sportchaco.com.ar\/index.php?rest_route=%2Fwp%2Fv2%2Fcategories&post=28267"},{"taxonomy":"post_tag","embeddable":true,"href":"https:\/\/www.sportchaco.com.ar\/index.php?rest_route=%2Fwp%2Fv2%2Ftags&post=28267"}],"curies":[{"name":"wp","href":"https:\/\/api.w.org\/{rel}","templated":true}]}}