{"id":28274,"date":"2025-11-07T17:56:21","date_gmt":"2025-11-07T20:56:21","guid":{"rendered":"https:\/\/www.sportchaco.com.ar\/?p=28274"},"modified":"2025-11-07T17:56:21","modified_gmt":"2025-11-07T20:56:21","slug":"colapinto-confirmado-para-el-2026-en-alpine","status":"publish","type":"post","link":"https:\/\/www.sportchaco.com.ar\/?p=28274","title":{"rendered":"Colapinto confirmado para el 2026 en Alpine"},"content":{"rendered":"<div class=\"bg-neutral-dark-1 pt-65 -mt-65 pt-118_m -mt-87_m mt-0_l pt-112_l\">\n<div class=\"lay px-0_max767 px-40_xl\">\n<div class=\"row\">\n<div class=\"grid gap-24 pb-16 pb-24_m pb-32_lg w-100 grid-cols-12_m px-24_m grid-cols-16_lg gap-32_lg px-32_xl\">\n<div class=\"grid-col-1-7_md grid-col-1-6_md grid-col-1-8_lg grid-row-1_md\">\n<div class=\"flex flex-column ai-start jc-center px-16 gap-16 h-100 px-0_m\">\n<div class=\"flex flex-column text-neutral-light-1 gap-16\">\n<h1 class=\"text ln-text prumo text-28 text-32_md text-40_lg text-48_xl --prumo --font-bold\"><\/h1>\n<h5 class=\"text ln-text text-18\"><strong>El argentino, de 22 a\u00f1os, fue oficializado por la escuder\u00eda Alpine\u00a0 y seguir\u00e1 durante toda la temporada; \u201cEstoy muy contento, muy agradecido\u201d, dijo en conferencia de prensa tras la confirmaci\u00f3n oficial; las palabras de Briatore sobre el nuevo equipo con Gasly y el futuro<\/strong><\/h5>\n<\/div>\n<\/div>\n<\/div>\n<div class=\"grid-col-7-13_md grid-col-6-13_md grid-col-8-17_lg grid-row-1_md\">\n<div id=\"liveBlog-opening-media\" class=\"h-100 flex flex-column jc-center\">\n<div class=\"w-100 \"><\/div>\n<\/div>\n<\/div>\n<\/div>\n<\/div>\n<\/div>\n<\/div>\n<div class=\"lay-sidebar pt-16 pt-32_m\">\n<div class=\"row\">\n<div class=\"grid grid-cols-12_m\">\n<section id=\"body-liveblog-editorial\" class=\"grid-col-2-2_m grid-col-2-11_lg\">\n<div class=\"liveblog-editorial-body-posts grid_md gap-32_m mb-32\">\n<div id=\"liveblog_V2KEKXSSOZGLRI3KNWUNEJPSQI\" class=\"-ml-16 -mr-16 ml-0_m mr-0_m liveBlog_post liveBlog_post--unpinned\">\n<div class=\"relative border border-all rounded-8_m shadow-post-md border-thin_m border-neutral-light-100_m\">\n<div class=\"flex flex-column pt-32 px-16 px-40_m\">\n<div class=\"row ai-center text-14 gap-8 flex jc-between mb-16\">\n<div class=\"relative w-max\"><\/div>\n<\/div>\n<h2 class=\"text ln-text prumo prumo-semibold text-24 text-neutral-light-800 mb-16\">Elogios de Hamilton a Colapinto<\/h2>\n<\/div>\n<div class=\"body-post px-16 pb-32 px-40_m pb-40_m\">\n<p class=\"com-paragraph   --s\">\u201cCreo que lo est\u00e1 haciendo incre\u00edble, pero ante todo es un chico realmente encantador\u201d, dijo\u00a0<strong>Lewis Hamilton<\/strong>\u00a0(Ferrari) en la conferencia de prensa previa al inicio de la actividad en\u00a0<strong>San Pablo<\/strong>.<\/p>\n<p class=\"com-paragraph   --s\">Al opinar sobre el piloto argentino, el heptacampe\u00f3n ingl\u00e9s record\u00f3: \u201cHicimos un vuelo juntos de regreso luego de la carrera en\u00a0<strong>Barcelona<\/strong>, y tuvimos una gran conversaci\u00f3n. Y adem\u00e1s es simplemente un ser humano agradable: algo lindo de ver. Y con mucho peso sobre sus hombros.<strong>\u00a0No es f\u00e1cil cuando lleg\u00e1s a la F\u00f3rmula 1<\/strong> y las cosas son inciertas. Creo que lo ha estado haciendo muy bien, y creo que s\u00f3lo necesita seguir haciendo lo que est\u00e1 haciendo\u201d.<\/p>\n<\/div>\n<\/div>\n<\/div>\n<div id=\"liveblog_5TSMNY2SDNBXTFS5BGSBD6PDGE\" class=\"-ml-16 -mr-16 ml-0_m mr-0_m liveBlog_post liveBlog_post--unpinned\">\n<div class=\"relative border border-all rounded-8_m shadow-post-md border-thin_m border-neutral-light-100_m\">\n<div class=\"flex flex-column pt-32 px-16 px-40_m\">\n<div class=\"row ai-center text-14 gap-8 flex jc-between mb-16\">\n<div class=\"relative w-max\"><\/div>\n<\/div>\n<h2 class=\"text ln-text prumo prumo-semibold text-24 text-neutral-light-800 mb-16\">El motor que tendr\u00e1 Colapinto<\/h2>\n<\/div>\n<div class=\"body-post px-16 pb-32 px-40_m pb-40_m\">\n<p class=\"com-paragraph   --s\">Cuando Franco, en la biblioteca de su escuela en Pilar, se dedicaba a leer la biograf\u00eda de Juan Manuel Fangio, so\u00f1aba con la F1, pero quiz\u00e1s no se le pasaba por la mente que podr\u00eda ser un motor Mercedes, como tuvo el qu\u00edntuple campe\u00f3n del mundo en 1954 y 1955, el que empujar\u00eda su sue\u00f1o.<\/p>\n<p class=\"com-paragraph   --s\">Y\u00a0<strong>ese es el motor que tendr\u00e1 en su coche, adaptado al nuevo reglamento que prev\u00e9 una entrega de potencia 50 % procedente del motor t\u00e9rmico (el convencional) y 50 % de un motor el\u00e9ctrico.<\/strong><\/p>\n<div class=\"liveblogging__header dark\">\n<div class=\"center-content center_story wrapper-layout max-width\">\n<div class=\"col-content\">\n<div class=\"liveblogging__headline-byline-container\">\n<div id=\"StaticHeadlines\">\n<div data-testid=\"headlines\">\n<h1 class=\"article__title bold font__display\">Gran Premio de Brasil: Franco Colapinto termin\u00f3 16\u00b0 en la clasificaci\u00f3n de la carrera Sprint<\/h1>\n<h2 class=\"article__dropline font__body\">Tras la noticia de su confirmaci\u00f3n, tuvo una buena pr\u00e1ctica libre, pero no pudo repetirlo en la qualy. Fue eliminado en la primera etapa mientras que Pierre Gasly se mantuvo entre los 10 mejores.<\/h2>\n<\/div>\n<\/div>\n<div class=\"article__byline\" data-testid=\"byline\">\n<div class=\"author-date\"><\/div>\n<\/div>\n<\/div>\n<\/div>\n<\/div>\n<\/div>\n<div class=\"common-layout wrapper-layout center-content center_story max-width story live\">\n<div class=\"col-content\">\n<div class=\"default-article-color article__body article__live\">\n<div class=\"featured-bullets\">\n<div class=\"featured-bullets-editor\">\n<ul>\n<li>Este fin de semana se disputa la 21\u00b0 fecha de la temporada de la F\u00f3rmula 1 con el<strong>\u00a0Gran Premio de Brasil.<\/strong><\/li>\n<li><strong>Franco Colapinto fue confirmado por Alpine para la pr\u00f3xima temporada de la F1<\/strong>.<\/li>\n<li>El argentino termin\u00f3 16\u00b0 la \u00fanica pr\u00e1ctica que afront\u00f3 minutos despu\u00e9s de la oficializaci\u00f3n de su continuidad.<\/li>\n<li>Tras la sesi\u00f3n de entrenamientos,<strong>\u00a0Colapinto disput\u00f3 la clasificaci\u00f3n de la carrera Sprint y largar\u00e1 desde el puesto 16.\u00a0<\/strong>Por su parte, Pierre Gasly qued\u00f3 13\u00b0.<\/li>\n<li><strong>El GP de Brasil se correr\u00e1 el domingo desde las 14:00<\/strong>\u00a0de Argentina a 71 vueltas sobre el circuito de Interlagos, con un recorrido total de 306 kil\u00f3metros.<\/li>\n<\/ul>\n<\/div>\n<\/div>\n<div class=\"\">\n<h2 id=\"asi-quedo-la-clasificacion-de-la-carrera-sprint\" class=\"liveblog-title\">PRACTICAS<\/h2>\n<div>\n<div class=\"date__author\"><\/div>\n<\/div>\n<div class=\"paragraph\">\n<ul>\n<li>1 &#8211; Lando Norris (McLaren)<\/li>\n<li>2 &#8211; Kimi Antonelli (Mercedes)<\/li>\n<li>3 &#8211; Oscar Piastri (McLaren)<\/li>\n<li>4 &#8211; George Russell\u00a0 (Mercedes)<\/li>\n<li>5 &#8211; Fernando Alonso\u00a0 (Aston Martin)<\/li>\n<li>6 &#8211; Max Verstappen (Red Bull)<\/li>\n<li>7 &#8211; Lance Stroll (Aston Martin)<\/li>\n<li>8 &#8211; Charles Leclerc (Ferrari)<\/li>\n<li>9 &#8211; Isack Hadjar (RB)<\/li>\n<li>10 &#8211;\u00a0 Nico Hulkenberg (Sauber)<\/li>\n<li>11 &#8211; Lewis Hamilton (Ferrari)<\/li>\n<li>12 &#8211; Alex Albon (Williams)<\/li>\n<li>13 &#8211; Pierre Gasly (Alpine)<\/li>\n<li>14 &#8211; Gabriel Bortoleto (Sauber)<\/li>\n<li>15 &#8211; Oliver Bearman (Haas)<\/li>\n<li>16 &#8211; Franco Colapinto (Alpine)<\/li>\n<li>17 &#8211; Liam Lawson (RB)<\/li>\n<li>18 &#8211; Yuki Tsunoda (Red Bull)<\/li>\n<li>19 &#8211; Esteban Ocon (Haas)<\/li>\n<li>20 &#8211; Carlos Sainz (Williams)<\/li>\n<\/ul>\n<\/div>\n<\/div>\n<\/div>\n<\/div>\n<\/div>\n<\/div>\n<\/div>\n<\/div>\n<\/div>\n<\/section>\n<\/div>\n<\/div>\n<\/div>\n","protected":false},"excerpt":{"rendered":"<p>El argentino, de 22 a\u00f1os, fue oficializado por la escuder\u00eda Alpine\u00a0 y seguir\u00e1 durante toda la temporada; \u201cEstoy muy contento, muy agradecido\u201d, dijo en conferencia de prensa tras la confirmaci\u00f3n oficial; las palabras de Briatore sobre el nuevo equipo con Gasly y el futuro Elogios de Hamilton a Colapinto \u201cCreo que lo est\u00e1 haciendo incre\u00edble, &hellip;<\/p>\n","protected":false},"author":2,"featured_media":28275,"comment_status":"open","ping_status":"open","sticky":false,"template":"","format":"standard","meta":{"footnotes":""},"categories":[2],"tags":[],"class_list":["post-28274","post","type-post","status-publish","format-standard","has-post-thumbnail","hentry","category-automovilismo"],"_links":{"self":[{"href":"https:\/\/www.sportchaco.com.ar\/index.php?rest_route=\/wp\/v2\/posts\/28274","targetHints":{"allow":["GET"]}}],"collection":[{"href":"https:\/\/www.sportchaco.com.ar\/index.php?rest_route=\/wp\/v2\/posts"}],"about":[{"href":"https:\/\/www.sportchaco.com.ar\/index.php?rest_route=\/wp\/v2\/types\/post"}],"author":[{"embeddable":true,"href":"https:\/\/www.sportchaco.com.ar\/index.php?rest_route=\/wp\/v2\/users\/2"}],"replies":[{"embeddable":true,"href":"https:\/\/www.sportchaco.com.ar\/index.php?rest_route=%2Fwp%2Fv2%2Fcomments&post=28274"}],"version-history":[{"count":1,"href":"https:\/\/www.sportchaco.com.ar\/index.php?rest_route=\/wp\/v2\/posts\/28274\/revisions"}],"predecessor-version":[{"id":28276,"href":"https:\/\/www.sportchaco.com.ar\/index.php?rest_route=\/wp\/v2\/posts\/28274\/revisions\/28276"}],"wp:featuredmedia":[{"embeddable":true,"href":"https:\/\/www.sportchaco.com.ar\/index.php?rest_route=\/wp\/v2\/media\/28275"}],"wp:attachment":[{"href":"https:\/\/www.sportchaco.com.ar\/index.php?rest_route=%2Fwp%2Fv2%2Fmedia&parent=28274"}],"wp:term":[{"taxonomy":"category","embeddable":true,"href":"https:\/\/www.sportchaco.com.ar\/index.php?rest_route=%2Fwp%2Fv2%2Fcategories&post=28274"},{"taxonomy":"post_tag","embeddable":true,"href":"https:\/\/www.sportchaco.com.ar\/index.php?rest_route=%2Fwp%2Fv2%2Ftags&post=28274"}],"curies":[{"name":"wp","href":"https:\/\/api.w.org\/{rel}","templated":true}]}}