{"id":28321,"date":"2025-11-08T19:34:15","date_gmt":"2025-11-08T22:34:15","guid":{"rendered":"https:\/\/www.sportchaco.com.ar\/?p=28321"},"modified":"2025-11-08T19:34:15","modified_gmt":"2025-11-08T22:34:15","slug":"racing-le-gano-a-defensa-y-quedo-a-un-paso-de-la-clasificacion","status":"publish","type":"post","link":"https:\/\/www.sportchaco.com.ar\/?p=28321","title":{"rendered":"Racing le gan\u00f3 a Defensa y qued\u00f3 a un paso de la clasificaci\u00f3n"},"content":{"rendered":"<div class=\"np_titulo\">\n<div id=\"main_body\" class=\"central no-item central_interior superdepor,deportes\">\n<div><strong>Foto portada: El saque de Cambeses, la habilitaci\u00f3n de a Vergara que aprovecho un yerro de la defensa, elundo a Bologna y convierte el \u00fanico gol del partido.<\/strong><\/div>\n<\/div>\n<\/div>\n<div id=\"main_body\" class=\"central no-item central_interior superdepor,deportes\">\n<div id=\"notas\">\n<div class=\"tapa_contenedort_imagen\">\n<div class=\"tapa_imagen\">\n<div class=\"videoWrapper\"><\/div>\n<h5 class=\"epigrafe\"><\/h5>\n<\/div>\n<\/div>\n<div id=\"notapage_texto\" class=\"notapage_cuerpo\">\n<h5><strong>Racing se qued\u00f3 con una victoria m\u00e1s que importante y necesaria este s\u00e1bado por la tarde en un estadio Presidente Per\u00f3n que extra\u00f1\u00f3 a su hinchada. Le gan\u00f3 1-0 a Defensa y Justicia y encarar\u00e1 la \u00faltima jornada del Torneo Clausura con la clasificaci\u00f3n a los octavos de final en el bolsillo. Depender\u00e1 de otros tres puntos para lograrlo.<\/strong><\/h5>\n<p>Este triunfo le permite a los de Avellaneda meterse entre los primeros ocho de su grupo, en la cuarta posici\u00f3n de manera transitoria, aprovechando la derrota de Hurac\u00e1n con Newell&#8217;s y que el Halc\u00f3n era uno de sus competidores por ingresar en la zona de playoff. Justamente deber\u00e1 visitar a la Lepra en Rosario la pr\u00f3xima y \u00faltima fecha, mientras que los de Florencio Varela recibir\u00e1n al flamante campe\u00f3n de la Copa Argentina, Independiente Rivadavia de Mendoza.<\/p>\n<p>No hubo gente en las tribunas del Cilindro. La Academia pag\u00f3 caro el recibimiento hist\u00f3rico que brindaron sus hinchas para la vuelta de la semifinal de la Copa Libertadores frente a Flamengo: Aprevide le aplic\u00f3 una sanci\u00f3n de tres partidos a puertas cerradas y este fue apenas el primero.<\/p>\n<p><img decoding=\"async\" src=\"https:\/\/www.diarioderivera.com.ar\/wp-content\/uploads\/2025\/11\/Racing-defensa.jpg\" alt=\"Racing le gan\u00f3 a Defensa y Justicia y qued\u00f3 a un punto de Boca, l\u00edder de la  Zona A \u2013 Diario de Rivera\" \/><\/p>\n<p>Desde el comienzo, y durante todo el primer tiempo, el equipo de Gustavo Costas manej\u00f3 los tiempos del encuentro, tuvo situaciones de gol claras y mereci\u00f3 ampliamente irse al descanso en ventaja. As\u00ed lo hizo a trav\u00e9s del colombiano Duv\u00e1n Vergara, quien se encontr\u00f3 mano a mano con Enrique Bologna y lo eludi\u00f3 para definir con el arco a su merced, tras un buen pase largo de Facundo Cambeses desde el fondo.<\/p>\n<p>Pero hasta ese momento, a Racing se le hab\u00eda complicado m\u00e1s de la cuenta abrir el marcador. No por un compromiso f\u00e9rreo en la marca por parte de los dirigidos por Mariano Soso, sino por cierta ineficacia y, en alg\u00fan punto, incluso mala suerte. Marcos Rojo cabece\u00f3 de modo certero dentro del \u00e1rea, pero su remate se estrell\u00f3 en el travesa\u00f1o cuando promediaba la primera mitad.<\/p>\n<p>Esa tambi\u00e9n fue una constante, el elenco de Avellaneda se apoder\u00f3 del aire: gan\u00f3 todos los duelos por esa v\u00eda, en su \u00e1rea y en la ajena, y le cort\u00f3 cualquier tipo de intento de ataque a los de Florencio Varela. En el Halc\u00f3n estuvo muy aislado Abiel Osorio, quien batall\u00f3 duro y parejo con los centrales racinguistas, aunque sin \u00e9xito.<\/p>\n<p>Los mejores momentos de la Academia fueron, en gran parte, cuando Luciano Vietto se hizo cargo de la circulaci\u00f3n de la pelota. Si bien no fue constante en su accionar, el \u2018diez\u2019 que surgi\u00f3 del Predio Tita Mattiussi fue de lo m\u00e1s destacado en el local, ayudado por las incesantes trepadas de Santiago Solari y el propio Vergara, quienes cambiaron de banda en alguna ocasi\u00f3n para desorientar a sus marcadores.<\/p>\n<p>La m\u00e1s clara, y posiblemente la \u00fanica que tuvo el Halc\u00f3n, fue inmediatamente despu\u00e9s del tan ansiado gol de Racing. Un mal c\u00e1lculo de Rojo le permiti\u00f3 a Osorio hallarse a solas con Cambeses y definir sobre su humanidad, aunque su remate no encontr\u00f3 la red, sino el travesa\u00f1o. Aunque fue una jugada aislada, fue el primer llamado de atenci\u00f3n a una defensa de actuaci\u00f3n f\u00e9rrea y s\u00f3lida.<\/p>\n<p>Con la obligaci\u00f3n de conseguir el empate, Defensa y Justicia tuvo la intenci\u00f3n de pisar con m\u00e1s frecuencia el \u00e1rea del golero acad\u00e9mico en el complemento, pero las actuaciones individuales de Aar\u00f3n Molinas y Kevin Guti\u00e9rrez, el ex Racing, no fueron las mejores. Esto priv\u00f3 a los visitantes de imponerse desde el juego, y la alternativa fueron centros inofensivos.<\/p>\n<p>Costas se vio obligado a sacar a Vietto y a Rojo por cuestiones f\u00edsicas para afrontar la segunda etapa. Sus puestos los ocuparon Agust\u00edn Almendra y Marco Di C\u00e9sare. De todas maneras, la falta de abastecimiento al goleador Adri\u00e1n Mart\u00ednez no se solucion\u00f3 en el corto plazo, por lo que \u201cMaravilla\u201d tuvo que retroceder algunos metros para involucrarse en la gestaci\u00f3n de los ataques.<\/p>\n<p>El tramo final no tuvo un due\u00f1o absoluto. Racing se defendi\u00f3 con la pelota cuando pudo y supo aguantar las embestidas de los visitantes que, si bien no abundaron, tuvieron cierta carga emocional por la cercan\u00eda con el final del partido. A pesar de un tiro en el palo derecho de Cambeses sobre el final, la victoria se qued\u00f3 del lado celeste y blanco, y la clasificaci\u00f3n a octavos de final del Torneo Clausura suena cada vez con m\u00e1s fuerza en el pueblo acad\u00e9mico.<\/p>\n<\/div>\n<div class=\"nota-top-part\" data-td-script-src=\"https:\/\/www.unoentrerios.com.ar\/td\/modulos\/encuestas\/js\/function-embeds-min-version-1762574876.js\">\n<h1 class=\"nota-title\">Newell&#8217;s respir\u00f3 con un nuevo golpe a Hurac\u00e1n<\/h1>\n<div class=\"nota-bajada\">\n<p class=\"ignore-parser\">Newell&#8217;s gan\u00f3 2-0 como visitante con goles de Herrera y Gonz\u00e1lez para cortar una racha de seis partidos sin triunfos y alejarse del descenso.<\/p>\n<\/div>\n<div class=\"autor-fecha-container flex-container align-center justify-between\">\n<div class=\"fecha-container flex-container align-center\"><span class=\"nota-fecha\">8 de noviembre 2025<\/span><\/div>\n<\/div>\n<\/div>\n<div class=\"detail-gallery\">\n<div class=\"extra-holder\"><img loading=\"lazy\" decoding=\"async\" title=\"Newells gan\u00f3 de visitante en la cancha de Hurac\u00e1n.\" src=\"https:\/\/media.lacapital.com.ar\/p\/f8f303e0292d3acea9b554351b514605\/adjuntos\/205\/imagenes\/102\/797\/0102797805\/newels.jpg\" alt=\"Newells gan\u00f3 de visitante en la cancha de Hurac\u00e1n.\" width=\"642\" height=\"361\" data-td-src-property=\"https:\/\/media.lacapital.com.ar\/p\/f8f303e0292d3acea9b554351b514605\/adjuntos\/205\/imagenes\/102\/797\/0102797805\/newels.jpg\" \/><\/p>\n<p class=\"credit-img  d-none\">\n<\/div>\n<p><strong>Newell&#8217;s gan\u00f3 de visitante en la cancha de Hurac\u00e1n.<\/strong><\/p>\n<div class=\"detail-gallery__nav\"><\/div>\n<\/div>\n<div class=\"article-body\">\n<p><strong>Newell\u00b4s venci\u00f3 este s\u00e1bado como visitante a Hurac\u00e1n por 2-0, con goles de Luciano Herrera y Carlos Gonz\u00e1lez, en un partido correspondiente a la 15\u00aa fecha del Torneo Clausura de la Liga Profesional. La Lepra gan\u00f3 despu\u00e9s de seis encuentros y le escap\u00f3 al fantasma del descenso, mientras que el Globo qued\u00f3 fuera de la zona de clasificaci\u00f3n a los playoffs y los hinchas volvieron a insultar al equipo y a Frank Kudelka.<\/strong><\/p>\n<\/div>\n<\/div>\n<\/div>\n","protected":false},"excerpt":{"rendered":"<p>Foto portada: El saque de Cambeses, la habilitaci\u00f3n de a Vergara que aprovecho un yerro de la defensa, elundo a Bologna y convierte el \u00fanico gol del partido. Racing se qued\u00f3 con una victoria m\u00e1s que importante y necesaria este s\u00e1bado por la tarde en un estadio Presidente Per\u00f3n que extra\u00f1\u00f3 a su hinchada. Le &hellip;<\/p>\n","protected":false},"author":2,"featured_media":28322,"comment_status":"open","ping_status":"open","sticky":false,"template":"","format":"standard","meta":{"footnotes":""},"categories":[47],"tags":[],"class_list":["post-28321","post","type-post","status-publish","format-standard","has-post-thumbnail","hentry","category-nacionales"],"_links":{"self":[{"href":"https:\/\/www.sportchaco.com.ar\/index.php?rest_route=\/wp\/v2\/posts\/28321","targetHints":{"allow":["GET"]}}],"collection":[{"href":"https:\/\/www.sportchaco.com.ar\/index.php?rest_route=\/wp\/v2\/posts"}],"about":[{"href":"https:\/\/www.sportchaco.com.ar\/index.php?rest_route=\/wp\/v2\/types\/post"}],"author":[{"embeddable":true,"href":"https:\/\/www.sportchaco.com.ar\/index.php?rest_route=\/wp\/v2\/users\/2"}],"replies":[{"embeddable":true,"href":"https:\/\/www.sportchaco.com.ar\/index.php?rest_route=%2Fwp%2Fv2%2Fcomments&post=28321"}],"version-history":[{"count":1,"href":"https:\/\/www.sportchaco.com.ar\/index.php?rest_route=\/wp\/v2\/posts\/28321\/revisions"}],"predecessor-version":[{"id":28323,"href":"https:\/\/www.sportchaco.com.ar\/index.php?rest_route=\/wp\/v2\/posts\/28321\/revisions\/28323"}],"wp:featuredmedia":[{"embeddable":true,"href":"https:\/\/www.sportchaco.com.ar\/index.php?rest_route=\/wp\/v2\/media\/28322"}],"wp:attachment":[{"href":"https:\/\/www.sportchaco.com.ar\/index.php?rest_route=%2Fwp%2Fv2%2Fmedia&parent=28321"}],"wp:term":[{"taxonomy":"category","embeddable":true,"href":"https:\/\/www.sportchaco.com.ar\/index.php?rest_route=%2Fwp%2Fv2%2Fcategories&post=28321"},{"taxonomy":"post_tag","embeddable":true,"href":"https:\/\/www.sportchaco.com.ar\/index.php?rest_route=%2Fwp%2Fv2%2Ftags&post=28321"}],"curies":[{"name":"wp","href":"https:\/\/api.w.org\/{rel}","templated":true}]}}