{"id":28324,"date":"2025-11-08T19:50:05","date_gmt":"2025-11-08T22:50:05","guid":{"rendered":"https:\/\/www.sportchaco.com.ar\/?p=28324"},"modified":"2025-11-08T20:21:50","modified_gmt":"2025-11-08T23:21:50","slug":"el-bocha-lavia-y-la-revolucion-del-deportivo-lujan-del-potrero-chaqueno-al-legado-del-diablito-echeverri","status":"publish","type":"post","link":"https:\/\/www.sportchaco.com.ar\/?p=28324","title":{"rendered":"El \u201cBocha\u201d Lavia y la revoluci\u00f3n del Deportivo Luj\u00e1n: del potrero chaque\u00f1o al legado del \u201cDiablito\u201d Echeverri"},"content":{"rendered":"<p><strong>08-11-2025<\/strong><\/p>\n<p><img loading=\"lazy\" decoding=\"async\" class=\"aligncenter size-large wp-image-19472\" src=\"https:\/\/www.sportchaco.com.ar\/wp-content\/uploads\/2025\/05\/Red-de-empeleos-1200x200-1-1024x171.gif\" alt=\"\" width=\"1024\" height=\"171\" srcset=\"https:\/\/www.sportchaco.com.ar\/wp-content\/uploads\/2025\/05\/Red-de-empeleos-1200x200-1-1024x171.gif 1024w, https:\/\/www.sportchaco.com.ar\/wp-content\/uploads\/2025\/05\/Red-de-empeleos-1200x200-1-300x50.gif 300w, https:\/\/www.sportchaco.com.ar\/wp-content\/uploads\/2025\/05\/Red-de-empeleos-1200x200-1-768x128.gif 768w, https:\/\/www.sportchaco.com.ar\/wp-content\/uploads\/2025\/05\/Red-de-empeleos-1200x200-1-1536x256.gif 1536w, https:\/\/www.sportchaco.com.ar\/wp-content\/uploads\/2025\/05\/Red-de-empeleos-1200x200-1-2048x341.gif 2048w\" sizes=\"auto, (max-width: 1024px) 100vw, 1024px\" \/><\/p>\n<p>La otra historia de transformaci\u00f3n y sue\u00f1os se escribe en Villa R\u00edo Negro. El Club Deportivo Luj\u00e1n, cuna de Claudio \u201cDiablito\u201d Echeverri, atraviesa un presente dorado que combina obras, formaci\u00f3n y una filosof\u00eda que rescata la esencia del potrero. Su coordinador general, <strong>Ernesto \u201cBocha\u201d Lavia<\/strong>, dialog\u00f3 con <em>Cara y Ceca del Deporte<\/em> y revel\u00f3 detalles del ambicioso proyecto institucional, de la reciente visita del preparador f\u00edsico <strong>Fernando Signorini<\/strong> \u2014ex integrante del cuerpo t\u00e9cnico de Diego Maradona\u2014 y del legado que dej\u00f3 el \u201cDiablito\u201d.<\/p>\n<p><img decoding=\"async\" src=\"https:\/\/scontent.fcnq2-1.fna.fbcdn.net\/v\/t39.30808-6\/580470678_122112760329022572_612331851206383372_n.jpg?_nc_cat=101&amp;ccb=1-7&amp;_nc_sid=127cfc&amp;_nc_ohc=NwpAAHFaqAMQ7kNvwGhJLZI&amp;_nc_oc=AdkS-fWOV298SHK1llAjd9eak3Aye0sRmw5mZToOsknlekIQA9UHwzLcLMmwLkQCigc&amp;_nc_zt=23&amp;_nc_ht=scontent.fcnq2-1.fna&amp;_nc_gid=bqyAtQaESN-78rn1GJyFUQ&amp;oh=00_Afi1ktBpITlNAs8xITxD3iKYzkKYSSA9zocCqC-F3pGa2w&amp;oe=6915A3FB\" alt=\"Puede ser una imagen de c\u00e9sped\" \/><\/p>\n<p><strong>El motor de la transformaci\u00f3n: el \u201cDiablito\u201d que encendi\u00f3 el sue\u00f1o<br \/>\n<\/strong>El punto de inflexi\u00f3n en la historia del club se produjo con el traspaso de Claudio Echeverri a River Plate y, posteriormente, al Manchester City.<br \/>\nLos derechos formativos del jugador generaron un ingreso estimado en un mill\u00f3n de d\u00f3lares, un capital que la dirigencia decidi\u00f3 reinvertir \u00edntegramente en infraestructura y desarrollo deportivo.<\/p>\n<p>\u201cEsta dirigencia fue arm\u00f3nica, cuidadosa, y vuelca progresivamente los recursos que gener\u00f3 el ingreso, el dinero por la venta de Echeverri\u201d, explic\u00f3 Lavia.<\/p>\n<p><img decoding=\"async\" src=\"https:\/\/scontent.fcnq2-2.fna.fbcdn.net\/v\/t39.30808-6\/577073714_122112760317022572_3386213046527407907_n.jpg?_nc_cat=104&amp;ccb=1-7&amp;_nc_sid=127cfc&amp;_nc_ohc=SSHDuZazRCgQ7kNvwH-kcMk&amp;_nc_oc=AdllxDBK9rtGHRGXA9i7P0X3_6Op4PUMyD3SAecB7r6aghP04c1_XPo0Tn3exquTONI&amp;_nc_zt=23&amp;_nc_ht=scontent.fcnq2-2.fna&amp;_nc_gid=BKhSKoK5NyeE8ohCLPyIJQ&amp;oh=00_AfiL28jvMstdzSSkqIzbc3ZlFo3pbddpfmz1hWdkp6WKXg&amp;oe=69158841\" alt=\"Puede ser una imagen de f\u00fatbol y texto que dice &quot;INNATA INN \u0e14\u0e2d&quot;\" \/><\/p>\n<p>El club, que hace apenas tres a\u00f1os era \u201cnada m\u00e1s que tierra\u201d, hoy se encuentra en pleno proceso de crecimiento, con obras que incluyen:<\/p>\n<ul>\n<li>Construcci\u00f3n de <strong>vestuarios<\/strong> para las categor\u00edas formativas.<\/li>\n<li><strong>Ampliaci\u00f3n<\/strong> de la cancha principal hasta alcanzar dimensiones reglamentarias.<\/li>\n<li>Instalaci\u00f3n de una <strong>segunda cancha sint\u00e9tica<\/strong>.<\/li>\n<li><strong>Crecimiento del muro perimetral<\/strong> y mejoras edilicias generales.<\/li>\n<\/ul>\n<p>Actualmente, el Deportivo Luj\u00e1n alberga a m\u00e1s de <strong>350 chicos en f\u00fatbol<\/strong> y <strong>450 deportistas<\/strong> en total, incluyendo disciplinas como hockey y h\u00e1ndbol.<\/p>\n<p><img decoding=\"async\" src=\"https:\/\/scontent.fcnq2-2.fna.fbcdn.net\/v\/t39.30808-6\/579413673_122112760323022572_15998069748460182_n.jpg?_nc_cat=111&amp;ccb=1-7&amp;_nc_sid=127cfc&amp;_nc_ohc=u-TZoOUAyaUQ7kNvwGDOoGp&amp;_nc_oc=AdmxOSSsiWK6lrdvbCCx3cwFF7ZG9uMKpXRmpI__5odMGPkcmebCuMOEuGLxvI2I02c&amp;_nc_zt=23&amp;_nc_ht=scontent.fcnq2-2.fna&amp;_nc_gid=7iCMctkx58ofCijnzYacXw&amp;oh=00_Afi-7URfzZmwUKK5Bw4oVp5ODnQsOni0k7QWS9mVoVntHg&amp;oe=6915AFE1\" alt=\"Puede ser una imagen de texto\" \/><\/p>\n<p><strong>Formar personas antes que campeones<br \/>\n<\/strong>Lavia sostiene una mirada integral sobre el deporte, donde el resultado nunca puede estar por encima del desarrollo humano. Inspirado por figuras como <strong>Fernando Signorini<\/strong> y <strong>Jorge Valdano<\/strong>, el coordinador promueve una formaci\u00f3n que une t\u00e9cnica, valores y pertenencia.<\/p>\n<p><img decoding=\"async\" class=\"aligncenter\" src=\"https:\/\/scontent.fcnq2-2.fna.fbcdn.net\/v\/t39.30808-6\/577063678_122112760689022572_890706785918583677_n.jpg?stp=dst-jpg_p526x296_tt6&amp;_nc_cat=103&amp;ccb=1-7&amp;_nc_sid=127cfc&amp;_nc_ohc=yRcoE_woE3AQ7kNvwHAXLVQ&amp;_nc_oc=AdluwIr7AwwVmaMVg65D-bYNG61aQswKldwir28AmtPw1nH9OT5oDIVpOO_wel7qHl8&amp;_nc_zt=23&amp;_nc_ht=scontent.fcnq2-2.fna&amp;_nc_gid=NCmg1VjOGArvYDfBgIhjxA&amp;oh=00_AfiEZ4UfTcPn0OmI1AJvz278Clb0bqKlKFZ5NfvIiZqipg&amp;oe=6915A457\" alt=\"Puede ser una imagen de sonrisas\" \/><\/p>\n<p><strong>El trabajo junto a un gran profesional como Pepe Lorenzo, una de las grandes satisfacciones de Ernesto Lavia<br \/>\n<\/strong>\u201cYo prefiero perder unas finales. Quiero formar integralmente al ni\u00f1o. Que sea buen compa\u00f1ero, que sepa desenvolverse, que tenga amigos y sea buena gente\u201d, afirma con convicci\u00f3n.<\/p>\n<p>Por eso, el club apuesta a mantener viva la esencia del \u201cpotrero\u201d. Lavia propuso a la dirigencia crear dos espacios simb\u00f3licos y funcionales:<\/p>\n<ul>\n<li><strong>Una cancha de arena<\/strong>, ideal para arqueros y entrenamientos espec\u00edficos.<\/li>\n<li><strong>Una cancha libre<\/strong>, sin l\u00edneas ni \u00e1rbitros, donde los chicos \u201cpongan las reglas, jueguen, discutan y aprendan entre ellos\u201d.<\/li>\n<\/ul>\n<p>\u201cQue la Academia est\u00e9 dentro del club, pero que el potrero no se pierda nunca\u201d, cita Lavia, retomando la c\u00e9lebre frase de Valdano.<\/p>\n<p><strong>Una visita con sello maradoniano<br \/>\n<\/strong>La reciente visita de <strong>Fernando Signorini<\/strong>, ex preparador f\u00edsico de Diego Armando Maradona, fue una sorpresa y un reconocimiento inesperado.<br \/>\nEl propio Signorini decidi\u00f3 acercarse a Resistencia para conocer \u201cel lugar de donde sali\u00f3 el Diablito Echeverri\u201d.<\/p>\n<p>\u201cNos sorprendi\u00f3 a todos. Lleg\u00f3 con humildad, con ganas de conocer y compartir. Fue emocionante verlo recorrer la cancha, hablar con los chicos y dejar su mensaje sobre el valor del juego y la educaci\u00f3n\u201d, record\u00f3 Lavia.<\/p>\n<p><strong>Entre la historia y el futuro<br \/>\n<\/strong>Con el impulso econ\u00f3mico del \u201cDiablito\u201d y la filosof\u00eda humana del \u201cBocha\u201d, Deportivo Luj\u00e1n se consolida como un modelo de gesti\u00f3n comunitaria y deportiva. Destaca claramente a la firmeza\u00a0 en las decisiones de los dirigentes.<br \/>\nEl club de Villa R\u00edo Negro no solo forma jugadores, sino que construye un legado donde el f\u00fatbol sigue siendo escuela, refugio y sue\u00f1o colectivo.<\/p>\n<audio class=\"wp-audio-shortcode\" id=\"audio-28324-1\" preload=\"none\" style=\"width: 100%;\" controls=\"controls\"><source type=\"audio\/mpeg\" src=\"https:\/\/www.sportchaco.com.ar\/wp-content\/uploads\/2025\/11\/Bocha1.mp3?_=1\" \/><a href=\"https:\/\/www.sportchaco.com.ar\/wp-content\/uploads\/2025\/11\/Bocha1.mp3\">https:\/\/www.sportchaco.com.ar\/wp-content\/uploads\/2025\/11\/Bocha1.mp3<\/a><\/audio>\n<audio class=\"wp-audio-shortcode\" id=\"audio-28324-2\" preload=\"none\" style=\"width: 100%;\" controls=\"controls\"><source type=\"audio\/mpeg\" src=\"https:\/\/www.sportchaco.com.ar\/wp-content\/uploads\/2025\/11\/Bocha2.mp3?_=2\" \/><a href=\"https:\/\/www.sportchaco.com.ar\/wp-content\/uploads\/2025\/11\/Bocha2.mp3\">https:\/\/www.sportchaco.com.ar\/wp-content\/uploads\/2025\/11\/Bocha2.mp3<\/a><\/audio>\n<p><img loading=\"lazy\" decoding=\"async\" class=\"alignnone wp-image-28224\" src=\"https:\/\/www.sportchaco.com.ar\/wp-content\/uploads\/2025\/11\/Luis-ago-2025-300x200.jpg\" alt=\"\" width=\"63\" height=\"42\" srcset=\"https:\/\/www.sportchaco.com.ar\/wp-content\/uploads\/2025\/11\/Luis-ago-2025-300x200.jpg 300w, https:\/\/www.sportchaco.com.ar\/wp-content\/uploads\/2025\/11\/Luis-ago-2025-768x513.jpg 768w, https:\/\/www.sportchaco.com.ar\/wp-content\/uploads\/2025\/11\/Luis-ago-2025-220x150.jpg 220w, https:\/\/www.sportchaco.com.ar\/wp-content\/uploads\/2025\/11\/Luis-ago-2025.jpg 957w\" sizes=\"auto, (max-width: 63px) 100vw, 63px\" \/>\u00a0 POR LUIS DAR\u00cdO MOLODEZKY<\/p>\n","protected":false},"excerpt":{"rendered":"<p>08-11-2025 La otra historia de transformaci\u00f3n y sue\u00f1os se escribe en Villa R\u00edo Negro. El Club Deportivo Luj\u00e1n, cuna de Claudio \u201cDiablito\u201d Echeverri, atraviesa un presente dorado que combina obras, formaci\u00f3n y una filosof\u00eda que rescata la esencia del potrero. Su coordinador general, Ernesto \u201cBocha\u201d Lavia, dialog\u00f3 con Cara y Ceca del Deporte y revel\u00f3 &hellip;<\/p>\n","protected":false},"author":2,"featured_media":28329,"comment_status":"open","ping_status":"open","sticky":false,"template":"","format":"standard","meta":{"footnotes":""},"categories":[8],"tags":[],"class_list":["post-28324","post","type-post","status-publish","format-standard","has-post-thumbnail","hentry","category-sport-nea"],"_links":{"self":[{"href":"https:\/\/www.sportchaco.com.ar\/index.php?rest_route=\/wp\/v2\/posts\/28324","targetHints":{"allow":["GET"]}}],"collection":[{"href":"https:\/\/www.sportchaco.com.ar\/index.php?rest_route=\/wp\/v2\/posts"}],"about":[{"href":"https:\/\/www.sportchaco.com.ar\/index.php?rest_route=\/wp\/v2\/types\/post"}],"author":[{"embeddable":true,"href":"https:\/\/www.sportchaco.com.ar\/index.php?rest_route=\/wp\/v2\/users\/2"}],"replies":[{"embeddable":true,"href":"https:\/\/www.sportchaco.com.ar\/index.php?rest_route=%2Fwp%2Fv2%2Fcomments&post=28324"}],"version-history":[{"count":5,"href":"https:\/\/www.sportchaco.com.ar\/index.php?rest_route=\/wp\/v2\/posts\/28324\/revisions"}],"predecessor-version":[{"id":28337,"href":"https:\/\/www.sportchaco.com.ar\/index.php?rest_route=\/wp\/v2\/posts\/28324\/revisions\/28337"}],"wp:featuredmedia":[{"embeddable":true,"href":"https:\/\/www.sportchaco.com.ar\/index.php?rest_route=\/wp\/v2\/media\/28329"}],"wp:attachment":[{"href":"https:\/\/www.sportchaco.com.ar\/index.php?rest_route=%2Fwp%2Fv2%2Fmedia&parent=28324"}],"wp:term":[{"taxonomy":"category","embeddable":true,"href":"https:\/\/www.sportchaco.com.ar\/index.php?rest_route=%2Fwp%2Fv2%2Fcategories&post=28324"},{"taxonomy":"post_tag","embeddable":true,"href":"https:\/\/www.sportchaco.com.ar\/index.php?rest_route=%2Fwp%2Fv2%2Ftags&post=28324"}],"curies":[{"name":"wp","href":"https:\/\/api.w.org\/{rel}","templated":true}]}}