{"id":28349,"date":"2025-11-09T23:31:03","date_gmt":"2025-11-10T02:31:03","guid":{"rendered":"https:\/\/www.sportchaco.com.ar\/?p=28349"},"modified":"2025-11-09T23:31:19","modified_gmt":"2025-11-10T02:31:19","slug":"efemerides-del-10-de-noviembre-3","status":"publish","type":"post","link":"https:\/\/www.sportchaco.com.ar\/?p=28349","title":{"rendered":"Efem\u00e9rides del 10 de noviembre"},"content":{"rendered":"<div class=\"container fullwidth-entry-title-wrapper\">\n<div class=\"container-wrapper fullwidth-entry-title\">\n<header class=\"entry-header-outer\">\n<div class=\"entry-header\">\n<h1 class=\"post-title entry-title\"><\/h1>\n<\/div>\n<\/header>\n<\/div>\n<\/div>\n<div id=\"content\" class=\"site-content container\">\n<div id=\"main-content-row\" class=\"tie-row main-content-row\">\n<div class=\"main-content tie-col-md-8 tie-col-xs-12\" role=\"main\">\n<article id=\"the-post\" class=\"container-wrapper post-content tie-standard\">\n<div class=\"featured-area\">\n<div class=\"featured-area-inner\"><\/div>\n<\/div>\n<div class=\"entry-content entry clearfix\">\n<p>&nbsp;<\/p>\n<p>&nbsp;<\/p>\n<h5><strong>Esta es la Efem\u00e9rides del Deporte en el Chaco de un 10 de noviembre del periodista Luis Dar\u00edo Molodezky.<\/strong><\/h5>\n<\/div>\n<p><img loading=\"lazy\" decoding=\"async\" class=\"alignnone size-medium wp-image-27899 aligncenter\" src=\"https:\/\/www.sportchaco.com.ar\/wp-content\/uploads\/2025\/10\/Luis-carita-5-287x300.jpg\" alt=\"\" width=\"287\" height=\"300\" srcset=\"https:\/\/www.sportchaco.com.ar\/wp-content\/uploads\/2025\/10\/Luis-carita-5-287x300.jpg 287w, https:\/\/www.sportchaco.com.ar\/wp-content\/uploads\/2025\/10\/Luis-carita-5.jpg 430w\" sizes=\"auto, (max-width: 287px) 100vw, 287px\" \/><\/p>\n<div class=\"entry-content entry clearfix\">\n<p>&nbsp;<\/p>\n<p><strong>1921\u00a0<\/strong>\/ Nace en Resistencia el ciclista H\u00e9ctor Amado Valussi. Fue campe\u00f3n de medio fondo y fondo en primera categor\u00eda representante de Chaco en el Argentino en Resistencia. En 1946 gan\u00f3 la vuelta de Misiones. En 1941 junto a Constantino Escalante fueron en bicicleta a Buenos Aires en cuatro d\u00edas, para participar en la Doble Pehuaj\u00f3. Prestaba servicios en el Escuadr\u00f3n La Leonesa \u2013 Las Palmas de Gendarmer\u00eda y hac\u00eda diariamente el trayecto de 70 km. Falleci\u00f3 en Salta el 19 de octubre de 1994.<\/p>\n<p><strong>1950\u00a0<\/strong>\/ El jugador Jos\u00e9 Pepe Lestani, del Club Don Orione, es transferido al Club River Plate de Buenos Aires en la suma de 100 mil pesos.<\/p>\n<p><strong>1968<\/strong>\u00a0\/ Resistencia se corona campe\u00f3n del Provincial de B\u00e1squetbol en General San Mart\u00edn, disputado en la cancha de Independiente. El elenco capitalino super\u00f3 en la final a Villa Angela 59 a 51, y Las Palmas clasific\u00f3 tercero al derrotar a Charata 54 a 50. Fue estadio central el Club Independiente de Gral. San Mart\u00edn que fuera inaugurado en 1963.\u00a0 La final fue dirigida por Chaquirez y Ram\u00f3n Torres.<\/p>\n<p>&nbsp;<\/p>\n<p><strong>1979\u00a0<\/strong>\/ Caupolic\u00e1n se consagra campe\u00f3n oficial de la Asociaci\u00f3n de B\u00e1squetbol de Quitilipi, al superar en el cotejo final a Personal del Banco del Chaco por 48 a 47, en tiempo suplementario. El equipo campe\u00f3n estuvo integrado por Alfredo Gonz\u00e1lez, Rodolfo Quintana, H. Varela, Vidal De Garate, Domingo Maza, Osvaldo Fern\u00e1ndez, Walter L\u00f3pez, Ra\u00fal Brollo, Rolando Guill\u00e9n, Miguel Pablos, Mariano Santos y Juan J. Andino.<\/p>\n<p><strong>1985\u00a0<\/strong>\/ Tras una reuni\u00f3n de m\u00e1s de 3 horas, la Asamblea de Chaco For Ever decidi\u00f3 afiliarse a la UCI (Uni\u00f3n de Clubes del Interior), entidad no avalada por la AFA ni por la Liga Chaque\u00f1a. Se nombr\u00f3 delegados ante la novel entidad a Oscar Farana Ojeda (presidente) y el doctor Enrique Souilh\u00e9.<\/p>\n<p><img loading=\"lazy\" decoding=\"async\" class=\"alignnone size-medium wp-image-28356\" src=\"https:\/\/www.sportchaco.com.ar\/wp-content\/uploads\/2025\/11\/Enrique-Souhile-con-luis-contraste-300x194.jpg\" alt=\"\" width=\"300\" height=\"194\" srcset=\"https:\/\/www.sportchaco.com.ar\/wp-content\/uploads\/2025\/11\/Enrique-Souhile-con-luis-contraste-300x194.jpg 300w, https:\/\/www.sportchaco.com.ar\/wp-content\/uploads\/2025\/11\/Enrique-Souhile-con-luis-contraste.jpg 600w\" sizes=\"auto, (max-width: 300px) 100vw, 300px\" \/><\/p>\n<p><strong>Enrique Souhil\u00e9 con el periodista Luis Dar\u00edo Molodezky en 1985<\/strong><\/p>\n<p><strong>1985\u00a0<\/strong>\/ En la pen\u00faltima fecha del campeonato de F\u00f3rmula Renault Chaque\u00f1a que se disputa en Tres Isletas, F\u00e9lix Echezarreta fue el ganador y su hijo Rub\u00e9n el escolta.<\/p>\n<\/div>\n<p><strong>2024 \/<\/strong> Villa Alvear con su equipo femenino se consgra campe\u00f3n del torneo oficial de Primera A de la Liga Chaque\u00f1a de F\u00fatbol, al vencer en el cotejo final a Sarmiento en los penales por 4 a 2. El partido en los 90 minutos finaliz\u00f3 igualado en un gol. El partido se jug\u00f3 en la cancha de Estudiantes.<\/p>\n<p>&nbsp;<\/p>\n<p>&nbsp;<\/p>\n<p>&nbsp;<\/p>\n<p>&nbsp;<\/p>\n<div class=\"entry-content entry clearfix\">\n<p>&nbsp;<\/p>\n<p>&nbsp;<\/p>\n<div class=\"post-bottom-meta post-bottom-edit\">\n<div class=\"post-bottom-meta-title\"><\/div>\n<\/div>\n<\/div>\n<\/article>\n<\/div>\n<\/div>\n<\/div>\n","protected":false},"excerpt":{"rendered":"<p>&nbsp; &nbsp; Esta es la Efem\u00e9rides del Deporte en el Chaco de un 10 de noviembre del periodista Luis Dar\u00edo Molodezky. &nbsp; 1921\u00a0\/ Nace en Resistencia el ciclista H\u00e9ctor Amado Valussi. Fue campe\u00f3n de medio fondo y fondo en primera categor\u00eda representante de Chaco en el Argentino en Resistencia. En 1946 gan\u00f3 la vuelta de &hellip;<\/p>\n","protected":false},"author":2,"featured_media":28351,"comment_status":"open","ping_status":"open","sticky":false,"template":"","format":"standard","meta":{"footnotes":""},"categories":[45,41],"tags":[],"class_list":["post-28349","post","type-post","status-publish","format-standard","has-post-thumbnail","hentry","category-efemerides-dia-por-dia","category-noviembre"],"_links":{"self":[{"href":"https:\/\/www.sportchaco.com.ar\/index.php?rest_route=\/wp\/v2\/posts\/28349","targetHints":{"allow":["GET"]}}],"collection":[{"href":"https:\/\/www.sportchaco.com.ar\/index.php?rest_route=\/wp\/v2\/posts"}],"about":[{"href":"https:\/\/www.sportchaco.com.ar\/index.php?rest_route=\/wp\/v2\/types\/post"}],"author":[{"embeddable":true,"href":"https:\/\/www.sportchaco.com.ar\/index.php?rest_route=\/wp\/v2\/users\/2"}],"replies":[{"embeddable":true,"href":"https:\/\/www.sportchaco.com.ar\/index.php?rest_route=%2Fwp%2Fv2%2Fcomments&post=28349"}],"version-history":[{"count":4,"href":"https:\/\/www.sportchaco.com.ar\/index.php?rest_route=\/wp\/v2\/posts\/28349\/revisions"}],"predecessor-version":[{"id":28357,"href":"https:\/\/www.sportchaco.com.ar\/index.php?rest_route=\/wp\/v2\/posts\/28349\/revisions\/28357"}],"wp:featuredmedia":[{"embeddable":true,"href":"https:\/\/www.sportchaco.com.ar\/index.php?rest_route=\/wp\/v2\/media\/28351"}],"wp:attachment":[{"href":"https:\/\/www.sportchaco.com.ar\/index.php?rest_route=%2Fwp%2Fv2%2Fmedia&parent=28349"}],"wp:term":[{"taxonomy":"category","embeddable":true,"href":"https:\/\/www.sportchaco.com.ar\/index.php?rest_route=%2Fwp%2Fv2%2Fcategories&post=28349"},{"taxonomy":"post_tag","embeddable":true,"href":"https:\/\/www.sportchaco.com.ar\/index.php?rest_route=%2Fwp%2Fv2%2Ftags&post=28349"}],"curies":[{"name":"wp","href":"https:\/\/api.w.org\/{rel}","templated":true}]}}