{"id":28370,"date":"2025-11-09T18:05:47","date_gmt":"2025-11-09T21:05:47","guid":{"rendered":"https:\/\/www.sportchaco.com.ar\/?p=28370"},"modified":"2025-11-09T18:11:46","modified_gmt":"2025-11-09T21:11:46","slug":"fusion-riojana-debutara-el-martes-en-resistencia","status":"publish","type":"post","link":"https:\/\/www.sportchaco.com.ar\/?p=28370","title":{"rendered":"Fusi\u00f3n Riojana debutar\u00e1 el martes en Resistencia"},"content":{"rendered":"<div class=\"col-12 text-center\">\n<h6>Foto portada: Juan Abeiro llega a Fusi\u00f3n Riojana desde deportivo Norte.<\/h6>\n<\/div>\n<div class=\"col-12 col-lg-8 offset-lg-2 text-center\"><\/div>\n<div class=\"col-12 col-lg-8 offset-lg-2 position-relative\"><\/div>\n<div class=\"col-12 mb-4 text-center\">\n<div id=\"redesSociales\" class=\"jssocials\"><\/div>\n<\/div>\n<div class=\"col-12 col-lg-8 offset-lg-2 datos_noticia\">\n<div class=\"col-12 contenido_caja p-0\">\n<div class=\"col-12 entradilla\">\n<p><strong>El plantel de Fusi\u00f3n Riojana atraviesa su segunda semana de pretemporada con la mente puesta en el inicio de una nueva edici\u00f3n de La Liga Argentina de B\u00e1squet.<\/strong><\/p>\n<\/div>\n<div class=\"col-12 parrafos-noticia\">\n<div>\n<p>Bajo la conducci\u00f3n del cuerpo t\u00e9cnico, los entrenamientos se intensifican con trabajos f\u00edsicos y t\u00e1cticos, apuntando a llegar en \u00f3ptimas condiciones al debut oficial.\u00a0La puesta a punto se desarrolla en doble turno, combinando ejercicios en el gimnasio y movimientos en cancha.<\/p>\n<p>Adem\u00e1s, el plantel empieza a sumar minutos de b\u00e1squet colectivo, con el objetivo de consolidar la qu\u00edmica de equipo y afianzar la identidad de juego que buscar\u00e1 mostrar durante la competencia.<\/p>\n<p>En los pr\u00f3ximos d\u00edas, el club tiene previsto disputar partidos amistosos que servir\u00e1n como banco de pruebas para ajustar detalles antes del arranque liguero. Con ilusi\u00f3n renovada y el acompa\u00f1amiento de su gente, Fusi\u00f3n Riojana se prepara para afrontar el desaf\u00edo de competir en la segunda categor\u00eda del b\u00e1squet nacional.<\/p>\n<\/div>\n<div><strong>Informe y fotos:<\/strong>\u00a0Prensa Fusi\u00f3n Riojana<\/div>\n<div><\/div>\n<\/div>\n<\/div>\n<\/div>\n<div class=\"col-12 text-center\">\n<h2><strong>Mateo Corso: \u00abSer parte de Fusi\u00f3n Riojana es un orgullo\u00bb<\/strong><\/h2>\n<\/div>\n<div class=\"col-12 col-lg-8 offset-lg-2 text-center\">\n<figure class=\"col-12 contenido_caja imagen_detalle_noticia text-center\"><a class=\"enlace-foto-principal\" href=\"https:\/\/www.laliganacional.com.ar\/archivos\/noticias\/49214\/zoom-foto-65814.jpg\"><img decoding=\"async\" title=\"Mateo Corso: &quot;Ser parte de Fusi\u00f3n Riojana es un orgullo&quot;\" src=\"https:\/\/www.laliganacional.com.ar\/archivos\/noticias\/49214\/foto-65814.jpg\" alt=\"Mateo Corso: &quot;Ser parte de Fusi\u00f3n Riojana es un orgullo&quot;\" \/><\/a><figcaption>Mateo Corso: \u00abSer parte de Fusi\u00f3n Riojana es un orgullo\u00bb<\/figcaption><\/figure>\n<p><time datetime=\"2025-11-05:00:00:00\"><strong>mi\u00e9rcoles, 05 de noviembre de 2025<\/strong><\/time><\/p>\n<\/div>\n<div class=\"col-12 col-lg-8 offset-lg-2 position-relative\"><\/div>\n<div class=\"col-12 mb-4 text-center\">\n<div id=\"redesSociales\" class=\"jssocials\"><\/div>\n<\/div>\n<div class=\"col-12 col-lg-8 offset-lg-2 datos_noticia\">\n<div class=\"col-12 contenido_caja p-0\">\n<div class=\"col-12 entradilla\">\n<p><strong>Mateo Corso se prepara para dar lo mejor de s\u00ed en Fusi\u00f3n Riojana durante la pr\u00f3xima temporada de la Liga Argentina de B\u00e1squet. Con entusiasmo y compromiso, el jugador destac\u00f3 el trabajo del equipo y la ilusi\u00f3n de encarar este nuevo desaf\u00edo.<\/strong><\/p>\n<\/div>\n<div class=\"col-12 parrafos-noticia\">\n<p>\u00abMe siento bien preparado, con todas las ilusiones y expectativas para esta temporada. Se ha formado un lindo grupo en donde venimos trabajando duro para llegar de la mejor forma al debut\u00bb, se\u00f1al\u00f3 Mateo, quien tambi\u00e9n valor\u00f3 la oportunidad a nivel personal: \u00abEs un gran paso para mi carrera y vamos a tomarlo de la mejor manera que se pueda\u00bb.<\/p>\n<p>En cuanto a sus objetivos, explic\u00f3: \u00abEn lo grupal ser\u00eda tener una identidad de juego y plasmar en cancha lo que venimos laburando. En lo personal, ayudar en lo que me pida el profe, mis compa\u00f1eros y dar lo mejor en cada partido\u00bb.<\/p>\n<p>Sobre La Liga Argentina, Mateo destac\u00f3 su nivel competitivo: \u00abEs una liga muy dura, f\u00edsica, donde los equipos hacen muy fuertes sus local\u00edas. Cada liga tiene su particularidad y estilo de juego, as\u00ed que las expectativas son muy altas\u00bb.<\/p>\n<p>El jugador record\u00f3 su paso por Riachuelo, donde fue capit\u00e1n y campe\u00f3n de la Liga de Desarrollo 2024\/2025: \u00abLa experiencia fue enorme, a\u00f1os muy lindos de aprendizajes que disfrut\u00e9 todos. Si pudiera llevar algo, ser\u00eda la \u00e9tica de trabajo diaria para ser mejores. Fue un orgullo muy grande coronar ese \u00faltimo a\u00f1o con los chicos; me llev\u00e9 un grupo de hermanos para toda la vida\u00bb.<\/p>\n<p>Respecto a Fusi\u00f3n Riojana, Mateo remarc\u00f3 la importancia del proyecto para la provincia: \u00abEs un gran paso ya que la mayor\u00eda de jugadores somos locales, y eso le da un plus a todos representarla. Se me vienen sensaciones de cuando jugaba en selecciones pasadas para la provincia y ahora ser parte de este proyecto es un orgullo\u00bb.<\/p>\n<p>Finalmente, el jugador dej\u00f3 un mensaje para los hinchas: \u00abSiempre hay que estar bien de cabeza y trabajar mucho en eso. En lo f\u00edsico, estar lo m\u00e1s completo que se pueda. Y a los seguidores les digo que vengan a alentarnos; vamos a dejar todo en la cancha, por el equipo y por la provincia\u00bb.<\/p>\n<p><strong>Informe y fotos:<\/strong>\u00a0Prensa Fusi\u00f3n Riojana<\/p>\n<div class=\"row align-content-center align-items-center contenedor-informacion-equipo my-3 my-md-5\">\n<div class=\"col-12 col-md-4 text-center mb-4 mb-md-0\"><a class=\"img-equipo\" title=\"Inicio\" href=\"https:\/\/www.laliganacional.com.ar\/laligaargentina\/equipo\/1903\/90385\/fusion-riojana\/inicio\" data-seccion=\"inicio\"><img decoding=\"async\" class=\"img escudo-tabla rounded-circle\" title=\"FUSION RIOJANA\" src=\"https:\/\/www.laliganacional.com.ar\/escudos\/1903\/90385\" alt=\"Logo Club\" \/><\/a><\/div>\n<div class=\"col-12 col-md-8\">\n<h1><strong>CLUB ATLETICO RIACHUELO<\/strong><\/h1>\n<p>FUSION RIOJANA\u00a0(LA RIOJA)<\/p>\n<\/div>\n<\/div>\n<div class=\"row mb-4 contenedor-menu-equipo\">\n<div class=\"col-12 col-lg-8 offset-lg-4 position-relative\">\n<p>&nbsp;<\/p>\n<\/div>\n<\/div>\n<div id=\"contenido-seccion\">\n<div class=\"row mt-3\">\n<div class=\"col-12 col-sm-6 col-md-4 col-lg-3 mb-4\">\n<div class=\"img-jugador\"><img decoding=\"async\" title=\"RODRIGUEZ LLARENA, JUAN MANUEL \" src=\"https:\/\/www.laliganacional.com.ar\/fotos\/275706\" alt=\"RODRIGUEZ LLARENA, JUAN MANUEL \" \/><\/div>\n<p><a class=\"tarjeta-jugador\" title=\"RODRIGUEZ LLARENA, JUAN MANUEL \" href=\"https:\/\/www.laliganacional.com.ar\/laligaargentina\/jugador\/1903\/90385\/275706\/rodriguez-llarena-juan-manuel\"><strong class=\"nombre-jugador\">RODRIGUEZ LLARENA, JUAN MANUEL<\/strong><\/a><\/p>\n<\/div>\n<div class=\"col-12 col-sm-6 col-md-4 col-lg-3 mb-4\">\n<div class=\"img-jugador\"><img decoding=\"async\" title=\"DIAZ, FABRICIO HERNAN\" src=\"https:\/\/www.laliganacional.com.ar\/fotos\/179887\" alt=\"DIAZ, FABRICIO HERNAN\" \/><\/div>\n<p><a class=\"tarjeta-jugador\" title=\"DIAZ, FABRICIO HERNAN\" href=\"https:\/\/www.laliganacional.com.ar\/laligaargentina\/jugador\/1903\/90385\/179887\/diaz-fabricio-hernan\"><strong class=\"nombre-jugador\">DIAZ, FABRICIO HERNAN<\/strong><\/a><\/p>\n<\/div>\n<div class=\"col-12 col-sm-6 col-md-4 col-lg-3 mb-4\">\n<div class=\"img-jugador\"><img decoding=\"async\" title=\"VELAZQUEZ CARPIO, LAUTARO MANUEL\" src=\"https:\/\/www.laliganacional.com.ar\/fotos\/149944\" alt=\"VELAZQUEZ CARPIO, LAUTARO MANUEL\" \/><\/div>\n<p><a class=\"tarjeta-jugador\" title=\"VELAZQUEZ CARPIO, LAUTARO MANUEL\" href=\"https:\/\/www.laliganacional.com.ar\/laligaargentina\/jugador\/1903\/90385\/149944\/velazquez-carpio-lautaro-manuel\"><strong class=\"nombre-jugador\">VELAZQUEZ CARPIO, LAUTARO MANUEL<\/strong><\/a><\/p>\n<\/div>\n<div class=\"col-12 col-sm-6 col-md-4 col-lg-3 mb-4\">\n<div class=\"img-jugador\"><img decoding=\"async\" title=\"CORSO SOTERAS, MATEO LEANDRO \" src=\"https:\/\/www.laliganacional.com.ar\/fotos\/173128\" alt=\"CORSO SOTERAS, MATEO LEANDRO \" \/><\/div>\n<p><a class=\"tarjeta-jugador\" title=\"CORSO SOTERAS, MATEO LEANDRO \" href=\"https:\/\/www.laliganacional.com.ar\/laligaargentina\/jugador\/1903\/90385\/173128\/corso-soteras-mateo-leandro\"><strong class=\"nombre-jugador\">CORSO SOTERAS, MATEO LEANDRO<\/strong><\/a><\/p>\n<\/div>\n<div class=\"col-12 col-sm-6 col-md-4 col-lg-3 mb-4\">\n<div class=\"img-jugador\"><img decoding=\"async\" title=\"ESCALANTE ZAMORA, JOEL GABRIEL\" src=\"https:\/\/www.laliganacional.com.ar\/fotos\/213046\" alt=\"ESCALANTE ZAMORA, JOEL GABRIEL\" \/><\/div>\n<p><a class=\"tarjeta-jugador\" title=\"ESCALANTE ZAMORA, JOEL GABRIEL\" href=\"https:\/\/www.laliganacional.com.ar\/laligaargentina\/jugador\/1903\/90385\/213046\/escalante-zamora-joel-gabriel\"><strong class=\"nombre-jugador\">ESCALANTE ZAMORA, JOEL GABRIEL<\/strong><\/a><\/p>\n<\/div>\n<div class=\"col-12 col-sm-6 col-md-4 col-lg-3 mb-4\">\n<div class=\"img-jugador\"><img decoding=\"async\" title=\"PICA, MARCO AGUSTIN\" src=\"https:\/\/www.laliganacional.com.ar\/fotos\/196914\" alt=\"PICA, MARCO AGUSTIN\" \/><\/div>\n<p><a class=\"tarjeta-jugador\" title=\"PICA, MARCO AGUSTIN\" href=\"https:\/\/www.laliganacional.com.ar\/laligaargentina\/jugador\/1903\/90385\/196914\/pica-marco-agustin\"><strong class=\"nombre-jugador\">PICA, MARCO AGUSTIN<\/strong><\/a><\/p>\n<\/div>\n<div class=\"col-12 col-sm-6 col-md-4 col-lg-3 mb-4\">\n<div class=\"img-jugador\"><img decoding=\"async\" title=\"ABEIRO, JUAN LUIS\" src=\"https:\/\/www.laliganacional.com.ar\/fotos\/383137\" alt=\"ABEIRO, JUAN LUIS\" \/><\/div>\n<p><a class=\"tarjeta-jugador\" title=\"ABEIRO, JUAN LUIS\" href=\"https:\/\/www.laliganacional.com.ar\/laligaargentina\/jugador\/1903\/90385\/383137\/abeiro-juan-luis\"><strong class=\"nombre-jugador\">ABEIRO, JUAN LUIS<\/strong><\/a><\/p>\n<\/div>\n<div class=\"col-12 col-sm-6 col-md-4 col-lg-3 mb-4\">\n<div class=\"img-jugador\"><img decoding=\"async\" title=\"BEIGIER, MATEO\" src=\"https:\/\/www.laliganacional.com.ar\/fotos\/265071\" alt=\"BEIGIER, MATEO\" \/><\/div>\n<p><a class=\"tarjeta-jugador\" title=\"BEIGIER, MATEO\" href=\"https:\/\/www.laliganacional.com.ar\/laligaargentina\/jugador\/1903\/90385\/265071\/beigier-mateo\"><strong class=\"nombre-jugador\">BEIGIER, MATEO<\/strong><\/a><\/p>\n<\/div>\n<div class=\"col-12 col-sm-6 col-md-4 col-lg-3 mb-4\">\n<div class=\"img-jugador\"><img decoding=\"async\" title=\"FUENTES FODDIS, GIONA JOAQUIN\" src=\"https:\/\/www.laliganacional.com.ar\/fotos\/383136\" alt=\"FUENTES FODDIS, GIONA JOAQUIN\" \/><\/div>\n<p><a class=\"tarjeta-jugador\" title=\"FUENTES FODDIS, GIONA JOAQUIN\" href=\"https:\/\/www.laliganacional.com.ar\/laligaargentina\/jugador\/1903\/90385\/383136\/fuentes-foddis-giona-joaquin\"><strong class=\"nombre-jugador\">FUENTES FODDIS, GIONA JOAQUIN<\/strong><\/a><\/p>\n<\/div>\n<div class=\"col-12 col-sm-6 col-md-4 col-lg-3 mb-4\">\n<div class=\"img-jugador\"><img decoding=\"async\" title=\"VERGARA, MATIAS NICOLAS\" src=\"https:\/\/www.laliganacional.com.ar\/fotos\/382861\" alt=\"VERGARA, MATIAS NICOLAS\" \/><\/div>\n<p><a class=\"tarjeta-jugador\" title=\"VERGARA, MATIAS NICOLAS\" href=\"https:\/\/www.laliganacional.com.ar\/laligaargentina\/jugador\/1903\/90385\/382861\/vergara-matias-nicolas\"><strong class=\"nombre-jugador\">VERGARA, MATIAS NICOLAS<\/strong><\/a><\/p>\n<\/div>\n<div class=\"col-12 col-sm-6 col-md-4 col-lg-3 mb-4\">\n<div class=\"img-jugador\"><img decoding=\"async\" title=\"RAMA SUFAN, JUAN RAUL\" src=\"https:\/\/www.laliganacional.com.ar\/fotos\/382864\" alt=\"RAMA SUFAN, JUAN RAUL\" \/><\/div>\n<p><a class=\"tarjeta-jugador\" title=\"RAMA SUFAN, JUAN RAUL\" href=\"https:\/\/www.laliganacional.com.ar\/laligaargentina\/jugador\/1903\/90385\/382864\/rama-sufan-juan-raul\"><strong class=\"nombre-jugador\">RAMA SUFAN, JUAN RAUL<\/strong><\/a><\/p>\n<\/div>\n<div class=\"col-12 col-sm-6 col-md-4 col-lg-3 mb-4\">\n<div class=\"img-jugador\"><img decoding=\"async\" title=\"BUSTOS SAYEGH, FEDERICO JESUS\" src=\"https:\/\/www.laliganacional.com.ar\/fotos\/320559\" alt=\"BUSTOS SAYEGH, FEDERICO JESUS\" \/><\/div>\n<p><a class=\"tarjeta-jugador\" title=\"BUSTOS SAYEGH, FEDERICO JESUS\" href=\"https:\/\/www.laliganacional.com.ar\/laligaargentina\/jugador\/1903\/90385\/320559\/bustos-sayegh-federico-jesus\"><strong class=\"nombre-jugador\">BUSTOS SAYEGH, FEDERICO JESUS<\/strong><\/a><\/p>\n<table class=\"table table-striped tabla-calendarios mt-0\">\n<thead>\n<tr>\n<th colspan=\"2\">Local<\/th>\n<th><\/th>\n<th><\/th>\n<th colspan=\"2\">Visitante<\/th>\n<th>Fecha\/Hora &#8211; Campo<\/th>\n<th>Estad\u00edsticas<\/th>\n<\/tr>\n<\/thead>\n<tbody>\n<tr class=\"fila-tabla-calendarios datos-estadisticos\">\n<td class=\"text-center celda-escudo\"><a class=\"equipo\" title=\"GIMNASIA (LP)\" href=\"https:\/\/www.laliganacional.com.ar\/laligaargentina\/equipo\/2420\/89448\/gimnasia-lp\/inicio\"><img decoding=\"async\" class=\"escudo\" title=\"GIMNASIA (LP)\" src=\"https:\/\/www.laliganacional.com.ar\/escudos\/2420\/89448\" alt=\"GIMNASIA (LP)\" \/><\/a><\/td>\n<td class=\"text-start celda-nombre\"><a class=\"equipo\" href=\"https:\/\/www.laliganacional.com.ar\/laligaargentina\/equipo\/2420\/89448\/gimnasia-lp\/inicio\"><strong class=\"nombre-equipo\">GIMNASIA (LP)<\/strong><\/a><\/td>\n<td class=\"resultados\"><strong>88<\/strong><\/td>\n<td class=\"resultados\"><strong>80<\/strong><\/td>\n<td class=\"text-end celda-nombre\"><a class=\"equipo\" title=\"PROVINCIAL (R)\" href=\"https:\/\/www.laliganacional.com.ar\/laligaargentina\/equipo\/1761\/88912\/provincial-r\/inicio\"><strong class=\"nombre-equipo\">PROVINCIAL (R)<\/strong><\/a><\/td>\n<td class=\"text-center celda-escudo\"><a class=\"equipo\" title=\"PROVINCIAL (R)\" href=\"https:\/\/www.laliganacional.com.ar\/laligaargentina\/equipo\/1761\/88912\/provincial-r\/inicio\"><img decoding=\"async\" class=\"escudo\" title=\"PROVINCIAL (R)\" src=\"https:\/\/www.laliganacional.com.ar\/escudos\/1761\/88912\" alt=\"PROVINCIAL (R)\" \/><\/a><\/td>\n<td class=\"fecha-campo text-start\"><strong>07\/11\/2025 20:30<\/strong>\u00a0<small>VICTOR NETHOL<\/small><\/td>\n<td class=\"celda-estadisticas\"><\/td>\n<\/tr>\n<tr class=\"fila-tabla-calendarios datos-estadisticos\">\n<td class=\"text-center celda-escudo\"><a class=\"equipo\" title=\"CICLISTA (J)\" href=\"https:\/\/www.laliganacional.com.ar\/laligaargentina\/equipo\/1937\/89802\/ciclista-j\/inicio\"><img decoding=\"async\" class=\"escudo\" title=\"CICLISTA (J)\" src=\"https:\/\/www.laliganacional.com.ar\/escudos\/1937\/89802\" alt=\"CICLISTA (J)\" \/><\/a><\/td>\n<td class=\"text-start celda-nombre\"><a class=\"equipo\" href=\"https:\/\/www.laliganacional.com.ar\/laligaargentina\/equipo\/1937\/89802\/ciclista-j\/inicio\"><strong class=\"nombre-equipo\">CICLISTA (J)<\/strong><\/a><\/td>\n<td class=\"resultados\"><strong>69<\/strong><\/td>\n<td class=\"resultados\"><strong>63<\/strong><\/td>\n<td class=\"text-end celda-nombre\"><a class=\"equipo\" title=\"LAN\u00daS\" href=\"https:\/\/www.laliganacional.com.ar\/laligaargentina\/equipo\/63\/89430\/lanus\/inicio\"><strong class=\"nombre-equipo\">LAN\u00daS<\/strong><\/a><\/td>\n<td class=\"text-center celda-escudo\"><a class=\"equipo\" title=\"LAN\u00daS\" href=\"https:\/\/www.laliganacional.com.ar\/laligaargentina\/equipo\/63\/89430\/lanus\/inicio\"><img decoding=\"async\" class=\"escudo\" title=\"LAN\u00daS\" src=\"https:\/\/www.laliganacional.com.ar\/escudos\/63\/89430\" alt=\"LAN\u00daS\" \/><\/a><\/td>\n<td class=\"fecha-campo text-start\"><strong>07\/11\/2025 21:00<\/strong>\u00a0<small>EL COLISEO DEL BOULEVARD<\/small><\/td>\n<td class=\"celda-estadisticas\"><\/td>\n<\/tr>\n<tr class=\"fila-tabla-calendarios datos-estadisticos\">\n<td class=\"text-center celda-escudo\"><a class=\"equipo\" title=\"SAN ISIDRO\" href=\"https:\/\/www.laliganacional.com.ar\/laligaargentina\/equipo\/2043\/89466\/san-isidro\/inicio\"><img decoding=\"async\" class=\"escudo\" title=\"SAN ISIDRO\" src=\"https:\/\/www.laliganacional.com.ar\/escudos\/2043\/89466\" alt=\"SAN ISIDRO\" \/><\/a><\/td>\n<td class=\"text-start celda-nombre\"><a class=\"equipo\" href=\"https:\/\/www.laliganacional.com.ar\/laligaargentina\/equipo\/2043\/89466\/san-isidro\/inicio\"><strong class=\"nombre-equipo\">SAN ISIDRO<\/strong><\/a><\/td>\n<td class=\"resultados\"><strong>88<\/strong><\/td>\n<td class=\"resultados\"><strong>80<\/strong><\/td>\n<td class=\"text-end celda-nombre\"><a class=\"equipo\" title=\"SALTA BASKET\" href=\"https:\/\/www.laliganacional.com.ar\/laligaargentina\/equipo\/2641\/88803\/salta-basket\/inicio\"><strong class=\"nombre-equipo\">SALTA BASKET<\/strong><\/a><\/td>\n<td class=\"text-center celda-escudo\"><a class=\"equipo\" title=\"SALTA BASKET\" href=\"https:\/\/www.laliganacional.com.ar\/laligaargentina\/equipo\/2641\/88803\/salta-basket\/inicio\"><img decoding=\"async\" class=\"escudo\" title=\"SALTA BASKET\" src=\"https:\/\/www.laliganacional.com.ar\/escudos\/2641\/88803\" alt=\"SALTA BASKET\" \/><\/a><\/td>\n<td class=\"fecha-campo text-start\"><strong>07\/11\/2025 21:00<\/strong>\u00a0<small>ANTONIO MANNO<\/small><\/td>\n<td class=\"celda-estadisticas\"><\/td>\n<\/tr>\n<tr class=\"fila-tabla-calendarios datos-estadisticos\">\n<td class=\"text-center celda-escudo\"><a class=\"equipo\" title=\"PICO F.C.\" href=\"https:\/\/www.laliganacional.com.ar\/laligaargentina\/equipo\/1503\/89514\/pico-f-c\/inicio\"><img decoding=\"async\" class=\"escudo\" title=\"PICO F.C.\" src=\"https:\/\/www.laliganacional.com.ar\/escudos\/1503\/89514\" alt=\"PICO F.C.\" \/><\/a><\/td>\n<td class=\"text-start celda-nombre\"><a class=\"equipo\" href=\"https:\/\/www.laliganacional.com.ar\/laligaargentina\/equipo\/1503\/89514\/pico-f-c\/inicio\"><strong class=\"nombre-equipo\">PICO F.C.<\/strong><\/a><\/td>\n<td class=\"resultados\"><strong>83<\/strong><\/td>\n<td class=\"resultados\"><strong>75<\/strong><\/td>\n<td class=\"text-end celda-nombre\"><a class=\"equipo\" title=\"DEP. NORTE\" href=\"https:\/\/www.laliganacional.com.ar\/laligaargentina\/equipo\/1640\/89000\/dep-norte\/inicio\"><strong class=\"nombre-equipo\">DEP. NORTE<\/strong><\/a><\/td>\n<td class=\"text-center celda-escudo\"><a class=\"equipo\" title=\"DEP. NORTE\" href=\"https:\/\/www.laliganacional.com.ar\/laligaargentina\/equipo\/1640\/89000\/dep-norte\/inicio\"><img decoding=\"async\" class=\"escudo\" title=\"DEP. NORTE\" src=\"https:\/\/www.laliganacional.com.ar\/escudos\/1640\/89000\" alt=\"DEP. NORTE\" \/><\/a><\/td>\n<td class=\"fecha-campo text-start\"><strong>07\/11\/2025 21:30<\/strong>\u00a0<small>PARQUE ANGEL LARREA<\/small><\/td>\n<td class=\"celda-estadisticas\"><\/td>\n<\/tr>\n<tr class=\"fila-tabla-calendarios datos-estadisticos\">\n<td class=\"text-center celda-escudo\"><a class=\"equipo\" title=\"HINDU (C)\" href=\"https:\/\/www.laliganacional.com.ar\/laligaargentina\/equipo\/1789\/90390\/hindu-c\/inicio\"><img decoding=\"async\" class=\"escudo\" title=\"HINDU (C)\" src=\"https:\/\/www.laliganacional.com.ar\/escudos\/1789\/90390\" alt=\"HINDU (C)\" \/><\/a><\/td>\n<td class=\"text-start celda-nombre\"><a class=\"equipo\" href=\"https:\/\/www.laliganacional.com.ar\/laligaargentina\/equipo\/1789\/90390\/hindu-c\/inicio\"><strong class=\"nombre-equipo\">HINDU (C)<\/strong><\/a><\/td>\n<td class=\"resultados\"><strong>76<\/strong><\/td>\n<td class=\"resultados\"><strong>69<\/strong><\/td>\n<td class=\"text-end celda-nombre\"><a class=\"equipo\" title=\"AMANCAY (LR)\" href=\"https:\/\/www.laliganacional.com.ar\/laligaargentina\/equipo\/2168\/88795\/amancay-lr\/inicio\"><strong class=\"nombre-equipo\">AMANCAY (LR)<\/strong><\/a><\/td>\n<td class=\"text-center celda-escudo\"><a class=\"equipo\" title=\"AMANCAY (LR)\" href=\"https:\/\/www.laliganacional.com.ar\/laligaargentina\/equipo\/2168\/88795\/amancay-lr\/inicio\"><img decoding=\"async\" class=\"escudo\" title=\"AMANCAY (LR)\" src=\"https:\/\/www.laliganacional.com.ar\/escudos\/2168\/88795\" alt=\"AMANCAY (LR)\" \/><\/a><\/td>\n<td class=\"fecha-campo text-start\"><strong>07\/11\/2025 21:30<\/strong>\u00a0<small>CATEDRAL DEL BASQUET<\/small><\/td>\n<td class=\"celda-estadisticas\"><\/td>\n<\/tr>\n<tr class=\"fila-tabla-calendarios datos-estadisticos\">\n<td class=\"text-center celda-escudo\"><a class=\"equipo\" title=\"VILLA SAN MARTIN\" href=\"https:\/\/www.laliganacional.com.ar\/laligaargentina\/equipo\/1836\/89431\/villa-san-martin\/inicio\"><img decoding=\"async\" class=\"escudo\" title=\"VILLA SAN MARTIN\" src=\"https:\/\/www.laliganacional.com.ar\/escudos\/1836\/89431\" alt=\"VILLA SAN MARTIN\" \/><\/a><\/td>\n<td class=\"text-start celda-nombre\"><a class=\"equipo\" href=\"https:\/\/www.laliganacional.com.ar\/laligaargentina\/equipo\/1836\/89431\/villa-san-martin\/inicio\"><strong class=\"nombre-equipo\">VILLA SAN MARTIN<\/strong><\/a><\/td>\n<td class=\"resultados\"><strong>63<\/strong><\/td>\n<td class=\"resultados\"><strong>57<\/strong><\/td>\n<td class=\"text-end celda-nombre\"><a class=\"equipo\" title=\"RIVADAVIA (MZA)\" href=\"https:\/\/www.laliganacional.com.ar\/laligaargentina\/equipo\/1548\/89562\/rivadavia-mza\/inicio\"><strong class=\"nombre-equipo\">RIVADAVIA (MZA)<\/strong><\/a><\/td>\n<td class=\"text-center celda-escudo\"><a class=\"equipo\" title=\"RIVADAVIA (MZA)\" href=\"https:\/\/www.laliganacional.com.ar\/laligaargentina\/equipo\/1548\/89562\/rivadavia-mza\/inicio\"><img decoding=\"async\" class=\"escudo\" title=\"RIVADAVIA (MZA)\" src=\"https:\/\/www.laliganacional.com.ar\/escudos\/1548\/89562\" alt=\"RIVADAVIA (MZA)\" \/><\/a><\/td>\n<td class=\"fecha-campo text-start\"><strong>07\/11\/2025 22:00<\/strong>\u00a0<small>VILLA SAN MARTIN<\/small><\/td>\n<td class=\"celda-estadisticas\"><\/td>\n<\/tr>\n<tr class=\"fila-tabla-calendarios datos-estadisticos\">\n<td class=\"text-center celda-escudo\"><a class=\"equipo\" title=\"LA UNI\u00d3N (C)\" href=\"https:\/\/www.laliganacional.com.ar\/laligaargentina\/equipo\/1420\/89534\/la-union-c\/inicio\"><img decoding=\"async\" class=\"escudo\" title=\"LA UNI\u00d3N (C)\" src=\"https:\/\/www.laliganacional.com.ar\/escudos\/1420\/89534\" alt=\"LA UNI\u00d3N (C)\" \/><\/a><\/td>\n<td class=\"text-start celda-nombre\"><a class=\"equipo\" href=\"https:\/\/www.laliganacional.com.ar\/laligaargentina\/equipo\/1420\/89534\/la-union-c\/inicio\"><strong class=\"nombre-equipo\">LA UNI\u00d3N (C)<\/strong><\/a><\/td>\n<td class=\"resultados\"><strong>94<\/strong><\/td>\n<td class=\"resultados\"><strong>77<\/strong><\/td>\n<td class=\"text-end celda-nombre\"><a class=\"equipo\" title=\"RACING (A)\" href=\"https:\/\/www.laliganacional.com.ar\/laligaargentina\/equipo\/83\/88998\/racing-a\/inicio\"><strong class=\"nombre-equipo\">RACING (A)<\/strong><\/a><\/td>\n<td class=\"text-center celda-escudo\"><a class=\"equipo\" title=\"RACING (A)\" href=\"https:\/\/www.laliganacional.com.ar\/laligaargentina\/equipo\/83\/88998\/racing-a\/inicio\"><img decoding=\"async\" class=\"escudo\" title=\"RACING (A)\" src=\"https:\/\/www.laliganacional.com.ar\/escudos\/83\/88998\" alt=\"RACING (A)\" \/><\/a><\/td>\n<td class=\"fecha-campo text-start\"><strong>08\/11\/2025 21:00<\/strong>\u00a0<small>CARLOS JOSE DELASOIE<\/small><\/td>\n<td class=\"celda-estadisticas\"><\/td>\n<\/tr>\n<tr class=\"fila-tabla-calendarios datos-estadisticos\">\n<td class=\"text-center celda-escudo\"><a class=\"equipo\" title=\"BOCHAS (CC)\" href=\"https:\/\/www.laliganacional.com.ar\/laligaargentina\/equipo\/1672\/90339\/bochas-cc\/inicio\"><img decoding=\"async\" class=\"escudo\" title=\"BOCHAS (CC)\" src=\"https:\/\/www.laliganacional.com.ar\/escudos\/1672\/90339\" alt=\"BOCHAS (CC)\" \/><\/a><\/td>\n<td class=\"text-start celda-nombre\"><a class=\"equipo\" href=\"https:\/\/www.laliganacional.com.ar\/laligaargentina\/equipo\/1672\/90339\/bochas-cc\/inicio\"><strong class=\"nombre-equipo\">BOCHAS (CC)<\/strong><\/a><\/td>\n<td class=\"resultados\"><strong>0<\/strong><\/td>\n<td class=\"resultados\"><strong>0<\/strong><\/td>\n<td class=\"text-end celda-nombre\"><a class=\"equipo\" title=\"AMANCAY (LR)\" href=\"https:\/\/www.laliganacional.com.ar\/laligaargentina\/equipo\/2168\/88795\/amancay-lr\/inicio\"><strong class=\"nombre-equipo\">AMANCAY (LR)<\/strong><\/a><\/td>\n<td class=\"text-center celda-escudo\"><a class=\"equipo\" title=\"AMANCAY (LR)\" href=\"https:\/\/www.laliganacional.com.ar\/laligaargentina\/equipo\/2168\/88795\/amancay-lr\/inicio\"><img decoding=\"async\" class=\"escudo\" title=\"AMANCAY (LR)\" src=\"https:\/\/www.laliganacional.com.ar\/escudos\/2168\/88795\" alt=\"AMANCAY (LR)\" \/><\/a><\/td>\n<td class=\"fecha-campo text-start\"><strong>09\/11\/2025 20:30<\/strong>\u00a0<small>JOSE \u00abPEPE\u00bb NOU<\/small><\/td>\n<td class=\"celda-estadisticas\"><\/td>\n<\/tr>\n<tr class=\"fila-tabla-calendarios datos-estadisticos\">\n<td class=\"text-center celda-escudo\"><a class=\"equipo\" title=\"VILLA MITRE (BB)\" href=\"https:\/\/www.laliganacional.com.ar\/laligaargentina\/equipo\/2371\/88950\/villa-mitre-bb\/inicio\"><img decoding=\"async\" class=\"escudo\" title=\"VILLA MITRE (BB)\" src=\"https:\/\/www.laliganacional.com.ar\/escudos\/2371\/88950\" alt=\"VILLA MITRE (BB)\" \/><\/a><\/td>\n<td class=\"text-start celda-nombre\"><a class=\"equipo\" href=\"https:\/\/www.laliganacional.com.ar\/laligaargentina\/equipo\/2371\/88950\/villa-mitre-bb\/inicio\"><strong class=\"nombre-equipo\">VILLA MITRE (BB)<\/strong><\/a><\/td>\n<td class=\"resultados\"><strong>0<\/strong><\/td>\n<td class=\"resultados\"><strong>0<\/strong><\/td>\n<td class=\"text-end celda-nombre\"><a class=\"equipo\" title=\"DEP. NORTE\" href=\"https:\/\/www.laliganacional.com.ar\/laligaargentina\/equipo\/1640\/89000\/dep-norte\/inicio\"><strong class=\"nombre-equipo\">DEP. NORTE<\/strong><\/a><\/td>\n<td class=\"text-center celda-escudo\"><a class=\"equipo\" title=\"DEP. NORTE\" href=\"https:\/\/www.laliganacional.com.ar\/laligaargentina\/equipo\/1640\/89000\/dep-norte\/inicio\"><img decoding=\"async\" class=\"escudo\" title=\"DEP. NORTE\" src=\"https:\/\/www.laliganacional.com.ar\/escudos\/1640\/89000\" alt=\"DEP. NORTE\" \/><\/a><\/td>\n<td class=\"fecha-campo text-start\"><strong>09\/11\/2025 21:00<\/strong>\u00a0<small>JOSE MARTINEZ<\/small><\/td>\n<td class=\"celda-estadisticas\"><\/td>\n<\/tr>\n<tr class=\"fila-tabla-calendarios datos-estadisticos\">\n<td class=\"text-center celda-escudo\"><a class=\"equipo\" title=\"PERGAMINO BASQUET\" href=\"https:\/\/www.laliganacional.com.ar\/laligaargentina\/equipo\/2254\/89216\/pergamino-basquet\/inicio\"><img decoding=\"async\" class=\"escudo\" title=\"PERGAMINO BASQUET\" src=\"https:\/\/www.laliganacional.com.ar\/escudos\/2254\/89216\" alt=\"PERGAMINO BASQUET\" \/><\/a><\/td>\n<td class=\"text-start celda-nombre\"><a class=\"equipo\" href=\"https:\/\/www.laliganacional.com.ar\/laligaargentina\/equipo\/2254\/89216\/pergamino-basquet\/inicio\"><strong class=\"nombre-equipo\">PERGAMINO BASQUET<\/strong><\/a><\/td>\n<td class=\"resultados\"><strong>0<\/strong><\/td>\n<td class=\"resultados\"><strong>0<\/strong><\/td>\n<td class=\"text-end celda-nombre\"><a class=\"equipo\" title=\"LAN\u00daS\" href=\"https:\/\/www.laliganacional.com.ar\/laligaargentina\/equipo\/63\/89430\/lanus\/inicio\"><strong class=\"nombre-equipo\">LAN\u00daS<\/strong><\/a><\/td>\n<td class=\"text-center celda-escudo\"><a class=\"equipo\" title=\"LAN\u00daS\" href=\"https:\/\/www.laliganacional.com.ar\/laligaargentina\/equipo\/63\/89430\/lanus\/inicio\"><img decoding=\"async\" class=\"escudo\" title=\"LAN\u00daS\" src=\"https:\/\/www.laliganacional.com.ar\/escudos\/63\/89430\" alt=\"LAN\u00daS\" \/><\/a><\/td>\n<td class=\"fecha-campo text-start\"><strong>09\/11\/2025 21:00<\/strong>\u00a0<small>RICARDO DORADO MERLO<\/small><\/td>\n<td class=\"celda-estadisticas\"><\/td>\n<\/tr>\n<tr class=\"fila-tabla-calendarios datos-estadisticos\">\n<td class=\"text-center celda-escudo\"><a class=\"equipo\" title=\"COMUNICACIONES\" href=\"https:\/\/www.laliganacional.com.ar\/laligaargentina\/equipo\/1435\/89061\/comunicaciones\/inicio\"><img decoding=\"async\" class=\"escudo\" title=\"COMUNICACIONES\" src=\"https:\/\/www.laliganacional.com.ar\/escudos\/1435\/89061\" alt=\"COMUNICACIONES\" \/><\/a><\/td>\n<td class=\"text-start celda-nombre\"><a class=\"equipo\" href=\"https:\/\/www.laliganacional.com.ar\/laligaargentina\/equipo\/1435\/89061\/comunicaciones\/inicio\"><strong class=\"nombre-equipo\">COMUNICACIONES<\/strong><\/a><\/td>\n<td class=\"resultados\"><strong>0<\/strong><\/td>\n<td class=\"resultados\"><strong>0<\/strong><\/td>\n<td class=\"text-end celda-nombre\"><a class=\"equipo\" title=\"FUSION RIOJANA\" href=\"https:\/\/www.laliganacional.com.ar\/laligaargentina\/equipo\/1903\/90385\/fusion-riojana\/inicio\"><strong class=\"nombre-equipo\">FUSION RIOJANA<\/strong><\/a><\/td>\n<td class=\"text-center celda-escudo\"><a class=\"equipo\" title=\"FUSION RIOJANA\" href=\"https:\/\/www.laliganacional.com.ar\/laligaargentina\/equipo\/1903\/90385\/fusion-riojana\/inicio\"><img decoding=\"async\" class=\"escudo\" title=\"FUSION RIOJANA\" src=\"https:\/\/www.laliganacional.com.ar\/escudos\/1903\/90385\" alt=\"FUSION RIOJANA\" \/><\/a><\/td>\n<td class=\"fecha-campo text-start\"><strong>09\/11\/2025 21:00<\/strong>\u00a0<small>EL PLATEADO<\/small><\/td>\n<td class=\"celda-estadisticas\"><\/td>\n<\/tr>\n<tr class=\"fila-tabla-calendarios datos-estadisticos\">\n<td class=\"text-center celda-escudo\"><a class=\"equipo\" title=\"INDEPENDIENTE (SDE)\" href=\"https:\/\/www.laliganacional.com.ar\/laligaargentina\/equipo\/1883\/89468\/independiente-sde\/inicio\"><img decoding=\"async\" class=\"escudo\" title=\"INDEPENDIENTE (SDE)\" src=\"https:\/\/www.laliganacional.com.ar\/escudos\/1883\/89468\" alt=\"INDEPENDIENTE (SDE)\" \/><\/a><\/td>\n<td class=\"text-start celda-nombre\"><a class=\"equipo\" href=\"https:\/\/www.laliganacional.com.ar\/laligaargentina\/equipo\/1883\/89468\/independiente-sde\/inicio\"><strong class=\"nombre-equipo\">INDEPENDIENTE (SDE)<\/strong><\/a><\/td>\n<td class=\"resultados\"><strong>0<\/strong><\/td>\n<td class=\"resultados\"><strong>0<\/strong><\/td>\n<td class=\"text-end celda-nombre\"><a class=\"equipo\" title=\"RIVADAVIA (MZA)\" href=\"https:\/\/www.laliganacional.com.ar\/laligaargentina\/equipo\/1548\/89562\/rivadavia-mza\/inicio\"><strong class=\"nombre-equipo\">RIVADAVIA (MZA)<\/strong><\/a><\/td>\n<td class=\"text-center celda-escudo\"><a class=\"equipo\" title=\"RIVADAVIA (MZA)\" href=\"https:\/\/www.laliganacional.com.ar\/laligaargentina\/equipo\/1548\/89562\/rivadavia-mza\/inicio\"><img decoding=\"async\" class=\"escudo\" title=\"RIVADAVIA (MZA)\" src=\"https:\/\/www.laliganacional.com.ar\/escudos\/1548\/89562\" alt=\"RIVADAVIA (MZA)\" \/><\/a><\/td>\n<td class=\"fecha-campo text-start\"><strong>09\/11\/2025 21:30<\/strong>\u00a0<small>ISRAEL PARNAS<\/small><\/td>\n<td class=\"celda-estadisticas\"><\/td>\n<\/tr>\n<tr class=\"fila-tabla-calendarios datos-estadisticos\">\n<td class=\"text-center celda-escudo\"><a class=\"equipo\" title=\"PROVINCIAL (R)\" href=\"https:\/\/www.laliganacional.com.ar\/laligaargentina\/equipo\/1761\/88912\/provincial-r\/inicio\"><img decoding=\"async\" class=\"escudo\" title=\"PROVINCIAL (R)\" src=\"https:\/\/www.laliganacional.com.ar\/escudos\/1761\/88912\" alt=\"PROVINCIAL (R)\" \/><\/a><\/td>\n<td class=\"text-start celda-nombre\"><a class=\"equipo\" href=\"https:\/\/www.laliganacional.com.ar\/laligaargentina\/equipo\/1761\/88912\/provincial-r\/inicio\"><strong class=\"nombre-equipo\">PROVINCIAL (R)<\/strong><\/a><\/td>\n<td class=\"resultados\"><strong>0<\/strong><\/td>\n<td class=\"resultados\"><strong>0<\/strong><\/td>\n<td class=\"text-end celda-nombre\"><a class=\"equipo\" title=\"CICLISTA (J)\" href=\"https:\/\/www.laliganacional.com.ar\/laligaargentina\/equipo\/1937\/89802\/ciclista-j\/inicio\"><strong class=\"nombre-equipo\">CICLISTA (J)<\/strong><\/a><\/td>\n<td class=\"text-center celda-escudo\"><a class=\"equipo\" title=\"CICLISTA (J)\" href=\"https:\/\/www.laliganacional.com.ar\/laligaargentina\/equipo\/1937\/89802\/ciclista-j\/inicio\"><img decoding=\"async\" class=\"escudo\" title=\"CICLISTA (J)\" src=\"https:\/\/www.laliganacional.com.ar\/escudos\/1937\/89802\" alt=\"CICLISTA (J)\" \/><\/a><\/td>\n<td class=\"fecha-campo text-start\"><strong>10\/11\/2025 20:30<\/strong>\u00a0<small>SALVADOR BONILLA<\/small><\/td>\n<td class=\"celda-estadisticas\"><\/td>\n<\/tr>\n<tr class=\"fila-tabla-calendarios datos-estadisticos\">\n<td class=\"text-center celda-escudo\"><a class=\"equipo\" title=\"ROCAMORA\" href=\"https:\/\/www.laliganacional.com.ar\/laligaargentina\/equipo\/1385\/88713\/rocamora\/inicio\"><img decoding=\"async\" class=\"escudo\" title=\"ROCAMORA\" src=\"https:\/\/www.laliganacional.com.ar\/escudos\/1385\/88713\" alt=\"ROCAMORA\" \/><\/a><\/td>\n<td class=\"text-start celda-nombre\"><a class=\"equipo\" href=\"https:\/\/www.laliganacional.com.ar\/laligaargentina\/equipo\/1385\/88713\/rocamora\/inicio\"><strong class=\"nombre-equipo\">ROCAMORA<\/strong><\/a><\/td>\n<td class=\"resultados\"><strong>0<\/strong><\/td>\n<td class=\"resultados\"><strong>0<\/strong><\/td>\n<td class=\"text-end celda-nombre\"><a class=\"equipo\" title=\"RACING (A)\" href=\"https:\/\/www.laliganacional.com.ar\/laligaargentina\/equipo\/83\/88998\/racing-a\/inicio\"><strong class=\"nombre-equipo\">RACING (A)<\/strong><\/a><\/td>\n<td class=\"text-center celda-escudo\"><a class=\"equipo\" title=\"RACING (A)\" href=\"https:\/\/www.laliganacional.com.ar\/laligaargentina\/equipo\/83\/88998\/racing-a\/inicio\"><img decoding=\"async\" class=\"escudo\" title=\"RACING (A)\" src=\"https:\/\/www.laliganacional.com.ar\/escudos\/83\/88998\" alt=\"RACING (A)\" \/><\/a><\/td>\n<td class=\"fecha-campo text-start\"><strong>10\/11\/2025 21:00<\/strong>\u00a0<small>JULIO CESAR PACCAGNELLA<\/small><\/td>\n<td class=\"celda-estadisticas\"><\/td>\n<\/tr>\n<tr class=\"fila-tabla-calendarios datos-estadisticos\">\n<td class=\"text-center celda-escudo\"><a class=\"equipo\" title=\"COLON (SF)\" href=\"https:\/\/www.laliganacional.com.ar\/laligaargentina\/equipo\/1899\/89511\/colon-sf\/inicio\"><img decoding=\"async\" class=\"escudo\" title=\"COLON (SF)\" src=\"https:\/\/www.laliganacional.com.ar\/escudos\/1899\/89511\" alt=\"COLON (SF)\" \/><\/a><\/td>\n<td class=\"text-start celda-nombre\"><a class=\"equipo\" href=\"https:\/\/www.laliganacional.com.ar\/laligaargentina\/equipo\/1899\/89511\/colon-sf\/inicio\"><strong class=\"nombre-equipo\">COLON (SF)<\/strong><\/a><\/td>\n<td class=\"resultados\"><strong>0<\/strong><\/td>\n<td class=\"resultados\"><strong>0<\/strong><\/td>\n<td class=\"text-end celda-nombre\"><a class=\"equipo\" title=\"HINDU (C)\" href=\"https:\/\/www.laliganacional.com.ar\/laligaargentina\/equipo\/1789\/90390\/hindu-c\/inicio\"><strong class=\"nombre-equipo\">HINDU (C)<\/strong><\/a><\/td>\n<td class=\"text-center celda-escudo\"><a class=\"equipo\" title=\"HINDU (C)\" href=\"https:\/\/www.laliganacional.com.ar\/laligaargentina\/equipo\/1789\/90390\/hindu-c\/inicio\"><img decoding=\"async\" class=\"escudo\" title=\"HINDU (C)\" src=\"https:\/\/www.laliganacional.com.ar\/escudos\/1789\/90390\" alt=\"HINDU (C)\" \/><\/a><\/td>\n<td class=\"fecha-campo text-start\"><strong>10\/11\/2025 21:00<\/strong>\u00a0<small>ROQUE OTRINO<\/small><\/td>\n<td class=\"celda-estadisticas\"><\/td>\n<\/tr>\n<tr class=\"fila-tabla-calendarios datos-estadisticos\">\n<td class=\"text-center celda-escudo\"><a class=\"equipo\" title=\"CENTRAL ENTRERRIANO\" href=\"https:\/\/www.laliganacional.com.ar\/laligaargentina\/equipo\/1458\/90004\/central-entrerriano\/inicio\"><img decoding=\"async\" class=\"escudo\" title=\"CENTRAL ENTRERRIANO\" src=\"https:\/\/www.laliganacional.com.ar\/escudos\/1458\/90004\" alt=\"CENTRAL ENTRERRIANO\" \/><\/a><\/td>\n<td class=\"text-start celda-nombre\"><a class=\"equipo\" href=\"https:\/\/www.laliganacional.com.ar\/laligaargentina\/equipo\/1458\/90004\/central-entrerriano\/inicio\"><strong class=\"nombre-equipo\">CENTRAL ENTRERRIANO<\/strong><\/a><\/td>\n<td class=\"resultados\"><strong>0<\/strong><\/td>\n<td class=\"resultados\"><strong>0<\/strong><\/td>\n<td class=\"text-end celda-nombre\"><a class=\"equipo\" title=\"UNION (MDP)\" href=\"https:\/\/www.laliganacional.com.ar\/laligaargentina\/equipo\/2378\/89306\/union-mdp\/inicio\"><strong class=\"nombre-equipo\">UNION (MDP)<\/strong><\/a><\/td>\n<td class=\"text-center celda-escudo\"><a class=\"equipo\" title=\"UNION (MDP)\" href=\"https:\/\/www.laliganacional.com.ar\/laligaargentina\/equipo\/2378\/89306\/union-mdp\/inicio\"><img decoding=\"async\" class=\"escudo\" title=\"UNION (MDP)\" src=\"https:\/\/www.laliganacional.com.ar\/escudos\/2378\/89306\" alt=\"UNION (MDP)\" \/><\/a><\/td>\n<td class=\"fecha-campo text-start\"><strong>10\/11\/2025 21:30<\/strong>\u00a0<small>JOSE MARIA BERTORA<\/small><\/td>\n<td class=\"celda-estadisticas\"><\/td>\n<\/tr>\n<tr class=\"fila-tabla-calendarios datos-estadisticos\">\n<td class=\"text-center celda-escudo\"><a class=\"equipo\" title=\"SP. SUARDI\" href=\"https:\/\/www.laliganacional.com.ar\/laligaargentina\/equipo\/1654\/89449\/sp-suardi\/inicio\"><img decoding=\"async\" class=\"escudo\" title=\"SP. SUARDI\" src=\"https:\/\/www.laliganacional.com.ar\/escudos\/1654\/89449\" alt=\"SP. SUARDI\" \/><\/a><\/td>\n<td class=\"text-start celda-nombre\"><a class=\"equipo\" href=\"https:\/\/www.laliganacional.com.ar\/laligaargentina\/equipo\/1654\/89449\/sp-suardi\/inicio\"><strong class=\"nombre-equipo\">SP. SUARDI<\/strong><\/a><\/td>\n<td class=\"resultados\"><strong>0<\/strong><\/td>\n<td class=\"resultados\"><strong>0<\/strong><\/td>\n<td class=\"text-end celda-nombre\"><a class=\"equipo\" title=\"ESTUDIANTES (T)\" href=\"https:\/\/www.laliganacional.com.ar\/laligaargentina\/equipo\/1556\/89037\/estudiantes-t\/inicio\"><strong class=\"nombre-equipo\">ESTUDIANTES (T)<\/strong><\/a><\/td>\n<td class=\"text-center celda-escudo\"><a class=\"equipo\" title=\"ESTUDIANTES (T)\" href=\"https:\/\/www.laliganacional.com.ar\/laligaargentina\/equipo\/1556\/89037\/estudiantes-t\/inicio\"><img decoding=\"async\" class=\"escudo\" title=\"ESTUDIANTES (T)\" src=\"https:\/\/www.laliganacional.com.ar\/escudos\/1556\/89037\" alt=\"ESTUDIANTES (T)\" \/><\/a><\/td>\n<td class=\"fecha-campo text-start\"><strong>10\/11\/2025 21:30<\/strong>\u00a0<small>EL GIGANTE DE LA AVENIDA<\/small><\/td>\n<td class=\"celda-estadisticas\"><\/td>\n<\/tr>\n<tr class=\"fila-tabla-calendarios datos-estadisticos\">\n<td class=\"text-center celda-escudo\"><a class=\"equipo\" title=\"GIMNASIA (LP)\" href=\"https:\/\/www.laliganacional.com.ar\/laligaargentina\/equipo\/2420\/89448\/gimnasia-lp\/inicio\"><img decoding=\"async\" class=\"escudo\" title=\"GIMNASIA (LP)\" src=\"https:\/\/www.laliganacional.com.ar\/escudos\/2420\/89448\" alt=\"GIMNASIA (LP)\" \/><\/a><\/td>\n<td class=\"text-start celda-nombre\"><a class=\"equipo\" href=\"https:\/\/www.laliganacional.com.ar\/laligaargentina\/equipo\/2420\/89448\/gimnasia-lp\/inicio\"><strong class=\"nombre-equipo\">GIMNASIA (LP)<\/strong><\/a><\/td>\n<td class=\"resultados\"><strong>0<\/strong><\/td>\n<td class=\"resultados\"><strong>0<\/strong><\/td>\n<td class=\"text-end celda-nombre\"><a class=\"equipo\" title=\"CENTENARIO (VT)\" href=\"https:\/\/www.laliganacional.com.ar\/laligaargentina\/equipo\/1926\/88731\/centenario-vt\/inicio\"><strong class=\"nombre-equipo\">CENTENARIO (VT)<\/strong><\/a><\/td>\n<td class=\"text-center celda-escudo\"><a class=\"equipo\" title=\"CENTENARIO (VT)\" href=\"https:\/\/www.laliganacional.com.ar\/laligaargentina\/equipo\/1926\/88731\/centenario-vt\/inicio\"><img decoding=\"async\" class=\"escudo\" title=\"CENTENARIO (VT)\" src=\"https:\/\/www.laliganacional.com.ar\/escudos\/1926\/88731\" alt=\"CENTENARIO (VT)\" \/><\/a><\/td>\n<td class=\"fecha-campo text-start\"><strong>11\/11\/2025 20:30<\/strong>\u00a0<small>VICTOR NETHOL<\/small><\/td>\n<td class=\"celda-estadisticas\"><\/td>\n<\/tr>\n<tr class=\"fila-tabla-calendarios datos-estadisticos\">\n<td class=\"text-center celda-escudo\"><a class=\"equipo\" title=\"DEP. VIEDMA\" href=\"https:\/\/www.laliganacional.com.ar\/laligaargentina\/equipo\/2173\/89141\/dep-viedma\/inicio\"><img decoding=\"async\" class=\"escudo\" title=\"DEP. VIEDMA\" src=\"https:\/\/www.laliganacional.com.ar\/escudos\/2173\/89141\" alt=\"DEP. VIEDMA\" \/><\/a><\/td>\n<td class=\"text-start celda-nombre\"><a class=\"equipo\" href=\"https:\/\/www.laliganacional.com.ar\/laligaargentina\/equipo\/2173\/89141\/dep-viedma\/inicio\"><strong class=\"nombre-equipo\">DEP. VIEDMA<\/strong><\/a><\/td>\n<td class=\"resultados\"><strong>0<\/strong><\/td>\n<td class=\"resultados\"><strong>0<\/strong><\/td>\n<td class=\"text-end celda-nombre\"><a class=\"equipo\" title=\"DEP. NORTE\" href=\"https:\/\/www.laliganacional.com.ar\/laligaargentina\/equipo\/1640\/89000\/dep-norte\/inicio\"><strong class=\"nombre-equipo\">DEP. NORTE<\/strong><\/a><\/td>\n<td class=\"text-center celda-escudo\"><a class=\"equipo\" title=\"DEP. NORTE\" href=\"https:\/\/www.laliganacional.com.ar\/laligaargentina\/equipo\/1640\/89000\/dep-norte\/inicio\"><img decoding=\"async\" class=\"escudo\" title=\"DEP. NORTE\" src=\"https:\/\/www.laliganacional.com.ar\/escudos\/1640\/89000\" alt=\"DEP. NORTE\" \/><\/a><\/td>\n<td class=\"fecha-campo text-start\"><strong>11\/11\/2025 21:00<\/strong>\u00a0<small>ANGEL CAYETANO ARIAS<\/small><\/td>\n<td class=\"celda-estadisticas\"><\/td>\n<\/tr>\n<tr class=\"fila-tabla-calendarios datos-estadisticos\">\n<td class=\"text-center celda-escudo\"><a class=\"equipo\" title=\"SANTA PAULA (G)\" href=\"https:\/\/www.laliganacional.com.ar\/laligaargentina\/equipo\/1691\/90125\/santa-paula-g\/inicio\"><img decoding=\"async\" class=\"escudo\" title=\"SANTA PAULA (G)\" src=\"https:\/\/www.laliganacional.com.ar\/escudos\/1691\/90125\" alt=\"SANTA PAULA (G)\" \/><\/a><\/td>\n<td class=\"text-start celda-nombre\"><a class=\"equipo\" href=\"https:\/\/www.laliganacional.com.ar\/laligaargentina\/equipo\/1691\/90125\/santa-paula-g\/inicio\"><strong class=\"nombre-equipo\">SANTA PAULA (G)<\/strong><\/a><\/td>\n<td class=\"resultados\"><strong>0<\/strong><\/td>\n<td class=\"resultados\"><strong>0<\/strong><\/td>\n<td class=\"text-end celda-nombre\"><a class=\"equipo\" title=\"HINDU (C)\" href=\"https:\/\/www.laliganacional.com.ar\/laligaargentina\/equipo\/1789\/90390\/hindu-c\/inicio\"><strong class=\"nombre-equipo\">HINDU (C)<\/strong><\/a><\/td>\n<td class=\"text-center celda-escudo\"><a class=\"equipo\" title=\"HINDU (C)\" href=\"https:\/\/www.laliganacional.com.ar\/laligaargentina\/equipo\/1789\/90390\/hindu-c\/inicio\"><img decoding=\"async\" class=\"escudo\" title=\"HINDU (C)\" src=\"https:\/\/www.laliganacional.com.ar\/escudos\/1789\/90390\" alt=\"HINDU (C)\" \/><\/a><\/td>\n<td class=\"fecha-campo text-start\"><strong>11\/11\/2025 21:00<\/strong>\u00a0<small>VICTOR COMELLI<\/small><\/td>\n<td class=\"celda-estadisticas\"><\/td>\n<\/tr>\n<tr class=\"fila-tabla-calendarios datos-estadisticos\">\n<td class=\"text-center celda-escudo\"><a class=\"equipo\" title=\"EL TALAR\" href=\"https:\/\/www.laliganacional.com.ar\/laligaargentina\/equipo\/44\/89166\/el-talar\/inicio\"><img decoding=\"async\" class=\"escudo\" title=\"EL TALAR\" src=\"https:\/\/www.laliganacional.com.ar\/escudos\/44\/89166\" alt=\"EL TALAR\" \/><\/a><\/td>\n<td class=\"text-start celda-nombre\"><a class=\"equipo\" href=\"https:\/\/www.laliganacional.com.ar\/laligaargentina\/equipo\/44\/89166\/el-talar\/inicio\"><strong class=\"nombre-equipo\">EL TALAR<\/strong><\/a><\/td>\n<td class=\"resultados\"><strong>0<\/strong><\/td>\n<td class=\"resultados\"><strong>0<\/strong><\/td>\n<td class=\"text-end celda-nombre\"><a class=\"equipo\" title=\"LA UNI\u00d3N (C)\" href=\"https:\/\/www.laliganacional.com.ar\/laligaargentina\/equipo\/1420\/89534\/la-union-c\/inicio\"><strong class=\"nombre-equipo\">LA UNI\u00d3N (C)<\/strong><\/a><\/td>\n<td class=\"text-center celda-escudo\"><a class=\"equipo\" title=\"LA UNI\u00d3N (C)\" href=\"https:\/\/www.laliganacional.com.ar\/laligaargentina\/equipo\/1420\/89534\/la-union-c\/inicio\"><img decoding=\"async\" class=\"escudo\" title=\"LA UNI\u00d3N (C)\" src=\"https:\/\/www.laliganacional.com.ar\/escudos\/1420\/89534\" alt=\"LA UNI\u00d3N (C)\" \/><\/a><\/td>\n<td class=\"fecha-campo text-start\"><strong>11\/11\/2025 21:30<\/strong>\u00a0<small>ROBERTO CONTINI<\/small><\/td>\n<td class=\"celda-estadisticas\"><\/td>\n<\/tr>\n<tr class=\"fila-tabla-calendarios datos-estadisticos\">\n<td class=\"text-center celda-escudo\"><a class=\"equipo\" title=\"VILLA SAN MARTIN\" href=\"https:\/\/www.laliganacional.com.ar\/laligaargentina\/equipo\/1836\/89431\/villa-san-martin\/inicio\"><img decoding=\"async\" class=\"escudo\" title=\"VILLA SAN MARTIN\" src=\"https:\/\/www.laliganacional.com.ar\/escudos\/1836\/89431\" alt=\"VILLA SAN MARTIN\" \/><\/a><\/td>\n<td class=\"text-start celda-nombre\"><a class=\"equipo\" href=\"https:\/\/www.laliganacional.com.ar\/laligaargentina\/equipo\/1836\/89431\/villa-san-martin\/inicio\"><strong class=\"nombre-equipo\">VILLA SAN MARTIN<\/strong><\/a><\/td>\n<td class=\"resultados\"><strong>0<\/strong><\/td>\n<td class=\"resultados\"><strong>0<\/strong><\/td>\n<td class=\"text-end celda-nombre\"><a class=\"equipo\" title=\"FUSION RIOJANA\" href=\"https:\/\/www.laliganacional.com.ar\/laligaargentina\/equipo\/1903\/90385\/fusion-riojana\/inicio\"><strong class=\"nombre-equipo\">FUSION RIOJANA<\/strong><\/a><\/td>\n<td class=\"text-center celda-escudo\"><a class=\"equipo\" title=\"FUSION RIOJANA\" href=\"https:\/\/www.laliganacional.com.ar\/laligaargentina\/equipo\/1903\/90385\/fusion-riojana\/inicio\"><img decoding=\"async\" class=\"escudo\" title=\"FUSION RIOJANA\" src=\"https:\/\/www.laliganacional.com.ar\/escudos\/1903\/90385\" alt=\"FUSION RIOJANA\" \/><\/a><\/td>\n<td class=\"fecha-campo text-start\"><strong>11\/11\/2025 21:30<\/strong>\u00a0<small>VILLA SAN MARTIN<\/small><\/td>\n<\/tr>\n<\/tbody>\n<\/table>\n<p>&nbsp;<\/p>\n<\/div>\n<\/div>\n<\/div>\n<\/div>\n<\/div>\n<\/div>\n<table class=\"table table-striped tabla-calendarios mt-0\" style=\"height: 5534px;\" width=\"1018\">\n<thead>\n<tr>\n<th colspan=\"2\"><\/th>\n<th><\/th>\n<th><\/th>\n<th colspan=\"2\"><\/th>\n<th><\/th>\n<th><\/th>\n<\/tr>\n<\/thead>\n<tbody>\n<tr class=\"fila-tabla-calendarios datos-estadisticos\">\n<td class=\"text-center celda-escudo\"><\/td>\n<td class=\"text-start celda-nombre\"><\/td>\n<td class=\"resultados\"><\/td>\n<td class=\"resultados\"><\/td>\n<td class=\"text-end celda-nombre\"><\/td>\n<td class=\"text-center celda-escudo\"><\/td>\n<td class=\"fecha-campo text-start\"><\/td>\n<td class=\"celda-estadisticas\"><\/td>\n<\/tr>\n<tr class=\"fila-tabla-calendarios datos-estadisticos\">\n<td class=\"text-center celda-escudo\"><\/td>\n<td class=\"text-start celda-nombre\"><\/td>\n<td class=\"resultados\"><\/td>\n<td class=\"resultados\"><\/td>\n<td class=\"text-end celda-nombre\"><\/td>\n<td class=\"text-center celda-escudo\"><\/td>\n<td class=\"fecha-campo text-start\"><\/td>\n<td class=\"celda-estadisticas\"><\/td>\n<\/tr>\n<tr class=\"fila-tabla-calendarios datos-estadisticos\">\n<td class=\"text-center celda-escudo\"><\/td>\n<td class=\"text-start celda-nombre\"><\/td>\n<td class=\"resultados\"><\/td>\n<td class=\"resultados\"><\/td>\n<td class=\"text-end celda-nombre\"><\/td>\n<td class=\"text-center celda-escudo\"><\/td>\n<td class=\"fecha-campo text-start\"><\/td>\n<td class=\"celda-estadisticas\"><\/td>\n<\/tr>\n<tr class=\"fila-tabla-calendarios datos-estadisticos\">\n<td class=\"text-center celda-escudo\"><\/td>\n<td class=\"text-start celda-nombre\"><\/td>\n<td class=\"resultados\"><\/td>\n<td class=\"resultados\"><\/td>\n<td class=\"text-end celda-nombre\"><\/td>\n<td class=\"text-center celda-escudo\"><\/td>\n<td class=\"fecha-campo text-start\"><\/td>\n<td class=\"celda-estadisticas\"><\/td>\n<\/tr>\n<tr class=\"fila-tabla-calendarios datos-estadisticos\">\n<td class=\"text-center celda-escudo\"><\/td>\n<td class=\"text-start celda-nombre\"><\/td>\n<td class=\"resultados\"><\/td>\n<td class=\"resultados\"><\/td>\n<td class=\"text-end celda-nombre\"><\/td>\n<td class=\"text-center celda-escudo\"><\/td>\n<td class=\"fecha-campo text-start\"><\/td>\n<td class=\"celda-estadisticas\"><\/td>\n<\/tr>\n<tr class=\"fila-tabla-calendarios datos-estadisticos\">\n<td class=\"text-center celda-escudo\"><\/td>\n<td class=\"text-start celda-nombre\"><\/td>\n<td class=\"resultados\"><\/td>\n<td class=\"resultados\"><\/td>\n<td class=\"text-end celda-nombre\"><\/td>\n<td class=\"text-center celda-escudo\"><\/td>\n<td class=\"fecha-campo text-start\"><\/td>\n<td class=\"celda-estadisticas\"><\/td>\n<\/tr>\n<tr class=\"fila-tabla-calendarios datos-estadisticos\">\n<td class=\"text-center celda-escudo\"><\/td>\n<td class=\"text-start celda-nombre\"><\/td>\n<td class=\"resultados\"><\/td>\n<td class=\"resultados\"><\/td>\n<td class=\"text-end celda-nombre\"><\/td>\n<td class=\"text-center celda-escudo\"><\/td>\n<td class=\"fecha-campo text-start\"><\/td>\n<td class=\"celda-estadisticas\"><\/td>\n<\/tr>\n<tr class=\"fila-tabla-calendarios datos-estadisticos\">\n<td class=\"text-center celda-escudo\"><\/td>\n<td class=\"text-start celda-nombre\"><\/td>\n<td class=\"resultados\"><\/td>\n<td class=\"resultados\"><\/td>\n<td class=\"text-end celda-nombre\"><\/td>\n<td class=\"text-center celda-escudo\"><\/td>\n<td class=\"fecha-campo text-start\"><\/td>\n<td class=\"celda-estadisticas\"><\/td>\n<\/tr>\n<tr class=\"fila-tabla-calendarios datos-estadisticos\">\n<td class=\"text-center celda-escudo\"><\/td>\n<td class=\"text-start celda-nombre\"><\/td>\n<td class=\"resultados\"><\/td>\n<td class=\"resultados\"><\/td>\n<td class=\"text-end celda-nombre\"><\/td>\n<td class=\"text-center celda-escudo\"><\/td>\n<td class=\"fecha-campo text-start\"><\/td>\n<td class=\"celda-estadisticas\"><\/td>\n<\/tr>\n<tr class=\"fila-tabla-calendarios datos-estadisticos\">\n<td class=\"text-center celda-escudo\"><\/td>\n<td class=\"text-start celda-nombre\"><\/td>\n<td class=\"resultados\"><\/td>\n<td class=\"resultados\"><\/td>\n<td class=\"text-end celda-nombre\"><\/td>\n<td class=\"text-center celda-escudo\"><\/td>\n<td class=\"fecha-campo text-start\"><\/td>\n<td class=\"celda-estadisticas\"><\/td>\n<\/tr>\n<tr class=\"fila-tabla-calendarios datos-estadisticos\">\n<td class=\"text-center celda-escudo\"><\/td>\n<td class=\"text-start celda-nombre\"><\/td>\n<td class=\"resultados\"><\/td>\n<td class=\"resultados\"><\/td>\n<td class=\"text-end celda-nombre\"><\/td>\n<td class=\"text-center celda-escudo\"><\/td>\n<td class=\"fecha-campo text-start\"><\/td>\n<td class=\"celda-estadisticas\"><\/td>\n<\/tr>\n<tr class=\"fila-tabla-calendarios datos-estadisticos\">\n<td class=\"text-center celda-escudo\"><\/td>\n<td class=\"text-start celda-nombre\"><\/td>\n<td class=\"resultados\"><\/td>\n<td class=\"resultados\"><\/td>\n<td class=\"text-end celda-nombre\"><\/td>\n<td class=\"text-center celda-escudo\"><\/td>\n<td class=\"fecha-campo text-start\"><\/td>\n<td class=\"celda-estadisticas\"><\/td>\n<\/tr>\n<tr class=\"fila-tabla-calendarios datos-estadisticos\">\n<td class=\"text-center celda-escudo\"><\/td>\n<td class=\"text-start celda-nombre\"><\/td>\n<td class=\"resultados\"><\/td>\n<td class=\"resultados\"><\/td>\n<td class=\"text-end celda-nombre\"><\/td>\n<td class=\"text-center celda-escudo\"><\/td>\n<td class=\"fecha-campo text-start\"><\/td>\n<td class=\"celda-estadisticas\"><\/td>\n<\/tr>\n<tr class=\"fila-tabla-calendarios datos-estadisticos\">\n<td class=\"text-center celda-escudo\"><\/td>\n<td class=\"text-start celda-nombre\"><\/td>\n<td class=\"resultados\"><\/td>\n<td class=\"resultados\"><\/td>\n<td class=\"text-end celda-nombre\"><\/td>\n<td class=\"text-center celda-escudo\"><\/td>\n<td class=\"fecha-campo text-start\"><\/td>\n<td class=\"celda-estadisticas\"><\/td>\n<\/tr>\n<tr class=\"fila-tabla-calendarios datos-estadisticos\">\n<td class=\"text-center celda-escudo\"><\/td>\n<td class=\"text-start celda-nombre\"><\/td>\n<td class=\"resultados\"><\/td>\n<td class=\"resultados\"><\/td>\n<td class=\"text-end celda-nombre\"><\/td>\n<td class=\"text-center celda-escudo\"><\/td>\n<td class=\"fecha-campo text-start\"><\/td>\n<td class=\"celda-estadisticas\"><\/td>\n<\/tr>\n<tr class=\"fila-tabla-calendarios datos-estadisticos\">\n<td class=\"text-center celda-escudo\"><\/td>\n<td class=\"text-start celda-nombre\"><\/td>\n<td class=\"resultados\"><\/td>\n<td class=\"resultados\"><\/td>\n<td class=\"text-end celda-nombre\"><\/td>\n<td class=\"text-center celda-escudo\"><\/td>\n<td class=\"fecha-campo text-start\"><\/td>\n<td class=\"celda-estadisticas\"><\/td>\n<\/tr>\n<tr class=\"fila-tabla-calendarios datos-estadisticos\">\n<td class=\"text-center celda-escudo\"><\/td>\n<td class=\"text-start celda-nombre\"><\/td>\n<td class=\"resultados\"><\/td>\n<td class=\"resultados\"><\/td>\n<td class=\"text-end celda-nombre\"><\/td>\n<td class=\"text-center celda-escudo\"><\/td>\n<td class=\"fecha-campo text-start\"><\/td>\n<td class=\"celda-estadisticas\"><\/td>\n<\/tr>\n<tr class=\"fila-tabla-calendarios datos-estadisticos\">\n<td class=\"text-center celda-escudo\"><\/td>\n<td class=\"text-start celda-nombre\"><\/td>\n<td class=\"resultados\"><\/td>\n<td class=\"resultados\"><\/td>\n<td class=\"text-end celda-nombre\"><\/td>\n<td class=\"text-center celda-escudo\"><\/td>\n<td class=\"fecha-campo text-start\"><\/td>\n<td class=\"celda-estadisticas\"><\/td>\n<\/tr>\n<tr class=\"fila-tabla-calendarios datos-estadisticos\">\n<td class=\"text-center celda-escudo\"><\/td>\n<td class=\"text-start celda-nombre\"><\/td>\n<td class=\"resultados\"><\/td>\n<td class=\"resultados\"><\/td>\n<td class=\"text-end celda-nombre\"><\/td>\n<td class=\"text-center celda-escudo\"><\/td>\n<td class=\"fecha-campo text-start\"><\/td>\n<td class=\"celda-estadisticas\"><\/td>\n<\/tr>\n<tr class=\"fila-tabla-calendarios datos-estadisticos\">\n<td class=\"text-center celda-escudo\"><\/td>\n<td class=\"text-start celda-nombre\"><\/td>\n<td class=\"resultados\"><\/td>\n<td class=\"resultados\"><\/td>\n<td class=\"text-end celda-nombre\"><\/td>\n<td class=\"text-center celda-escudo\"><\/td>\n<td class=\"fecha-campo text-start\"><\/td>\n<td class=\"celda-estadisticas\"><\/td>\n<\/tr>\n<tr class=\"fila-tabla-calendarios datos-estadisticos\">\n<td class=\"text-center celda-escudo\"><\/td>\n<td class=\"text-start celda-nombre\"><\/td>\n<td class=\"resultados\"><\/td>\n<td class=\"resultados\"><\/td>\n<td class=\"text-end celda-nombre\"><\/td>\n<td class=\"text-center celda-escudo\"><\/td>\n<td class=\"fecha-campo text-start\"><\/td>\n<td class=\"celda-estadisticas\"><\/td>\n<\/tr>\n<tr class=\"fila-tabla-calendarios datos-estadisticos\">\n<td class=\"text-center celda-escudo\"><\/td>\n<td class=\"text-start celda-nombre\"><\/td>\n<td class=\"resultados\"><strong>0<\/strong><\/td>\n<td class=\"resultados\"><strong>0<\/strong><\/td>\n<td class=\"text-end celda-nombre\"><a class=\"equipo\" title=\"FUSION RIOJANA\" href=\"https:\/\/www.laliganacional.com.ar\/laligaargentina\/equipo\/1903\/90385\/fusion-riojana\/inicio\"><strong class=\"nombre-equipo\">FUSION RIOJANA<\/strong><\/a><\/td>\n<td class=\"text-center celda-escudo\"><a class=\"equipo\" title=\"FUSION RIOJANA\" href=\"https:\/\/www.laliganacional.com.ar\/laligaargentina\/equipo\/1903\/90385\/fusion-riojana\/inicio\"><img decoding=\"async\" class=\"escudo\" title=\"FUSION RIOJANA\" src=\"https:\/\/www.laliganacional.com.ar\/escudos\/1903\/90385\" alt=\"FUSION RIOJANA\" \/><\/a><\/td>\n<td class=\"fecha-campo text-start\"><strong>11\/11\/2025 21:30<\/strong>\u00a0<small>VILLA SAN MARTIN<\/small><\/p>\n<p>&nbsp;<\/p>\n<p>&nbsp;<\/td>\n<\/tr>\n<\/tbody>\n<\/table>\n","protected":false},"excerpt":{"rendered":"<p>Foto portada: Juan Abeiro llega a Fusi\u00f3n Riojana desde deportivo Norte. El plantel de Fusi\u00f3n Riojana atraviesa su segunda semana de pretemporada con la mente puesta en el inicio de una nueva edici\u00f3n de La Liga Argentina de B\u00e1squet. Bajo la conducci\u00f3n del cuerpo t\u00e9cnico, los entrenamientos se intensifican con trabajos f\u00edsicos y t\u00e1cticos, apuntando &hellip;<\/p>\n","protected":false},"author":2,"featured_media":28372,"comment_status":"open","ping_status":"open","sticky":false,"template":"","format":"standard","meta":{"footnotes":""},"categories":[3],"tags":[],"class_list":["post-28370","post","type-post","status-publish","format-standard","has-post-thumbnail","hentry","category-basquetbol"],"_links":{"self":[{"href":"https:\/\/www.sportchaco.com.ar\/index.php?rest_route=\/wp\/v2\/posts\/28370","targetHints":{"allow":["GET"]}}],"collection":[{"href":"https:\/\/www.sportchaco.com.ar\/index.php?rest_route=\/wp\/v2\/posts"}],"about":[{"href":"https:\/\/www.sportchaco.com.ar\/index.php?rest_route=\/wp\/v2\/types\/post"}],"author":[{"embeddable":true,"href":"https:\/\/www.sportchaco.com.ar\/index.php?rest_route=\/wp\/v2\/users\/2"}],"replies":[{"embeddable":true,"href":"https:\/\/www.sportchaco.com.ar\/index.php?rest_route=%2Fwp%2Fv2%2Fcomments&post=28370"}],"version-history":[{"count":7,"href":"https:\/\/www.sportchaco.com.ar\/index.php?rest_route=\/wp\/v2\/posts\/28370\/revisions"}],"predecessor-version":[{"id":28379,"href":"https:\/\/www.sportchaco.com.ar\/index.php?rest_route=\/wp\/v2\/posts\/28370\/revisions\/28379"}],"wp:featuredmedia":[{"embeddable":true,"href":"https:\/\/www.sportchaco.com.ar\/index.php?rest_route=\/wp\/v2\/media\/28372"}],"wp:attachment":[{"href":"https:\/\/www.sportchaco.com.ar\/index.php?rest_route=%2Fwp%2Fv2%2Fmedia&parent=28370"}],"wp:term":[{"taxonomy":"category","embeddable":true,"href":"https:\/\/www.sportchaco.com.ar\/index.php?rest_route=%2Fwp%2Fv2%2Fcategories&post=28370"},{"taxonomy":"post_tag","embeddable":true,"href":"https:\/\/www.sportchaco.com.ar\/index.php?rest_route=%2Fwp%2Fv2%2Ftags&post=28370"}],"curies":[{"name":"wp","href":"https:\/\/api.w.org\/{rel}","templated":true}]}}