{"id":28380,"date":"2025-11-09T18:19:57","date_gmt":"2025-11-09T21:19:57","guid":{"rendered":"https:\/\/www.sportchaco.com.ar\/?p=28380"},"modified":"2025-11-10T10:50:06","modified_gmt":"2025-11-10T13:50:06","slug":"lucas-valle-el-nuevo-nombre-ganador-del-turismo-carretera-2000","status":"publish","type":"post","link":"https:\/\/www.sportchaco.com.ar\/?p=28380","title":{"rendered":"Lucas Valle, el nuevo nombre ganador del Turismo Carretera 2000"},"content":{"rendered":"<p>&nbsp;<\/p>\n<section class=\"elementor-section elementor-top-section elementor-element elementor-element-cdfdee6 elementor-section-boxed elementor-section-height-default elementor-section-height-default\" data-id=\"cdfdee6\" data-element_type=\"section\">\n<div class=\"elementor-container elementor-column-gap-default\">\n<div class=\"elementor-column elementor-col-100 elementor-top-column elementor-element elementor-element-a599e12\" data-id=\"a599e12\" data-element_type=\"column\">\n<div class=\"elementor-widget-wrap elementor-element-populated\">\n<div class=\"elementor-element elementor-element-8d427dc elementor-widget elementor-widget-theme-post-title elementor-page-title elementor-widget-heading\" data-id=\"8d427dc\" data-element_type=\"widget\" data-widget_type=\"theme-post-title.default\">\n<div class=\"elementor-widget-container\">\n<h1 class=\"elementor-heading-title elementor-size-default\"><\/h1>\n<\/div>\n<\/div>\n<div class=\"elementor-element elementor-element-8e91e1a elementor-widget elementor-widget-theme-post-excerpt\" data-id=\"8e91e1a\" data-element_type=\"widget\" data-widget_type=\"theme-post-excerpt.default\">\n<div class=\"elementor-widget-container\">El chubutense se adjudic\u00f3 la carrera sabatina de la 11\u00aa y ante\u00faltima fecha del Turismo Carretera 2000 con el Honda Civic del Coiro Competici\u00f3n. Llaver y Ardusso completaron el \u201c1-2-3\u201d de la marca japonesa en R\u00edo Cuarto.\u00a0 El chaque\u00f1o August\u00f3 Carinelli finaliz\u00f3 und\u00e9cimo (foto portada)<\/div>\n<\/div>\n<div class=\"elementor-element elementor-element-f852b45 elementor-widget__width-auto elementor-widget elementor-widget-post-info\" data-id=\"f852b45\" data-element_type=\"widget\" data-widget_type=\"post-info.default\">\n<div class=\"elementor-widget-container\">\n<p>&nbsp;<\/p>\n<\/div>\n<\/div>\n<\/div>\n<\/div>\n<\/div>\n<\/section>\n<section class=\"elementor-section elementor-top-section elementor-element elementor-element-eb71e8a elementor-section-boxed elementor-section-height-default elementor-section-height-default\" data-id=\"eb71e8a\" data-element_type=\"section\">\n<div class=\"elementor-container elementor-column-gap-default\">\n<div class=\"elementor-column elementor-col-100 elementor-top-column elementor-element elementor-element-5479730\" data-id=\"5479730\" data-element_type=\"column\">\n<div class=\"elementor-widget-wrap elementor-element-populated\">\n<div class=\"elementor-element elementor-element-c24f4f9 elementor-widget elementor-widget-theme-post-featured-image elementor-widget-image\" data-id=\"c24f4f9\" data-element_type=\"widget\" data-widget_type=\"theme-post-featured-image.default\">\n<div class=\"elementor-widget-container\"><img loading=\"lazy\" decoding=\"async\" class=\"attachment-full size-full wp-image-183843\" src=\"https:\/\/campeones.com.ar\/wp-content\/uploads\/2025\/11\/Lucas-Valle-TurCar-2025.jpg\" sizes=\"auto, (max-width: 976px) 100vw, 976px\" srcset=\"https:\/\/campeones.com.ar\/wp-content\/uploads\/2025\/11\/Lucas-Valle-TurCar-2025.jpg 976w, https:\/\/campeones.com.ar\/wp-content\/uploads\/2025\/11\/Lucas-Valle-TurCar-2025-400x246.jpg 400w, https:\/\/campeones.com.ar\/wp-content\/uploads\/2025\/11\/Lucas-Valle-TurCar-2025-720x443.jpg 720w, https:\/\/campeones.com.ar\/wp-content\/uploads\/2025\/11\/Lucas-Valle-TurCar-2025-200x123.jpg 200w, https:\/\/campeones.com.ar\/wp-content\/uploads\/2025\/11\/Lucas-Valle-TurCar-2025-768x472.jpg 768w, https:\/\/campeones.com.ar\/wp-content\/uploads\/2025\/11\/Lucas-Valle-TurCar-2025-800x492.jpg 800w\" alt=\"\" width=\"976\" height=\"600\" \/><\/div>\n<\/div>\n<\/div>\n<\/div>\n<\/div>\n<\/section>\n<section class=\"elementor-section elementor-top-section elementor-element elementor-element-dc2b3af elementor-reverse-tablet elementor-reverse-mobile elementor-section-boxed elementor-section-height-default elementor-section-height-default\" data-id=\"dc2b3af\" data-element_type=\"section\">\n<div class=\"elementor-container elementor-column-gap-default\">\n<div class=\"elementor-column elementor-col-100 elementor-top-column elementor-element elementor-element-9e16f65\" data-id=\"9e16f65\" data-element_type=\"column\">\n<div class=\"elementor-widget-wrap elementor-element-populated\">\n<div class=\"elementor-element elementor-element-42a1ebd elementor-widget elementor-widget-theme-post-content\" data-id=\"42a1ebd\" data-element_type=\"widget\" data-widget_type=\"theme-post-content.default\">\n<div class=\"elementor-widget-container\">\n<p>Con un esforzado pero meritorio triunfo,<b>\u00a0Lucas Valle\u00a0<\/b>(Honda Civic) inscribi\u00f3 sus nombres entre los ganadores de la primera temporada del\u00a0<b>Turismo Carretera 2000.\u00a0<\/b>El piloto\u00a0del\u00a0<b>Coiro Competici\u00f3n<\/b>\u00a0se impuso en la Final sabatina de la 11\u00aa y ante\u00faltima fecha del campeonato 2025, que se disputa en el aut\u00f3dromo de\u00a0<b>R\u00edo Cuarto<\/b>, y logr\u00f3 su<b>\u00a01\u00aa victoria\u00a0<\/b>en su 2\u00aa participaci\u00f3n como piloto titular en la flamante categor\u00eda.<\/p>\n<p><iframe loading=\"lazy\" title=\"LUCAS VALLE gan\u00f3 en s\u00e1bado del Turismo Carretera 2000\" src=\"https:\/\/www.youtube.com\/embed\/KPsVbfzpJbI?feature=oembed\" width=\"800\" height=\"450\" frameborder=\"0\" allowfullscreen=\"allowfullscreen\" data-mce-fragment=\"1\"><\/iframe><\/p>\n<p>El chubutense, que hab\u00eda clasificado 4\u00ba, larg\u00f3 desde la \u201cpole position\u201d gracias al sistema de recargos que penaliza a los 8 primeros del campeonato. Comparti\u00f3 la 1\u00aa fila con\u00a0<b>Facundo Ardusso\u00a0<\/b>(Honda Civic), aunque el santafesino perdi\u00f3 el 2\u00ba lugar en la 1\u00aa vuelta con\u00a0<b>Bernardo Llaver\u00a0<\/b>(Honda Civic), su compa\u00f1ero en el\u00a0<b>RV Racing\u00a0<\/b>y a la vez rival en la lucha por el t\u00edtulo.<\/p>\n<p>\u201c<i>Clasificamos 4\u00ba y aprovechamos los recargos para largar desde la \u2018pole position\u2019. Sab\u00edamos que si bien era una carrera corta, iba a ser dif\u00edcil.\u00a0<\/i><b><i>Tuvimos que defendernos, no tanto de Llaver pero s\u00ed y mucho de Ardusso<\/i><\/b><i>\u201d,<\/i>\u00a0indic\u00f3 Valle, que este a\u00f1o tambi\u00e9n gan\u00f3 en el TC Pista (en El Calafate), en<b>\u00a0Campeones Radio.<\/b><\/p>\n<p>A 3 giros de la bandera a cuadros, el mendocino le cedi\u00f3 la 2\u00aa posici\u00f3n al santafesino, que ten\u00eda mejor ritmo, y Ardusso fue a la \u201ccaza\u201d de Valle, con quien comparte equipo en los fines de semana de TC y TC Pista. El representante de Las Parejas\u00a0<b>estuvo muy cerca de saltar a la punta en dos ocasiones<\/b>, pero el piloto de Rawson\u00a0<b>se defendi\u00f3 con \u00e9xito<\/b>\u00a0para convertirse en el 10\u00ba ganador de 2025.<\/p>\n<p><b>Honda\u00a0<\/b>consigui\u00f3 su\u00a0<b>segundo \u201c1-2-3\u201d<\/b>\u00a0de la temporada (el otro fue en la carrera del domingo en Paran\u00e1) con Llaver como escolta, ya que pocos metros antes de cruzar la meta, Ardusso le devolvi\u00f3 el 2\u00ba puesto. El mendocino logr\u00f3 su 9\u00ba podio del a\u00f1o, mientras que el santafesino sum\u00f3 el 11\u00ba.\u00a0<b>Agust\u00edn Canapino\u00a0<\/b>(Renault Fluence) lleg\u00f3 4\u00ba tras largar 5\u00ba y sobrellevar la rotura de la direcci\u00f3n hidr\u00e1ulica a falta de 3 vueltas para la bandera a cuadros. El piloto del\u00a0<b>Axion Energy Sport<\/b>\u00a0sigue como l\u00edder del campeonato, con 43 puntos de ventaja sobre Ardusso cuando quedan 146 en juego.<\/p>\n<p>La pr\u00f3xima actividad del Turismo Carretera 2000 ser\u00e1 la\u00a0<b>segunda Final<\/b>, que se disputar\u00e1\u00a0<b>ma\u00f1ana a las 11:40<\/b>, con un recorrido de 27 vueltas o un tiempo m\u00e1ximo de 40 minutos, y la grilla de largada se ordenar\u00e1 de acuerdo a los resultados de la carrera de hoy.<\/p>\n<p><strong><img loading=\"lazy\" decoding=\"async\" class=\"alignnone size-medium wp-image-28383 aligncenter\" src=\"https:\/\/www.sportchaco.com.ar\/wp-content\/uploads\/2025\/11\/LP1L3222-300x196.jpg\" alt=\"\" width=\"300\" height=\"196\" srcset=\"https:\/\/www.sportchaco.com.ar\/wp-content\/uploads\/2025\/11\/LP1L3222-300x196.jpg 300w, https:\/\/www.sportchaco.com.ar\/wp-content\/uploads\/2025\/11\/LP1L3222-1024x668.jpg 1024w, https:\/\/www.sportchaco.com.ar\/wp-content\/uploads\/2025\/11\/LP1L3222-768x501.jpg 768w, https:\/\/www.sportchaco.com.ar\/wp-content\/uploads\/2025\/11\/LP1L3222-1536x1002.jpg 1536w, https:\/\/www.sportchaco.com.ar\/wp-content\/uploads\/2025\/11\/LP1L3222.jpg 1811w\" sizes=\"auto, (max-width: 300px) 100vw, 300px\" \/>Augusto Carinelli und\u00e9cimo<\/strong><\/p>\n<h2><b>TURISMO CARRETERA 2000 \u2013 FINAL I \u2013 R\u00cdO CUARTO \u2013 14 VUELTAS<\/b><\/h2>\n<div class=\"elementor-element elementor-element-42a1ebd elementor-widget elementor-widget-theme-post-content\" data-id=\"42a1ebd\" data-element_type=\"widget\" data-widget_type=\"theme-post-content.default\">\n<div class=\"elementor-widget-container\">\n<h2><b><br \/>\n<img loading=\"lazy\" decoding=\"async\" class=\"alignnone size-full wp-image-183882\" src=\"https:\/\/campeones.com.ar\/wp-content\/uploads\/2025\/11\/TCRR2000-1ERA-FINAL-4-1.jpg\" sizes=\"auto, (max-width: 976px) 100vw, 976px\" srcset=\"https:\/\/campeones.com.ar\/wp-content\/uploads\/2025\/11\/TCRR2000-1ERA-FINAL-4-1.jpg 976w, https:\/\/campeones.com.ar\/wp-content\/uploads\/2025\/11\/TCRR2000-1ERA-FINAL-4-1-400x286.jpg 400w, https:\/\/campeones.com.ar\/wp-content\/uploads\/2025\/11\/TCRR2000-1ERA-FINAL-4-1-720x514.jpg 720w, https:\/\/campeones.com.ar\/wp-content\/uploads\/2025\/11\/TCRR2000-1ERA-FINAL-4-1-200x143.jpg 200w, https:\/\/campeones.com.ar\/wp-content\/uploads\/2025\/11\/TCRR2000-1ERA-FINAL-4-1-768x548.jpg 768w, https:\/\/campeones.com.ar\/wp-content\/uploads\/2025\/11\/TCRR2000-1ERA-FINAL-4-1-800x571.jpg 800w\" alt=\"\" width=\"976\" height=\"697\" \/><br \/>\n<\/b><\/h2>\n<\/div>\n<\/div>\n<div class=\"elementor-element elementor-element-5773c82 elementor-widget-divider--view-line elementor-widget elementor-widget-divider\" data-id=\"5773c82\" data-element_type=\"widget\" data-widget_type=\"divider.default\">\n<div class=\"elementor-widget-container\">\n<div class=\"elementor-divider\"><\/div>\n<\/div>\n<\/div>\n<div class=\"elementor-element elementor-element-26534a8 elementor-author-box--layout-image-left elementor-author-box--align-left elementor-widget__width-inherit elementor-author-box--avatar-yes elementor-author-box--name-yes elementor-widget elementor-widget-author-box\" data-id=\"26534a8\" data-element_type=\"widget\" data-widget_type=\"author-box.default\">\n<div class=\"elementor-widget-container\">\n<div class=\"elementor-author-box\">\n<p><a class=\"elementor-author-box__avatar\" href=\"https:\/\/campeones.com.ar\/author\/ezequiel-ganem\/\">Fuente<img loading=\"lazy\" decoding=\"async\" class=\"\" src=\"https:\/\/campeones.com.ar\/wp-content\/uploads\/2023\/03\/cropped-ezequiel-300x300.png\" alt=\"Imagen de Ezequiel Ganem\" width=\"42\" height=\"42\" \/>Campeones<\/a><\/p>\n<div class=\"elementor-author-box__text\">\n<h4 class=\"elementor-author-box__name\">Ezequiel Ganem<\/h4>\n<table border=\"0\" width=\"100%\" cellspacing=\"0\" cellpadding=\"0\">\n<tbody>\n<tr>\n<td valign=\"top\">\n<table class=\"m_7820770778767218009mcnTextContentContainer\" border=\"0\" width=\"100%\" cellspacing=\"0\" cellpadding=\"0\" align=\"left\">\n<tbody>\n<tr>\n<td class=\"m_7820770778767218009mcnTextContent\" valign=\"top\"><img decoding=\"async\" class=\"m_7820770778767218009mcnImage CToWUd a6T\" tabindex=\"0\" src=\"https:\/\/ci3.googleusercontent.com\/meips\/ADKq_NZyTHX4_vLNP6P-rLmVeV6eEkZ-lBc3xY6B2ZtaW5Ru8U-IO22NGXmqHk3m645uLb4ASQmpeO5yiSDceP44u6K1tF5gu4dG6hAq6qlbtxjEnGAZ1TmCkdk5NBYbyuGkOAjzSG4IHzexLCf36ANAXvXnPBQV96EXqdI=s0-d-e1-ft#https:\/\/mcusercontent.com\/a0b85869d506dfd1436969ffc\/images\/9550470e-c2c5-cdbd-c551-b87ec0a94890.jpg\" alt=\"\" width=\"564\" align=\"center\" data-bit=\"iit\" \/><\/p>\n<p><strong>Un buen debut en R\u00edo Cuarto para Carinelli<\/strong><\/p>\n<p>Augusto Carinelli pudo redondear un buen fin de semana debut en el Turismo Carretera 2000, que disput\u00f3 su 11ma fecha de la temporada en el aut\u00f3dromo de la ciudad de R\u00edo Cuarto, en C\u00f3rdoba. All\u00ed, el piloto de Corzuela hizo una buena final de avance que le permiti\u00f3 llegar 6to en su primera experiencia dentro de la categor\u00eda.<br \/>\nSobre el Fluence alistado por el Ambrogio Racing, el chaque\u00f1o s\u00f3lo pudo hacer bien un entrenamiento previo, producto que la lluvia complic\u00f3 el d\u00eda viernes y en el \u00fanico del s\u00e1bado, la rotura de la bomba de aceite le impidi\u00f3 girar. As\u00ed, fue pr\u00e1cticamente crudo a la clasificaci\u00f3n en la cual se posicion\u00f3 11mo con algunas tendencias l\u00f3gicas por corregir. Luego para completar la jornada sabatina, disput\u00f3 la primera final partiendo en ese lugar, y en una carrera sin grandes cambios ni alternativas, se mantuvo en el puesto 11.<br \/>\nYa hoy con un auto mejor y m\u00e1s afianzado en la conducci\u00f3n, Augusto movi\u00f3 desde la 6ta fila en el caj\u00f3n 11, y r\u00e1pidamente pudo avanzar para ponerse 7mo, haciendo buenas maniobras para superar rivales en los primeros dos giros. Luego atac\u00f3 a Camilo Trappa y fue superado por Valent\u00edn Yankelevich quedando 8vo, pero ante el despiste del primer mencionado, volvi\u00f3 a tomar la 7ma colocaci\u00f3n antes del auto de seguridad. Reiniciada la carrera en los dos \u00faltimos giros, pudo hacer una muy buena maniobra para volver a superar a Yankelevich, y as\u00ed llegar a la meta concluyendo en un buen 6to puesto en su debut, que dej\u00f3 muy conforme tanto a piloto como equipo. Agust\u00edn Canapino (Renault Fluence) se qued\u00f3 con la victoria.<br \/>\nLa pr\u00f3xima y \u00faltima fecha de la temporada ser\u00e1 el 30 de Noviembre en el aut\u00f3dromo \u00abJorge \u00c1ngel Pena\u00bb de San Mart\u00edn, en Mendoza.<\/p>\n<p><img decoding=\"async\" class=\"m_7820770778767218009mcnImage CToWUd a6T\" tabindex=\"0\" src=\"https:\/\/ci3.googleusercontent.com\/meips\/ADKq_Nb40IYA83-v6fJzHZIBLOQHCS-faTDKuDoSctb7A6FAICNkd_OmS95vjjxncq-YYA4EEQzC5TLmF47G5UY21dA4Ga6fWTOjnkI5L49MvT_4ejDWWos792UmHfzuBkjrwswiLHHMbAMfswgkpnB_ht_Im6MZAuhWSYs=s0-d-e1-ft#https:\/\/mcusercontent.com\/a0b85869d506dfd1436969ffc\/images\/c58e46e4-175f-4035-afd3-7972cdc3f02d.jpg\" alt=\"\" width=\"564\" align=\"center\" data-bit=\"iit\" \/><\/p>\n<p><strong>Augusto Carinelli: \u00abFeliz de haber completado un fin de semana debut en el Turismo Carretera 2000 que sin dudas fue de menos a m\u00e1s para m\u00ed. Me sent\u00ed ya desde el inicio muy c\u00f3modo con el equipo, si bien por la lluvia del viernes y un problema con la bomba de aceite el s\u00e1bado no pudimos girar lo esperado en los entrenamientos previos y salimos pr\u00e1cticamente crudos a clasificar y disputar la primera carrera, en la cual no hubo grandes variables y nos mantuvimos tal como largamos en el puesto 11, con algunas tendencias por corregir. Hoy ya con un auto mucho m\u00e1s firme, avanzamos r\u00e1pido en la final y luego nos mantuvimos girando a tiempos de punta en varias oportunidades, para terminar haciendo una linda maniobra tras el relanzamiento que nos permiti\u00f3 terminar en un buen puesto 6 y sumar muchos kil\u00f3metros y experiencia en este tipo de autos que me han gustado mucho. Sin dudas una motivaci\u00f3n extra para encarar lo que viene tanto en la \u00faltima fecha del Turismo Carretera 2000, como tambi\u00e9n en la pr\u00f3xima del TC en La Pampa. Agradecido a todo el Ambrogio Racing por el trabajo realizado durante el fin de semana, a los sponsor que nos acompa\u00f1an, familia, amigos, gente de Corzuela y Chaco que nos sigue, y a Dios sobre todo<\/strong><em><strong>\u00ab.<\/strong><\/em><\/td>\n<\/tr>\n<\/tbody>\n<\/table>\n<\/td>\n<\/tr>\n<\/tbody>\n<\/table>\n<table border=\"0\" width=\"100%\" cellspacing=\"0\" cellpadding=\"0\">\n<tbody>\n<tr>\n<td valign=\"top\">\n<table border=\"0\" width=\"100%\" cellspacing=\"0\" cellpadding=\"0\" align=\"left\">\n<tbody>\n<tr>\n<td valign=\"top\"><img decoding=\"async\" class=\"m_7820770778767218009mcnImage CToWUd a6T\" tabindex=\"0\" src=\"https:\/\/ci3.googleusercontent.com\/meips\/ADKq_NYRXSodtxR9F_ZqMGCU4uQD4p2M667gbE5R_po8B1jY1AMMAUrMEpqow9Bt1R0-4H8__Unpl4t4jGV6oz9w6ory8TDncL2MVdwnWkyxevp2aqfmquBEHUYGlcP7ttPoihG81Ag3OZSIC1JYthgvYA1VMBdh9mr8bZY=s0-d-e1-ft#https:\/\/mcusercontent.com\/a0b85869d506dfd1436969ffc\/images\/607097c3-7ff3-9f19-2cea-328b79b8a27d.jpg\" alt=\"\" width=\"564\" align=\"center\" data-bit=\"iit\" \/><\/td>\n<\/tr>\n<\/tbody>\n<\/table>\n<\/td>\n<\/tr>\n<\/tbody>\n<\/table>\n<table border=\"0\" width=\"100%\" cellspacing=\"0\" cellpadding=\"0\">\n<tbody>\n<tr>\n<td valign=\"top\"><\/td>\n<\/tr>\n<\/tbody>\n<\/table>\n<table border=\"0\" width=\"100%\" cellspacing=\"0\" cellpadding=\"0\">\n<tbody>\n<tr>\n<td valign=\"top\"><\/td>\n<\/tr>\n<\/tbody>\n<\/table>\n<table border=\"0\" width=\"100%\" cellspacing=\"0\" cellpadding=\"0\">\n<tbody>\n<tr>\n<td valign=\"top\"><\/td>\n<\/tr>\n<\/tbody>\n<\/table>\n<\/div>\n<\/div>\n<\/div>\n<\/div>\n<\/div>\n<\/div>\n<\/div>\n<\/div>\n<\/div>\n<\/section>\n","protected":false},"excerpt":{"rendered":"<p>&nbsp; El chubutense se adjudic\u00f3 la carrera sabatina de la 11\u00aa y ante\u00faltima fecha del Turismo Carretera 2000 con el Honda Civic del Coiro Competici\u00f3n. Llaver y Ardusso completaron el \u201c1-2-3\u201d de la marca japonesa en R\u00edo Cuarto.\u00a0 El chaque\u00f1o August\u00f3 Carinelli finaliz\u00f3 und\u00e9cimo (foto portada) &nbsp; Con un esforzado pero meritorio triunfo,\u00a0Lucas Valle\u00a0(Honda Civic) &hellip;<\/p>\n","protected":false},"author":2,"featured_media":28382,"comment_status":"open","ping_status":"open","sticky":false,"template":"","format":"standard","meta":{"footnotes":""},"categories":[2],"tags":[],"class_list":["post-28380","post","type-post","status-publish","format-standard","has-post-thumbnail","hentry","category-automovilismo"],"_links":{"self":[{"href":"https:\/\/www.sportchaco.com.ar\/index.php?rest_route=\/wp\/v2\/posts\/28380","targetHints":{"allow":["GET"]}}],"collection":[{"href":"https:\/\/www.sportchaco.com.ar\/index.php?rest_route=\/wp\/v2\/posts"}],"about":[{"href":"https:\/\/www.sportchaco.com.ar\/index.php?rest_route=\/wp\/v2\/types\/post"}],"author":[{"embeddable":true,"href":"https:\/\/www.sportchaco.com.ar\/index.php?rest_route=\/wp\/v2\/users\/2"}],"replies":[{"embeddable":true,"href":"https:\/\/www.sportchaco.com.ar\/index.php?rest_route=%2Fwp%2Fv2%2Fcomments&post=28380"}],"version-history":[{"count":4,"href":"https:\/\/www.sportchaco.com.ar\/index.php?rest_route=\/wp\/v2\/posts\/28380\/revisions"}],"predecessor-version":[{"id":28441,"href":"https:\/\/www.sportchaco.com.ar\/index.php?rest_route=\/wp\/v2\/posts\/28380\/revisions\/28441"}],"wp:featuredmedia":[{"embeddable":true,"href":"https:\/\/www.sportchaco.com.ar\/index.php?rest_route=\/wp\/v2\/media\/28382"}],"wp:attachment":[{"href":"https:\/\/www.sportchaco.com.ar\/index.php?rest_route=%2Fwp%2Fv2%2Fmedia&parent=28380"}],"wp:term":[{"taxonomy":"category","embeddable":true,"href":"https:\/\/www.sportchaco.com.ar\/index.php?rest_route=%2Fwp%2Fv2%2Fcategories&post=28380"},{"taxonomy":"post_tag","embeddable":true,"href":"https:\/\/www.sportchaco.com.ar\/index.php?rest_route=%2Fwp%2Fv2%2Ftags&post=28380"}],"curies":[{"name":"wp","href":"https:\/\/api.w.org\/{rel}","templated":true}]}}