{"id":28425,"date":"2025-11-10T23:18:38","date_gmt":"2025-11-11T02:18:38","guid":{"rendered":"https:\/\/www.sportchaco.com.ar\/?p=28425"},"modified":"2025-11-10T23:18:37","modified_gmt":"2025-11-11T02:18:37","slug":"efemerides-del-11-de-noviembre-3","status":"publish","type":"post","link":"https:\/\/www.sportchaco.com.ar\/?p=28425","title":{"rendered":"Efem\u00e9rides del 11 de noviembre"},"content":{"rendered":"<div class=\"container fullwidth-entry-title-wrapper\">\n<div class=\"container-wrapper fullwidth-entry-title\">\n<header class=\"entry-header-outer\">\n<div class=\"entry-header\">\n<h1 class=\"post-title entry-title\">Efem\u00e9rides del 11 de noviembre<\/h1>\n<div class=\"single-post-meta post-meta clearfix\"><\/div>\n<\/div>\n<\/header>\n<\/div>\n<\/div>\n<div id=\"content\" class=\"site-content container\">\n<div id=\"main-content-row\" class=\"tie-row main-content-row\">\n<div class=\"main-content tie-col-md-8 tie-col-xs-12\" role=\"main\">\n<article id=\"the-post\" class=\"container-wrapper post-content tie-standard\">\n<div class=\"featured-area\">\n<div class=\"featured-area-inner\"><\/div>\n<\/div>\n<div class=\"entry-content entry clearfix\">\n<h5><strong>Esta es la Efem\u00e9rides del Deporte en el Chaco de un 11 de noviembre del periodista Luis Dar\u00edo Molodezky.<\/strong><\/h5>\n<p><img loading=\"lazy\" decoding=\"async\" class=\"alignnone size-medium wp-image-28134 aligncenter\" src=\"https:\/\/www.sportchaco.com.ar\/wp-content\/uploads\/2025\/11\/Luis-Dario-11-08-2025-3-COPIA-300x229.jpeg\" alt=\"\" width=\"300\" height=\"229\" srcset=\"https:\/\/www.sportchaco.com.ar\/wp-content\/uploads\/2025\/11\/Luis-Dario-11-08-2025-3-COPIA-300x229.jpeg 300w, https:\/\/www.sportchaco.com.ar\/wp-content\/uploads\/2025\/11\/Luis-Dario-11-08-2025-3-COPIA-768x586.jpeg 768w, https:\/\/www.sportchaco.com.ar\/wp-content\/uploads\/2025\/11\/Luis-Dario-11-08-2025-3-COPIA.jpeg 859w\" sizes=\"auto, (max-width: 300px) 100vw, 300px\" \/><\/p>\n<p>&nbsp;<\/p>\n<p><strong>1911 \/<\/strong>\u00a0Nace el Tiro Federal \u201cManuel Obligado\u201d. Su primer presidente fue el capit\u00e1n Arbo y Blanco, que a menos de un a\u00f1o de su fundaci\u00f3n presenta su renuncia, asumiendo el vecino de Resistencia Rodolfo Gabardini. En 1960 se inaugura el nuevo pol\u00edgono en Avenida Chaco y Avenida JJ Castelli. En 1964, el Ej\u00e9rcito Argentino construy\u00f3 las instalaciones para completar lo que despu\u00e9s fue considerado el pol\u00edgono de tiro m\u00e1s segura del pa\u00eds.\u00a0 Aquel espectacular edificio comenz\u00f3 a sufrir con una llamativa y misteriosa destrucci\u00f3n a partir del a\u00f1o 2001. Hoy es un espacio de recreaci\u00f3n publica y un magn\u00edfico parque, pero lamentablemente no era el objetivo, ni el uso que deb\u00eda tener.<\/p>\n<p><strong>1947\u00a0<\/strong>\/ Debuta como jugador de Hind\u00fa, Jorge Ram\u00f3n Alberto L\u00f3pez, conocido como\u00a0<em>El Abuelo\u00a0<\/em>en Corrientes, donde fue jugador, t\u00e9cnico y dirigente. Nacido en Pampa del Indio (Chaco), en abril de 1937, jug\u00f3 al b\u00e1squet desde muy chico y pas\u00f3 por todas las inferiores del Hind\u00fa. Se radic\u00f3 junto a sus padres en Corrientes donde complet\u00f3 su exitosa carrera.<\/p>\n<p><strong>1959\u00a0<\/strong>\/ Don Bosco se consagra campe\u00f3n del Torneo Oficial de la Asociaci\u00f3n de B\u00e1squetbol de Resistencia. Vence, en el \u00faltimo cotejo, a Athletic Barranqueras por 69 a 51.<\/p>\n<p><strong>1957\u00a0<\/strong>\/ El A. R. Toba, de Gral. San Mart\u00edn, se clasifica campe\u00f3n de la Liga del Norte pese a perder en la \u00faltima fecha con Sportivo Zapallar por 4 a 3.<\/p>\n<p><strong>1973 \/<\/strong>\u00a0En la ciudad de Presidencia Roque S\u00e1enz Pe\u00f1a, fue inaugurada la primera \u00abEscuela de Vuelos sin Motor\u00bb en la Provincia. La Escuela inicialmente contaba con un avi\u00f3n apodado \u00abRanquel\u00bb y tenia como instructor al sr. Juan Jos\u00e9 Aparizzio.<\/p>\n<p><strong>1977\u00a0<\/strong>\/ Domingo D\u2019El\u00eda se consagra campe\u00f3n argentino de los pesos pesados, al derrotar por puntos en doce asaltos a Ra\u00fal Gorosito, pelea realizada en Villa San Mart\u00edn.<\/p>\n<p><strong>1977<\/strong>\u00a0\/ Nace una nueva Categor\u00eda en nuestro Zonal \u00bb F\u00d3RMULA RENAULT CHAQUE\u00d1A\u00bb. Estuvieron a cargo la presentaci\u00f3n en el concesionario Centro Automotores S.A. de Resistencia, los presidentes de la Federaci\u00f3n Regional de automovilismo Zonal 7, Tom\u00e1s Pancho Arce y de la Asociaci\u00f3n de Volantes del Nordeste, Miguel Rabino. La AVN encar\u00f3 decididamente la llegada de estos f\u00f3rmulas facilitando a todos los interesados la adquisici\u00f3n de los mismos ya que por su intermedio realizar\u00edan todos los tr\u00e1mites necesarios. (Constructor Tulio Crespi)<\/p>\n<p><strong>2006\u00a0<\/strong>\/ En la sexta edici\u00f3n del Torneo Nacional de Caza, desarrollado en Santa Sylvina, el villangelense Fabi\u00e1n Vrobel con 40 palomas, se consagra ganador individual, mientras que por equipos se impuso el equipo de Las Charatas, conformado por Eduardo S\u00e1nchez, Wilson S\u00e1nchez y Mario Gort, con 117 palomas (Charata).<\/p>\n<p>&nbsp;<\/p>\n<p><strong><a href=\"https:\/\/www.facebook.com\/photo\/?fbid=10214823847490367&amp;set=pcb.2372942452762642&amp;__cft__%5b0%5d=AZWCZNmjwi0tP9ed5sEqIR8WllUPYCvO5k8JdxwAxXmvahu17QCP4at9dy4CfVbOeH8Tz2K0l9XXVQSp06O7MfCODaCGlQu9SiQKwB27VKiUQZwoq7hp2aUTLLX_WpAHivTgL38MNRzBEGcMA4V7lOWjVLGuTXDgNnJ9-8N2PCXKewKH8UPFtj4bMSanOTXJ6jM\">Portada: Presentaci\u00f3n de los primeros FR Chaque\u00f1a el 11 de noviembre de 1977<\/a><\/strong><\/p>\n<div class=\"post-bottom-meta post-bottom-edit\">\n<div class=\"post-bottom-meta-title\"><\/div>\n<\/div>\n<\/div>\n<\/article>\n<\/div>\n<\/div>\n<\/div>\n","protected":false},"excerpt":{"rendered":"<p>Efem\u00e9rides del 11 de noviembre Esta es la Efem\u00e9rides del Deporte en el Chaco de un 11 de noviembre del periodista Luis Dar\u00edo Molodezky. &nbsp; 1911 \/\u00a0Nace el Tiro Federal \u201cManuel Obligado\u201d. Su primer presidente fue el capit\u00e1n Arbo y Blanco, que a menos de un a\u00f1o de su fundaci\u00f3n presenta su renuncia, asumiendo el &hellip;<\/p>\n","protected":false},"author":2,"featured_media":28426,"comment_status":"open","ping_status":"open","sticky":false,"template":"","format":"standard","meta":{"footnotes":""},"categories":[45,41],"tags":[],"class_list":["post-28425","post","type-post","status-publish","format-standard","has-post-thumbnail","hentry","category-efemerides-dia-por-dia","category-noviembre"],"_links":{"self":[{"href":"https:\/\/www.sportchaco.com.ar\/index.php?rest_route=\/wp\/v2\/posts\/28425","targetHints":{"allow":["GET"]}}],"collection":[{"href":"https:\/\/www.sportchaco.com.ar\/index.php?rest_route=\/wp\/v2\/posts"}],"about":[{"href":"https:\/\/www.sportchaco.com.ar\/index.php?rest_route=\/wp\/v2\/types\/post"}],"author":[{"embeddable":true,"href":"https:\/\/www.sportchaco.com.ar\/index.php?rest_route=\/wp\/v2\/users\/2"}],"replies":[{"embeddable":true,"href":"https:\/\/www.sportchaco.com.ar\/index.php?rest_route=%2Fwp%2Fv2%2Fcomments&post=28425"}],"version-history":[{"count":2,"href":"https:\/\/www.sportchaco.com.ar\/index.php?rest_route=\/wp\/v2\/posts\/28425\/revisions"}],"predecessor-version":[{"id":28428,"href":"https:\/\/www.sportchaco.com.ar\/index.php?rest_route=\/wp\/v2\/posts\/28425\/revisions\/28428"}],"wp:featuredmedia":[{"embeddable":true,"href":"https:\/\/www.sportchaco.com.ar\/index.php?rest_route=\/wp\/v2\/media\/28426"}],"wp:attachment":[{"href":"https:\/\/www.sportchaco.com.ar\/index.php?rest_route=%2Fwp%2Fv2%2Fmedia&parent=28425"}],"wp:term":[{"taxonomy":"category","embeddable":true,"href":"https:\/\/www.sportchaco.com.ar\/index.php?rest_route=%2Fwp%2Fv2%2Fcategories&post=28425"},{"taxonomy":"post_tag","embeddable":true,"href":"https:\/\/www.sportchaco.com.ar\/index.php?rest_route=%2Fwp%2Fv2%2Ftags&post=28425"}],"curies":[{"name":"wp","href":"https:\/\/api.w.org\/{rel}","templated":true}]}}