{"id":28442,"date":"2025-11-10T10:57:46","date_gmt":"2025-11-10T13:57:46","guid":{"rendered":"https:\/\/www.sportchaco.com.ar\/?p=28442"},"modified":"2025-11-10T23:31:05","modified_gmt":"2025-11-11T02:31:05","slug":"28442","status":"publish","type":"post","link":"https:\/\/www.sportchaco.com.ar\/?p=28442","title":{"rendered":"Conradi, en la Clase 2, y Romaniuk en la 3, los campeones del Zonal en Charata"},"content":{"rendered":"<header>\n<h1><\/h1>\n<h1><span style=\"font-size: 16px; font-weight: 400;\">El automovilismo chaque\u00f1o cerr\u00f3 su temporada con un interesante espect\u00e1culo que permiti\u00f3 consagrar a los ganadores de los t\u00edtulos. <\/span><\/h1>\n<h5>Se disput\u00f3 la \u00faltima fecha del Zonal Chaque\u00f1o en el aut\u00f3dromo de Charata, con una jornada cargada de emoci\u00f3n y expectativa por las definiciones de los campeonatos de la Clase 2 y del TC Chaque\u00f1o.Conradi, en la Clase 2, y Romaniuk en la 3, los campeones del Zonal en Charata<\/h5>\n<\/header>\n<section class=\"body\">\n<section class=\"content\">\n<div class=\"main-text\">\n<div class=\" large m_image\">\n<figure><picture><source srcset=\"https:\/\/www.diarionorte.com\/content\/bucket\/8\/435588w790h521c.jpg.webp\" type=\"image\/webp\" media=\"(min-width: 640px)\" \/><source srcset=\"https:\/\/www.diarionorte.com\/content\/bucket\/8\/435588w440h290c.jpg.webp\" type=\"image\/webp\" media=\"(min-width: 300px)\" \/><source srcset=\"https:\/\/www.diarionorte.com\/content\/bucket\/8\/435588w790h521c.jpg\" media=\"(min-width: 300px)\" \/><img loading=\"lazy\" decoding=\"async\" class=\"pic\" src=\"https:\/\/www.diarionorte.com\/content\/bucket\/8\/435588w790h521c.jpg.webp\" alt=\"\" width=\"790\" height=\"521\" \/><\/picture><figcaption>Rolando Conradi, festeja su segundo puesto de la final de la Clase 2 que le sirvi\u00f3 para asegurarse el t\u00edtulo de la temporada.<\/figcaption><\/figure>\n<\/div>\n<p>La actividad comenz\u00f3 con cielo algo nublado y temperatura agradable. En los primeros minutos del d\u00eda se realiz\u00f3 un sentido homenaje a Rub\u00e9n \u00abCoco\u00bb Gauna, dirigente del Charata Auto Club, quien falleci\u00f3 d\u00edas atr\u00e1s dejando un gran vac\u00edo en la familia del automovilismo chaque\u00f1o.<\/p>\n<p>En la final de la Clase 1, la victoria fue para Flavio Melgratti, que domin\u00f3 de principio a fin con su Gordini.<\/p>\n<p>En la Clase 2 la victoria fue de Tom\u00e1s Bergallo, de principio a fin, escoltado por Rolando Conradi, quien se adjudic\u00f3 la corona de la categor\u00eda.<\/p>\n<p>En el TC Chaque\u00f1a se registr\u00f3 una atractiva lucha entre Nelson Romaniuk, Nicol\u00e1s Parij y Nelson Frontalini. Sin embargo, el primero se asegur\u00f3 el t\u00edtulo en la serie.<\/p>\n<p><strong>Series clasificatorias<\/strong><\/p>\n<p>La Clase 1 tuvo una sola serie, ganada por Juan Pablo Havran, mientras que la Clase 2 disput\u00f3 dos parciales muy intensos:<\/p>\n<p>La primera serie fue para Tom\u00e1s Bergallo, que se impuso de manera contundente.<\/p>\n<p>La segunda qued\u00f3 en manos de Lucciano Carlisi, en una competencia accidentada donde los m\u00e1s perjudicados fueron los aspirantes al t\u00edtulo Roly L\u00f3pez y Daniel Mendoza.<\/p>\n<p>En tanto, Facundo Garc\u00eda fue excluido parcialmente por maniobra peligrosa.<\/p>\n<p>El TC Chaque\u00f1o tuvo una \u00fanica serie, ganada por el local Nelson Frontalini ante su p\u00fablico.<\/p>\n<p><strong>Finales<\/strong><\/p>\n<p>En la final de la Clase 1, la victoria fue para Flavio Melgratti, que domin\u00f3 de principio a fin con su Gordini. Segundo se ubic\u00f3 Juan Pablo Havran y tercero Fabi\u00e1n Perduk. Cuarto fue Marcos Langkilde, resultado que le permiti\u00f3 asegurarse el subcampeonato, y quinto Octavio Aguado.<\/p>\n<p>La Clase 2 entreg\u00f3 una final vibrante, con m\u00faltiples golpes de escena y maniobras al l\u00edmite. El triunfo fue para Tom\u00e1s Bergallo, quien lider\u00f3 de punta a punta con gran ritmo. Detr\u00e1s arrib\u00f3 Rolando Conradi, quien con ese resultado se consagr\u00f3 campe\u00f3n de la Clase 2. Complet\u00f3 el podio Lucciano Carlisi, cerrando un excelente fin de semana para el piloto local.<\/p>\n<p>Durante la carrera hubo momentos de m\u00e1xima tensi\u00f3n entre Conradi, Mourglia, L\u00f3pez y Garc\u00eda, e incluso Roly L\u00f3pez fue excluido por una maniobra peligrosa sobre Facundo Garc\u00eda.<\/p>\n<p>Por su parte, en el TC Chaque\u00f1o, la victoria en la final fue para Nelson Romaniuk, tras una apasionante batalla en pista con Nicol\u00e1s Parij y Nelson Frontalini. Romaniuk ya hab\u00eda asegurado el t\u00edtulo en la serie, coronando una gran temporada junto con el Lovey Competicion de Machagai. Fuente Diario Norte<\/p>\n<\/div>\n<\/section>\n<\/section>\n<p><img loading=\"lazy\" decoding=\"async\" class=\"alignnone wp-image-28444\" src=\"https:\/\/www.sportchaco.com.ar\/wp-content\/uploads\/2025\/11\/Charata-3-300x139.jpg\" alt=\"\" width=\"276\" height=\"128\" srcset=\"https:\/\/www.sportchaco.com.ar\/wp-content\/uploads\/2025\/11\/Charata-3-300x139.jpg 300w, https:\/\/www.sportchaco.com.ar\/wp-content\/uploads\/2025\/11\/Charata-3-1024x474.jpg 1024w, https:\/\/www.sportchaco.com.ar\/wp-content\/uploads\/2025\/11\/Charata-3-768x355.jpg 768w, https:\/\/www.sportchaco.com.ar\/wp-content\/uploads\/2025\/11\/Charata-3-1536x710.jpg 1536w, https:\/\/www.sportchaco.com.ar\/wp-content\/uploads\/2025\/11\/Charata-3-2048x947.jpg 2048w\" sizes=\"auto, (max-width: 276px) 100vw, 276px\" \/> <img loading=\"lazy\" decoding=\"async\" class=\"alignnone wp-image-28445\" src=\"https:\/\/www.sportchaco.com.ar\/wp-content\/uploads\/2025\/11\/charata-2-300x229.jpg\" alt=\"\" width=\"252\" height=\"192\" srcset=\"https:\/\/www.sportchaco.com.ar\/wp-content\/uploads\/2025\/11\/charata-2-300x229.jpg 300w, https:\/\/www.sportchaco.com.ar\/wp-content\/uploads\/2025\/11\/charata-2-1024x783.jpg 1024w, https:\/\/www.sportchaco.com.ar\/wp-content\/uploads\/2025\/11\/charata-2-768x587.jpg 768w, https:\/\/www.sportchaco.com.ar\/wp-content\/uploads\/2025\/11\/charata-2.jpg 1200w\" sizes=\"auto, (max-width: 252px) 100vw, 252px\" \/> <img loading=\"lazy\" decoding=\"async\" class=\"alignnone wp-image-28446\" src=\"https:\/\/www.sportchaco.com.ar\/wp-content\/uploads\/2025\/11\/charata-1-300x222.jpg\" alt=\"\" width=\"231\" height=\"171\" srcset=\"https:\/\/www.sportchaco.com.ar\/wp-content\/uploads\/2025\/11\/charata-1-300x222.jpg 300w, https:\/\/www.sportchaco.com.ar\/wp-content\/uploads\/2025\/11\/charata-1-1024x756.jpg 1024w, https:\/\/www.sportchaco.com.ar\/wp-content\/uploads\/2025\/11\/charata-1-768x567.jpg 768w, https:\/\/www.sportchaco.com.ar\/wp-content\/uploads\/2025\/11\/charata-1.jpg 1200w\" sizes=\"auto, (max-width: 231px) 100vw, 231px\" \/> <img loading=\"lazy\" decoding=\"async\" class=\"alignnone size-medium wp-image-28447\" src=\"https:\/\/www.sportchaco.com.ar\/wp-content\/uploads\/2025\/11\/Charata-5-300x139.jpg\" alt=\"\" width=\"300\" height=\"139\" srcset=\"https:\/\/www.sportchaco.com.ar\/wp-content\/uploads\/2025\/11\/Charata-5-300x139.jpg 300w, https:\/\/www.sportchaco.com.ar\/wp-content\/uploads\/2025\/11\/Charata-5-1024x473.jpg 1024w, https:\/\/www.sportchaco.com.ar\/wp-content\/uploads\/2025\/11\/Charata-5-768x355.jpg 768w, https:\/\/www.sportchaco.com.ar\/wp-content\/uploads\/2025\/11\/Charata-5-1536x709.jpg 1536w, https:\/\/www.sportchaco.com.ar\/wp-content\/uploads\/2025\/11\/Charata-5-2048x946.jpg 2048w\" sizes=\"auto, (max-width: 300px) 100vw, 300px\" \/><\/p>\n<div dir=\"auto\">AUTOMOVILISMO CHAQUE\u00d1O: CHARATA<\/div>\n<div dir=\"auto\">FESTEJO DEL RV RACING EN LA CLASE 2 CON EL TRIUNFO EN ESTA \u00daLTIMA FECHA DEL SAENZPE\u00d1ENSE TOMAS BERGALLO, Y ALEGR\u00cdA DEL LOCAL LUCIANO CARLISI LLEGANDO 3\u00b0 Y UN CONRRADI QUE LOGRA EL T\u00cdTULO DE CAMPE\u00d3N. Fuente MOTOR ZONAL<\/div>\n<div dir=\"auto\"><img decoding=\"async\" src=\"https:\/\/scontent.fcnq2-2.fna.fbcdn.net\/v\/t39.30808-6\/577909530_1304678575005734_3801013268828783382_n.jpg?_nc_cat=103&amp;ccb=1-7&amp;_nc_sid=833d8c&amp;_nc_eui2=AeGiJP_G6fbxtGg1a53gcOOCu4QPk4_AR5K7hA-Tj8BHkl4mxsOAvoBXx_Rk3EHjjuI&amp;_nc_ohc=vs3l3FO0Pm0Q7kNvwESUTNR&amp;_nc_oc=AdmMn3IfUqlRwA9Ah7IvxembZapRm8fJX6y_WrVziomEllUth-YJYrqs3OpuiLMfB_4&amp;_nc_zt=23&amp;_nc_ht=scontent.fcnq2-2.fna&amp;_nc_gid=qZa3rNYi_KrfdgTGyZsmQA&amp;oh=00_Afj-_cISk8HsXEoid2Y7oDi1r9a0fYpdhIAJovMF-9vM-w&amp;oe=69186C1C\" alt=\"Puede ser una imagen de texto que dice &quot;ZONAL CHAQUE\u00d1O 8VA FECHA CHAQUE\u00d1O CLASIFICACION crono nea Clasificaci\u00f3n \uff087\uff1a00 Tiempo) iniciado Pos. AUT. ENRIQUE &quot;GRINGO&quot; DIONISI 3,388 km Clasificado por mejor tiempo de vuelta 18:10:11 4 8\/11\/2025 15:00 45 93 5 resp. N\u00b0 Nombre ROMANIUK, NELSON FRONTALINI, NELSON PARIJ, NICOLAS RAMON, JAVIER DEPPELER, ABEL KALIN, JULIO COLLADO, JAVIER JARA DANIEL SARTOR, JOSE ALBERTO 0.308 0.456 Mejor Tm 1:40.988 1:41.296 1:41.444 1:42.961 1:43.130 1:43.977 1:48.699 1:56.079 29 999 9 73 1.973 0.308 0.148 1.517 0.169 0.847 4.722 7.380 En Vuelta Localidad VILLA ANGELA CHARATA SAENZ PE\u00d1A GENERAL BELGRANO VILLA ANGELA VILLA ANGELA CHARATA LAS BRE\u00d1AS CHARATA 2.989 7.711 15.091&quot;\" \/><\/div>\n<div dir=\"auto\"><img decoding=\"async\" src=\"https:\/\/scontent.fcnq2-2.fna.fbcdn.net\/v\/t39.30808-6\/577927350_1304678621672396_5104568322435079264_n.jpg?_nc_cat=111&amp;ccb=1-7&amp;_nc_sid=833d8c&amp;_nc_eui2=AeHkyXRwQUmW2IWhXsQtF9DiQgUn2BxSMPFCBSfYHFIw8XVRPYTLrDPDit6n8qMz1CY&amp;_nc_ohc=iPSYpcafUBwQ7kNvwHQQaE5&amp;_nc_oc=AdmMdNnSXl1aampqbCYOFi0rtR1aS4TQb7ovIFXAxAoNz1y3jRTODwi3CmBy-KkcPVY&amp;_nc_zt=23&amp;_nc_ht=scontent.fcnq2-2.fna&amp;_nc_gid=YU2rEGaaW_aZF93RvUkn5g&amp;oh=00_AfjRyF399W0e6yMpEFFlcsPIiFnpLI9w-Yy5ebpsIYUUAw&amp;oe=6918581E\" alt=\"Puede ser una imagen de texto que dice &quot;ZONAL CHAQUE\u00d1O 8VA FECHA CLASIFICACION crono nea Clasificaci\u00f3n (7:00 Tiempo) iniciado Clasificado ENRIQUE &quot;GRINGO&quot; DIONISI 3,388 17:19\uff1a32 mejor tiempo de vuelta 8\/11\/2025 14:00 Mejor 55 122 61 Nombre 144 BERGALLO, TOMAS MENDOZA, DANIEL CONRRADI, ROLANDO FACUNDO MOURGLIA, JUAN MANUEL LOPEZ, ROLY ORSOLINI, CRISTIAN VERZA, GUSTAVO REDEL, DAVID CARLISI, LUCCIANO 0.493 0.543 0.550 1.048 0.493 0.050 En Vuelta Localidad SAENZ PE\u00d1A CHARATA CHARATA CHARATA VILLA ANGELA CHARATA 86 518 1:48.795 0.038 1:50.354 2.243 2.759 3.802 3.808 25 0.516 IVANOVICH, IVAN &quot;TITO&quot; STRUCIAT, MARIO MEHECHEN, JUAN CARLOS 8.150 9.743 SAENZ PE\u00d1A JUAN JOSE CASTELLI CHARATA PINEDO MACHAGAI QUITILIPI MACHAGAI 3.467 1.593&quot;\" \/><\/div>\n<div dir=\"auto\"><img decoding=\"async\" src=\"https:\/\/scontent.fcnq2-1.fna.fbcdn.net\/v\/t39.30808-6\/577562752_1304678535005738_1850194967439854902_n.jpg?_nc_cat=105&amp;ccb=1-7&amp;_nc_sid=833d8c&amp;_nc_eui2=AeEWUm7JPXbxMUeaH7IIQMG7fWQfQBBe-w99ZB9AEF77D_Y6CUtnmgwLV_vDL61gpBg&amp;_nc_ohc=sXBUZ-6kJ5QQ7kNvwEzZ6yi&amp;_nc_oc=Adnmbv8fhIlHL0sxTRK51pSVbcSQEe9sve3LnqDHjWypJNJQs17yFYuLI0A6lxX85nw&amp;_nc_zt=23&amp;_nc_ht=scontent.fcnq2-1.fna&amp;_nc_gid=u1zUZWcmczkjymTs1QbuHg&amp;oh=00_AfgPkW7LoynB9tft4Z1xaOFdKy7jaMG4VB64o7oN9j1GMg&amp;oe=69188403\" alt=\"Puede ser una imagen de texto\" \/><\/div>\n<div dir=\"auto\"><\/div>\n","protected":false},"excerpt":{"rendered":"<p>El automovilismo chaque\u00f1o cerr\u00f3 su temporada con un interesante espect\u00e1culo que permiti\u00f3 consagrar a los ganadores de los t\u00edtulos. Se disput\u00f3 la \u00faltima fecha del Zonal Chaque\u00f1o en el aut\u00f3dromo de Charata, con una jornada cargada de emoci\u00f3n y expectativa por las definiciones de los campeonatos de la Clase 2 y del TC Chaque\u00f1o.Conradi, en &hellip;<\/p>\n","protected":false},"author":2,"featured_media":28443,"comment_status":"open","ping_status":"open","sticky":false,"template":"","format":"standard","meta":{"footnotes":""},"categories":[2],"tags":[],"class_list":["post-28442","post","type-post","status-publish","format-standard","has-post-thumbnail","hentry","category-automovilismo"],"_links":{"self":[{"href":"https:\/\/www.sportchaco.com.ar\/index.php?rest_route=\/wp\/v2\/posts\/28442","targetHints":{"allow":["GET"]}}],"collection":[{"href":"https:\/\/www.sportchaco.com.ar\/index.php?rest_route=\/wp\/v2\/posts"}],"about":[{"href":"https:\/\/www.sportchaco.com.ar\/index.php?rest_route=\/wp\/v2\/types\/post"}],"author":[{"embeddable":true,"href":"https:\/\/www.sportchaco.com.ar\/index.php?rest_route=\/wp\/v2\/users\/2"}],"replies":[{"embeddable":true,"href":"https:\/\/www.sportchaco.com.ar\/index.php?rest_route=%2Fwp%2Fv2%2Fcomments&post=28442"}],"version-history":[{"count":4,"href":"https:\/\/www.sportchaco.com.ar\/index.php?rest_route=\/wp\/v2\/posts\/28442\/revisions"}],"predecessor-version":[{"id":28490,"href":"https:\/\/www.sportchaco.com.ar\/index.php?rest_route=\/wp\/v2\/posts\/28442\/revisions\/28490"}],"wp:featuredmedia":[{"embeddable":true,"href":"https:\/\/www.sportchaco.com.ar\/index.php?rest_route=\/wp\/v2\/media\/28443"}],"wp:attachment":[{"href":"https:\/\/www.sportchaco.com.ar\/index.php?rest_route=%2Fwp%2Fv2%2Fmedia&parent=28442"}],"wp:term":[{"taxonomy":"category","embeddable":true,"href":"https:\/\/www.sportchaco.com.ar\/index.php?rest_route=%2Fwp%2Fv2%2Fcategories&post=28442"},{"taxonomy":"post_tag","embeddable":true,"href":"https:\/\/www.sportchaco.com.ar\/index.php?rest_route=%2Fwp%2Fv2%2Ftags&post=28442"}],"curies":[{"name":"wp","href":"https:\/\/api.w.org\/{rel}","templated":true}]}}