{"id":2847,"date":"2023-11-14T15:21:56","date_gmt":"2023-11-14T18:21:56","guid":{"rendered":"https:\/\/www.sportchaco.com.ar\/?p=2847"},"modified":"2023-11-14T15:21:56","modified_gmt":"2023-11-14T18:21:56","slug":"regional-se-quedo-sin-dt","status":"publish","type":"post","link":"https:\/\/www.sportchaco.com.ar\/?p=2847","title":{"rendered":"Regional se qued\u00f3 sin DT"},"content":{"rendered":"<p>Gustavo Vera se alej\u00f3 de la conducci\u00f3n t\u00e9cnica de Regional tras la ca\u00edda del domingo por 3 a 2 ante Social en Makall\u00e9, por la 3\u00aa fecha de la zona 9 (regi\u00f3n Litoral Norte) del torneo Regional Amateur de f\u00fatbol.<\/p>\n<p>El inicio del campeonato no fue bueno para el \u201cExpreso\u201d ya que cay\u00f3 por 3 a 1 ante Juventud en Tirol en el estreno; luego se recuper\u00f3 y venci\u00f3 de local 1-0 a Recreativo Toba de San Mart\u00edn; y el domingo se dio la citada derrota en Makall\u00e9. As\u00ed, el panorama qued\u00f3 muy dif\u00edcil para que el elenco de Villa Libertad pueda clasificar a segunda fase ya que pasa el primero de cada grupo y s\u00f3lo un segundo de once zonas de cuatro equipos.<\/p>\n<p>Del equipo ahora se hizo cargo Edgardo \u201cPatito\u201d Arce, que ven\u00eda dirigiendo la Tercera e hizo un buen torneo en el Federativo sub 18.<\/p>\n<p>El pr\u00f3ximo compromiso de Regional en el torneo Regional Amateur ser\u00e1 el s\u00e1bado 25 o domingo 26 cuando reciba a Juventud de Tirol.<\/p>\n<p><em><strong>Fuente:<\/strong><\/em> Entretiempo<\/p>\n","protected":false},"excerpt":{"rendered":"<p>Gustavo Vera se alej\u00f3 de la conducci\u00f3n t\u00e9cnica de Regional tras la ca\u00edda del domingo por 3 a 2 ante Social en Makall\u00e9, por la 3\u00aa fecha de la zona 9 (regi\u00f3n Litoral Norte) del torneo Regional Amateur de f\u00fatbol. El inicio del campeonato no fue bueno para el \u201cExpreso\u201d ya que cay\u00f3 por 3 &hellip;<\/p>\n","protected":false},"author":3,"featured_media":2848,"comment_status":"open","ping_status":"open","sticky":false,"template":"","format":"standard","meta":{"footnotes":""},"categories":[5],"tags":[],"class_list":["post-2847","post","type-post","status-publish","format-standard","has-post-thumbnail","hentry","category-futbol"],"_links":{"self":[{"href":"https:\/\/www.sportchaco.com.ar\/index.php?rest_route=\/wp\/v2\/posts\/2847","targetHints":{"allow":["GET"]}}],"collection":[{"href":"https:\/\/www.sportchaco.com.ar\/index.php?rest_route=\/wp\/v2\/posts"}],"about":[{"href":"https:\/\/www.sportchaco.com.ar\/index.php?rest_route=\/wp\/v2\/types\/post"}],"author":[{"embeddable":true,"href":"https:\/\/www.sportchaco.com.ar\/index.php?rest_route=\/wp\/v2\/users\/3"}],"replies":[{"embeddable":true,"href":"https:\/\/www.sportchaco.com.ar\/index.php?rest_route=%2Fwp%2Fv2%2Fcomments&post=2847"}],"version-history":[{"count":1,"href":"https:\/\/www.sportchaco.com.ar\/index.php?rest_route=\/wp\/v2\/posts\/2847\/revisions"}],"predecessor-version":[{"id":2849,"href":"https:\/\/www.sportchaco.com.ar\/index.php?rest_route=\/wp\/v2\/posts\/2847\/revisions\/2849"}],"wp:featuredmedia":[{"embeddable":true,"href":"https:\/\/www.sportchaco.com.ar\/index.php?rest_route=\/wp\/v2\/media\/2848"}],"wp:attachment":[{"href":"https:\/\/www.sportchaco.com.ar\/index.php?rest_route=%2Fwp%2Fv2%2Fmedia&parent=2847"}],"wp:term":[{"taxonomy":"category","embeddable":true,"href":"https:\/\/www.sportchaco.com.ar\/index.php?rest_route=%2Fwp%2Fv2%2Fcategories&post=2847"},{"taxonomy":"post_tag","embeddable":true,"href":"https:\/\/www.sportchaco.com.ar\/index.php?rest_route=%2Fwp%2Fv2%2Ftags&post=2847"}],"curies":[{"name":"wp","href":"https:\/\/api.w.org\/{rel}","templated":true}]}}