{"id":28499,"date":"2025-11-11T19:32:16","date_gmt":"2025-11-11T22:32:16","guid":{"rendered":"https:\/\/www.sportchaco.com.ar\/?p=28499"},"modified":"2025-11-11T19:32:16","modified_gmt":"2025-11-11T22:32:16","slug":"dos-triunfos-y-un-supendido-en-la-tarde-del-martes","status":"publish","type":"post","link":"https:\/\/www.sportchaco.com.ar\/?p=28499","title":{"rendered":"Dos triunfos y un supendido en la tarde del martes"},"content":{"rendered":"<p><strong>11-11-2025<\/strong><\/p>\n<p><img loading=\"lazy\" decoding=\"async\" class=\"aligncenter size-large wp-image-19472\" src=\"https:\/\/www.sportchaco.com.ar\/wp-content\/uploads\/2025\/05\/Red-de-empeleos-1200x200-1-1024x171.gif\" sizes=\"auto, (max-width: 1024px) 100vw, 1024px\" srcset=\"https:\/\/www.sportchaco.com.ar\/wp-content\/uploads\/2025\/05\/Red-de-empeleos-1200x200-1-1024x171.gif 1024w, https:\/\/www.sportchaco.com.ar\/wp-content\/uploads\/2025\/05\/Red-de-empeleos-1200x200-1-300x50.gif 300w, https:\/\/www.sportchaco.com.ar\/wp-content\/uploads\/2025\/05\/Red-de-empeleos-1200x200-1-768x128.gif 768w, https:\/\/www.sportchaco.com.ar\/wp-content\/uploads\/2025\/05\/Red-de-empeleos-1200x200-1-1536x256.gif 1536w, https:\/\/www.sportchaco.com.ar\/wp-content\/uploads\/2025\/05\/Red-de-empeleos-1200x200-1-2048x341.gif 2048w\" alt=\"\" width=\"1024\" height=\"171\" \/><\/p>\n<p>Este martes hubo continuidad de la 8\u00aa fecha del torneo Clausura de Primera Divisi\u00f3n de la Liga Chaque\u00f1a de F\u00fatbol.<\/p>\n<p>En la zona \u00abA\u00bb, en el \u00fanico partido que faltaba para completar la jornada, Municipal de Margarita Bel\u00e9n perdi\u00f3 de local ante Estudiantes por la m\u00ednima diferencia.<\/p>\n<p>En la zona \u00abB\u00bb, For Ever gole\u00f3 a Regional en la cancha del Centro de Empleados de Comercio y el duelo entre Villa Alvear y Defensores de Vilelas fue suspendido por incidentes con la parcialidad local.<\/p>\n<p>Este mi\u00e9rcoles, si el tiempo lo permite, se estar\u00edan completando las fechas 7 y 8 con los partidos entre Central Ben\u00edtez\u2013Resistencia Central (Zona \u00abA\u00bb) y Fontana-CUNE (Zona \u00abB\u00bb). Adem\u00e1s, iniciar\u00eda la 9\u00aa fecha con el cruce adelantado entre Policiales y San Mart\u00edn de Margarita Bel\u00e9n.<\/p>\n<p><strong>TORNEO CLAUSURA \u00abAM\u00c9RICO MAZZAFERRO\u00bb<br \/>\nPENDIENTE DE LA 7\u00aa FECHA<br \/>\n<\/strong><strong>ZONA \u00abA\u00bb<\/strong><br \/>\n<strong>Mi\u00e9rcoles 12-11<\/strong><br \/>\nA las 19, Central Ben\u00edtez \u2013 Resistencia Central<\/p>\n<p><strong>TODA LA 8\u00aa FECHA<br \/>\n<\/strong><strong>ZONA \u00abA\u00bb<br \/>\n<\/strong><strong>S\u00e1bado 08-11<\/strong><br \/>\nJuventud 0 \u2013 San Mart\u00edn (MB) 2<br \/>\nSarmiento 1 \u2013 Rcia. Central 2<br \/>\nDep. Luj\u00e1n 1 \u2013 Indep. Tirol 0<br \/>\nCentral Ben\u00edtez 2 \u2013 Bancarios 0<\/p>\n<p><strong>Martes 11-11<br \/>\n<\/strong>Municipal (MB) 0 \u2013 Estudiantes 1<\/p>\n<p><strong>Libre:<\/strong>\u00a0Policiales<\/p>\n<p><strong>ZONA \u00abB\u00bb<\/strong><br \/>\n<strong>S\u00e1bado 08-11<\/strong><br \/>\nDon Orione 5 \u2013 El Nacional 1<br \/>\nDep. Itat\u00ed 0 \u2013 Central Norte 0, en Estudiantes<\/p>\n<p><strong>Martes 11-11<\/strong><br \/>\nFor Ever 4 \u2013 Regional 1, en C. E. de Comercio<br \/>\nVilla Alvear \u2013 Defensores (<em>Suspendido por incidentes con la hincha)<\/em><\/p>\n<p><strong>Mi\u00e9rcoles 12-11<\/strong><br \/>\nA las 16:45, Fontana \u2013 CUNE<\/p>\n<p><strong>Libre:<\/strong>\u00a0Tiro FC<\/p>\n<p><strong>POSICIONES<\/strong><br \/>\n<strong>ZONA \u00abA\u00bb<\/strong><br \/>\nRcia. Central 16<br \/>\nJuventud 16<br \/>\nDep. Luj\u00e1n 16<br \/>\nEstudiantes 12<br \/>\nIndep. Tirol 11<br \/>\nSan Mart\u00edn (MB) 11<br \/>\nCentral Ben\u00edtez 9<br \/>\nMunicipal (MB) 5<br \/>\nPoliciales 4<br \/>\nBancarios 3<br \/>\nSarmiento 3<\/p>\n<p><strong>ZONA \u00abB\u00bb<\/strong><br \/>\nDon Orione 15<br \/>\nDefensores 14<br \/>\nDep. Itat\u00ed 14<br \/>\nFontana 12<br \/>\nRegional 12<br \/>\nCentral Norte 9<br \/>\nFor Ever 8<br \/>\nCUNE 7<br \/>\nVilla Alvear 7<br \/>\nEl Nacional 4<br \/>\nTiro FC 3<\/p>\n<p><em><strong>Foto: Gentileza Celena G\u00f3mez\u00a0<\/strong><\/em><\/p>\n<p><img loading=\"lazy\" decoding=\"async\" class=\"aligncenter size-large wp-image-17160\" src=\"https:\/\/www.sportchaco.com.ar\/wp-content\/uploads\/2025\/03\/gob-makalle-821x1024.jpg\" sizes=\"auto, (max-width: 821px) 100vw, 821px\" srcset=\"https:\/\/www.sportchaco.com.ar\/wp-content\/uploads\/2025\/03\/gob-makalle-821x1024.jpg 821w, https:\/\/www.sportchaco.com.ar\/wp-content\/uploads\/2025\/03\/gob-makalle-240x300.jpg 240w, https:\/\/www.sportchaco.com.ar\/wp-content\/uploads\/2025\/03\/gob-makalle-768x958.jpg 768w, https:\/\/www.sportchaco.com.ar\/wp-content\/uploads\/2025\/03\/gob-makalle-1231x1536.jpg 1231w, https:\/\/www.sportchaco.com.ar\/wp-content\/uploads\/2025\/03\/gob-makalle.jpg 1440w\" alt=\"\" width=\"821\" height=\"1024\" \/><\/p>\n","protected":false},"excerpt":{"rendered":"<p>11-11-2025 Este martes hubo continuidad de la 8\u00aa fecha del torneo Clausura de Primera Divisi\u00f3n de la Liga Chaque\u00f1a de F\u00fatbol. En la zona \u00abA\u00bb, en el \u00fanico partido que faltaba para completar la jornada, Municipal de Margarita Bel\u00e9n perdi\u00f3 de local ante Estudiantes por la m\u00ednima diferencia. En la zona \u00abB\u00bb, For Ever gole\u00f3 &hellip;<\/p>\n","protected":false},"author":3,"featured_media":28507,"comment_status":"open","ping_status":"open","sticky":false,"template":"","format":"standard","meta":{"footnotes":""},"categories":[5],"tags":[],"class_list":["post-28499","post","type-post","status-publish","format-standard","has-post-thumbnail","hentry","category-futbol"],"_links":{"self":[{"href":"https:\/\/www.sportchaco.com.ar\/index.php?rest_route=\/wp\/v2\/posts\/28499","targetHints":{"allow":["GET"]}}],"collection":[{"href":"https:\/\/www.sportchaco.com.ar\/index.php?rest_route=\/wp\/v2\/posts"}],"about":[{"href":"https:\/\/www.sportchaco.com.ar\/index.php?rest_route=\/wp\/v2\/types\/post"}],"author":[{"embeddable":true,"href":"https:\/\/www.sportchaco.com.ar\/index.php?rest_route=\/wp\/v2\/users\/3"}],"replies":[{"embeddable":true,"href":"https:\/\/www.sportchaco.com.ar\/index.php?rest_route=%2Fwp%2Fv2%2Fcomments&post=28499"}],"version-history":[{"count":3,"href":"https:\/\/www.sportchaco.com.ar\/index.php?rest_route=\/wp\/v2\/posts\/28499\/revisions"}],"predecessor-version":[{"id":28508,"href":"https:\/\/www.sportchaco.com.ar\/index.php?rest_route=\/wp\/v2\/posts\/28499\/revisions\/28508"}],"wp:featuredmedia":[{"embeddable":true,"href":"https:\/\/www.sportchaco.com.ar\/index.php?rest_route=\/wp\/v2\/media\/28507"}],"wp:attachment":[{"href":"https:\/\/www.sportchaco.com.ar\/index.php?rest_route=%2Fwp%2Fv2%2Fmedia&parent=28499"}],"wp:term":[{"taxonomy":"category","embeddable":true,"href":"https:\/\/www.sportchaco.com.ar\/index.php?rest_route=%2Fwp%2Fv2%2Fcategories&post=28499"},{"taxonomy":"post_tag","embeddable":true,"href":"https:\/\/www.sportchaco.com.ar\/index.php?rest_route=%2Fwp%2Fv2%2Ftags&post=28499"}],"curies":[{"name":"wp","href":"https:\/\/api.w.org\/{rel}","templated":true}]}}