{"id":28504,"date":"2025-11-11T19:44:24","date_gmt":"2025-11-11T22:44:24","guid":{"rendered":"https:\/\/www.sportchaco.com.ar\/?p=28504"},"modified":"2025-11-11T19:44:24","modified_gmt":"2025-11-11T22:44:24","slug":"el-yaguarete-verza-sumo-en-mendoza-un-nuevo-titulo","status":"publish","type":"post","link":"https:\/\/www.sportchaco.com.ar\/?p=28504","title":{"rendered":"El \u00abyaguaret\u00e9\u00bb Verza sum\u00f3 en Mendoza un nuevo t\u00edtulo"},"content":{"rendered":"<p><strong>11-11-2025<\/strong><\/p>\n<p><img loading=\"lazy\" decoding=\"async\" class=\"aligncenter size-large wp-image-20161\" src=\"https:\/\/www.sportchaco.com.ar\/wp-content\/uploads\/2025\/06\/BANNER-WEB-CHACO-JUEGA_720x90-1024x128.gif\" alt=\"\" width=\"1024\" height=\"128\" srcset=\"https:\/\/www.sportchaco.com.ar\/wp-content\/uploads\/2025\/06\/BANNER-WEB-CHACO-JUEGA_720x90-1024x128.gif 1024w, https:\/\/www.sportchaco.com.ar\/wp-content\/uploads\/2025\/06\/BANNER-WEB-CHACO-JUEGA_720x90-300x38.gif 300w, https:\/\/www.sportchaco.com.ar\/wp-content\/uploads\/2025\/06\/BANNER-WEB-CHACO-JUEGA_720x90-768x96.gif 768w\" sizes=\"auto, (max-width: 1024px) 100vw, 1024px\" \/><\/p>\n<p>El chaque\u00f1o Carlos Verza dio la nota en el cierre del Rally Raid \u00abLa Encrucijada\u00bb disputado por tierras mendocinas al lograr la consagraci\u00f3n como campe\u00f3n de la temporada en la especialidad\u00a0quads. De esta manera, el experimentado piloto con rodaje en pruebas nacionales e internacionales y en el atrapante Dakar que lo tuvo como protagonista en varias ediciones vuelve a inscribir su nombre entre los ganadores de un valioso t\u00edtulo.<\/p>\n<p>Fueron tres d\u00edas de prueba intensa y de riesgo entre 90 competidores divididos en las especialidades quads, motos, autos, UTV y arenerea, que le dieron marco a la \u00faltima fecha del reconocido rally que tuvo su coronaci\u00f3n en General Alvear (Mendoza) por d\u00e9cimo a\u00f1o consecutivo.<\/p>\n<p>El a\u00f1o deportivo de Verza estuvo signado por la ardua pelea en este certamen de exigencia porque pudo marcar la diferencia reci\u00e9n en la fecha definitiva entre 19 quads. El \u00abYaguaret\u00e9\u00bb al finalizar la competencia declar\u00f3 estar muy contento: \u00abFue una carrera muy intensa donde hubo mucha navegaci\u00f3n, dunas y los r\u00edos secos con muchas piedras pero feliz coronando con el campeo\u2011 nato\u00bb.<\/p>\n<p>Agradeci\u00f3 a sus sponsors, tanto privados como al gobierno que gracias a la Ley de Sponsorizaci\u00f3n puede estar representando al Chaco en quads, moto y en camioneta en las distintas competencias de Rally Raid.<\/p>\n<p>En tanto el organizador del Rally \u00abLa Encrucijada\u00bb, Hugo Balada, expres\u00f3 a los medios su satisfacci\u00f3n por el resultado de la competencia: \u00abEstoy m\u00e1s que conforme, estuvieron corredores que ven\u00edan de participar en Marruecos, como Carlos Verza, campe\u00f3n en cuatri\u2011 ciclos, y Santiago Rostan, subcampe\u00f3n. Ambos nos dijeron que cada vez que haya una carrera en Alvear van a venir, porque es un lugar fant\u00e1stico. No tiene nada que envidiarle a una etapa del Dakar o de la Ruta 40\u00bb, finaliz\u00f3.<\/p>\n<p><em><strong>Fuente: Diario NORTE<\/strong><\/em><\/p>\n<p><img loading=\"lazy\" decoding=\"async\" class=\"aligncenter size-large wp-image-20149\" src=\"https:\/\/www.sportchaco.com.ar\/wp-content\/uploads\/2025\/06\/Chaco-sin-fuego-1080x1350-3-819x1024.gif\" alt=\"\" width=\"819\" height=\"1024\" srcset=\"https:\/\/www.sportchaco.com.ar\/wp-content\/uploads\/2025\/06\/Chaco-sin-fuego-1080x1350-3-819x1024.gif 819w, https:\/\/www.sportchaco.com.ar\/wp-content\/uploads\/2025\/06\/Chaco-sin-fuego-1080x1350-3-240x300.gif 240w, https:\/\/www.sportchaco.com.ar\/wp-content\/uploads\/2025\/06\/Chaco-sin-fuego-1080x1350-3-768x960.gif 768w, https:\/\/www.sportchaco.com.ar\/wp-content\/uploads\/2025\/06\/Chaco-sin-fuego-1080x1350-3-1229x1536.gif 1229w, https:\/\/www.sportchaco.com.ar\/wp-content\/uploads\/2025\/06\/Chaco-sin-fuego-1080x1350-3-1638x2048.gif 1638w\" sizes=\"auto, (max-width: 819px) 100vw, 819px\" \/><\/p>\n","protected":false},"excerpt":{"rendered":"<p>11-11-2025 El chaque\u00f1o Carlos Verza dio la nota en el cierre del Rally Raid \u00abLa Encrucijada\u00bb disputado por tierras mendocinas al lograr la consagraci\u00f3n como campe\u00f3n de la temporada en la especialidad\u00a0quads. De esta manera, el experimentado piloto con rodaje en pruebas nacionales e internacionales y en el atrapante Dakar que lo tuvo como protagonista &hellip;<\/p>\n","protected":false},"author":3,"featured_media":28505,"comment_status":"open","ping_status":"open","sticky":false,"template":"","format":"standard","meta":{"footnotes":""},"categories":[49],"tags":[],"class_list":["post-28504","post","type-post","status-publish","format-standard","has-post-thumbnail","hentry","category-rally"],"_links":{"self":[{"href":"https:\/\/www.sportchaco.com.ar\/index.php?rest_route=\/wp\/v2\/posts\/28504","targetHints":{"allow":["GET"]}}],"collection":[{"href":"https:\/\/www.sportchaco.com.ar\/index.php?rest_route=\/wp\/v2\/posts"}],"about":[{"href":"https:\/\/www.sportchaco.com.ar\/index.php?rest_route=\/wp\/v2\/types\/post"}],"author":[{"embeddable":true,"href":"https:\/\/www.sportchaco.com.ar\/index.php?rest_route=\/wp\/v2\/users\/3"}],"replies":[{"embeddable":true,"href":"https:\/\/www.sportchaco.com.ar\/index.php?rest_route=%2Fwp%2Fv2%2Fcomments&post=28504"}],"version-history":[{"count":1,"href":"https:\/\/www.sportchaco.com.ar\/index.php?rest_route=\/wp\/v2\/posts\/28504\/revisions"}],"predecessor-version":[{"id":28506,"href":"https:\/\/www.sportchaco.com.ar\/index.php?rest_route=\/wp\/v2\/posts\/28504\/revisions\/28506"}],"wp:featuredmedia":[{"embeddable":true,"href":"https:\/\/www.sportchaco.com.ar\/index.php?rest_route=\/wp\/v2\/media\/28505"}],"wp:attachment":[{"href":"https:\/\/www.sportchaco.com.ar\/index.php?rest_route=%2Fwp%2Fv2%2Fmedia&parent=28504"}],"wp:term":[{"taxonomy":"category","embeddable":true,"href":"https:\/\/www.sportchaco.com.ar\/index.php?rest_route=%2Fwp%2Fv2%2Fcategories&post=28504"},{"taxonomy":"post_tag","embeddable":true,"href":"https:\/\/www.sportchaco.com.ar\/index.php?rest_route=%2Fwp%2Fv2%2Ftags&post=28504"}],"curies":[{"name":"wp","href":"https:\/\/api.w.org\/{rel}","templated":true}]}}