{"id":28515,"date":"2025-11-12T00:01:12","date_gmt":"2025-11-12T03:01:12","guid":{"rendered":"https:\/\/www.sportchaco.com.ar\/?p=28515"},"modified":"2025-11-12T00:21:21","modified_gmt":"2025-11-12T03:21:21","slug":"28515","status":"publish","type":"post","link":"https:\/\/www.sportchaco.com.ar\/?p=28515","title":{"rendered":"Efem\u00e9rides del 12 de noviembre"},"content":{"rendered":"<div class=\"container fullwidth-entry-title-wrapper\">\n<div class=\"container-wrapper fullwidth-entry-title\">\n<header class=\"entry-header-outer\">\n<div class=\"entry-header\">\n<h1 class=\"post-title entry-title\"><\/h1>\n<div class=\"single-post-meta post-meta clearfix\"><\/div>\n<\/div>\n<\/header>\n<\/div>\n<\/div>\n<div id=\"content\" class=\"site-content container\">\n<div id=\"main-content-row\" class=\"tie-row main-content-row\">\n<div class=\"main-content tie-col-md-8 tie-col-xs-12\" role=\"main\">\n<article id=\"the-post\" class=\"container-wrapper post-content tie-standard\">\n<div class=\"featured-area\">\n<div class=\"featured-area-inner\">\n<h5 class=\"single-featured-image\"><\/h5>\n<\/div>\n<\/div>\n<div class=\"entry-content entry clearfix\">\n<h5><strong>Esta es la Efem\u00e9rides del Deporte en el Chaco de un 12 de noviembre del periodista Luis Dar\u00edo Molodezky.<\/strong><\/h5>\n<p><strong>\u00a0<\/strong><\/p>\n<p style=\"text-align: center;\"><img loading=\"lazy\" decoding=\"async\" class=\"alignnone size-medium wp-image-28224\" src=\"https:\/\/www.sportchaco.com.ar\/wp-content\/uploads\/2025\/11\/Luis-ago-2025-300x200.jpg\" alt=\"\" width=\"300\" height=\"200\" srcset=\"https:\/\/www.sportchaco.com.ar\/wp-content\/uploads\/2025\/11\/Luis-ago-2025-300x200.jpg 300w, https:\/\/www.sportchaco.com.ar\/wp-content\/uploads\/2025\/11\/Luis-ago-2025-768x513.jpg 768w, https:\/\/www.sportchaco.com.ar\/wp-content\/uploads\/2025\/11\/Luis-ago-2025.jpg 957w\" sizes=\"auto, (max-width: 300px) 100vw, 300px\" \/><\/p>\n<p><strong>1938 \/<\/strong>\u00a0Nace Estanislao Gonz\u00e1lez, un gigante del arco. En la d\u00e9cada del 60\u2019 y 70\u2019 brillo en el f\u00fatbol chaque\u00f1o, siendo campe\u00f3n con V\u00e9lez Sarsfield, Don Orione y Sarmiento; su t\u00edtulo m\u00e1s importante fue con la Liga Chaque\u00f1a en 1968 ganando la Copa Presidente y Adri\u00e1n Beccar Varela, dirigido por Antonio Ru\u00edz D\u00edaz. Como entrenador ascendi\u00f3 con V\u00e9lez y San Fernando. Con Don Orione fue protagonista en el Nacional 1971. Falleci\u00f3 el 18 de enero de 2019.<\/p>\n<p><strong>1954 \/<\/strong>Eleuterio Schvemler y Nicasio Arce (FOTO PORTADA), ambos de Resistencia se \u00a0imponeN en la \u201cPrimera vuelta a Misiones\u201d, carrera que llev\u00f3 el nombre de \u201cGran Premio General don Jos\u00e9 de San Mart\u00edn\u201d. El binomio ganador uni\u00f3 las tres etapas en 13 horas y 51 minutos con 28 segundos a bordo de su Chevrolet a un promedio de 73, 5 kil\u00f3metros a la hora.La carrera se disput\u00f3 en tres etapas, la primera Posadas-Cataratas pasando por la Ruta 12 con un total de 372,200 kil\u00f3metros. La segunda uni\u00f3 Cataratas con Ober\u00e1 por las rutas 101 y 14, con un recorrido total de 431,501 kil\u00f3metros y la tercera etapa consisti\u00f3 en unir Ober\u00e1 con Posadas por laS rutas 14, 106, 110 \u00abH\u00bb y 110 con un total de 215, 500 kil\u00f3metros.<\/p>\n<p><strong>1962 \/\u00a0<\/strong>Nace Fernando Alberto Moro en Ver\u00e1, Santa Fe, quien se destac\u00f3 con las camisetas de Villa Alvear, Independiente Tirol y For Ever, equipo en el que jug\u00f3 el Nacional B 86\/87. Integr\u00f3 el plantel del equipo campe\u00f3n que ascendi\u00f3 a primera divisi\u00f3n dirigido primero por Tojo-Telch y luego Oscar \u00c1ngel Palavecino. Delantero, marc\u00f3 11 goles en 68 partidos con el negro.<\/p>\n<p>&nbsp;<\/p>\n<p><strong>1983\u00a0<\/strong>\/ Sergio Gassman de Las Bre\u00f1as, se impone en la competencia 50\u00ba aniversario del Club Octavio Bottecchia, que se disputa por la noche a 120 vueltas en el per\u00edmetro de la Plaza 25 de Mayo.<\/p>\n<p><strong>1985\u00a0<\/strong>\/ Morava se consagra campe\u00f3n provincial femenino de V\u00f3leibol, al vencer 3-0 en la final a Hind\u00fa Club. El plantel estuvo integrado por Marcela Corzo, Alicia sota, M\u00f3nica Vonka, Claudia Masa, Judith Sambaren, Marisa Mathot, Gladis Maucevich. DT: Jorge Malina.<\/p>\n<p><strong>2006\u00a0<\/strong>\/ Con un total de cinco medallas de oro y dos de plata en canotaje, la chaque\u00f1a Mar\u00eda Fernanda Lauro se posicion\u00f3 como una de las grandes figuras de los VIII Juegos Deportivos Sudamericanos Odesur en la subsede Mar del Plata.<\/p>\n<p>&nbsp;<\/p>\n<p><strong>2006\u00a0<\/strong>\/ Los villangelenses Leonel R\u00faveda, en 50 cc est\u00e1ndar, y Brian Monferrer Juncal, en 70cc. Zanella est\u00e1ndar y Germ\u00e1n Kleisinger. en 125 c.c. promocional, se consagran campeones del Zonal de Karting organizado por la Achacka.<\/p>\n<p>&nbsp;<\/p>\n<p><strong>2006\u00a0<\/strong>\/ Sebasti\u00e1n Zalazar en \u201cEscuela I\u201d, Nicol\u00e1s Zepeda en \u201cEscuela II\u201d, Amado Soto, en \u201cLibre\u201d, Mat\u00edas Perizzotti en \u201cMinimotos\u201d, Javier Irraz\u00e1bal en \u201cSemilibre\u201d y nuevamente Amado Soto, en \u201cFuerza libre\u201d se consagran campeones del Centrochaque\u00f1o de Motociclismo, en la \u00faltima fecha disputada en el \u00f3valo del Moto Karting Club.<\/p>\n<\/div>\n<\/article>\n<\/div>\n<\/div>\n<\/div>\n","protected":false},"excerpt":{"rendered":"<p>Esta es la Efem\u00e9rides del Deporte en el Chaco de un 12 de noviembre del periodista Luis Dar\u00edo Molodezky. \u00a0 1938 \/\u00a0Nace Estanislao Gonz\u00e1lez, un gigante del arco. En la d\u00e9cada del 60\u2019 y 70\u2019 brillo en el f\u00fatbol chaque\u00f1o, siendo campe\u00f3n con V\u00e9lez Sarsfield, Don Orione y Sarmiento; su t\u00edtulo m\u00e1s importante fue con &hellip;<\/p>\n","protected":false},"author":2,"featured_media":28516,"comment_status":"open","ping_status":"open","sticky":false,"template":"","format":"standard","meta":{"footnotes":""},"categories":[45,41],"tags":[],"class_list":["post-28515","post","type-post","status-publish","format-standard","has-post-thumbnail","hentry","category-efemerides-dia-por-dia","category-noviembre"],"_links":{"self":[{"href":"https:\/\/www.sportchaco.com.ar\/index.php?rest_route=\/wp\/v2\/posts\/28515","targetHints":{"allow":["GET"]}}],"collection":[{"href":"https:\/\/www.sportchaco.com.ar\/index.php?rest_route=\/wp\/v2\/posts"}],"about":[{"href":"https:\/\/www.sportchaco.com.ar\/index.php?rest_route=\/wp\/v2\/types\/post"}],"author":[{"embeddable":true,"href":"https:\/\/www.sportchaco.com.ar\/index.php?rest_route=\/wp\/v2\/users\/2"}],"replies":[{"embeddable":true,"href":"https:\/\/www.sportchaco.com.ar\/index.php?rest_route=%2Fwp%2Fv2%2Fcomments&post=28515"}],"version-history":[{"count":3,"href":"https:\/\/www.sportchaco.com.ar\/index.php?rest_route=\/wp\/v2\/posts\/28515\/revisions"}],"predecessor-version":[{"id":28519,"href":"https:\/\/www.sportchaco.com.ar\/index.php?rest_route=\/wp\/v2\/posts\/28515\/revisions\/28519"}],"wp:featuredmedia":[{"embeddable":true,"href":"https:\/\/www.sportchaco.com.ar\/index.php?rest_route=\/wp\/v2\/media\/28516"}],"wp:attachment":[{"href":"https:\/\/www.sportchaco.com.ar\/index.php?rest_route=%2Fwp%2Fv2%2Fmedia&parent=28515"}],"wp:term":[{"taxonomy":"category","embeddable":true,"href":"https:\/\/www.sportchaco.com.ar\/index.php?rest_route=%2Fwp%2Fv2%2Fcategories&post=28515"},{"taxonomy":"post_tag","embeddable":true,"href":"https:\/\/www.sportchaco.com.ar\/index.php?rest_route=%2Fwp%2Fv2%2Ftags&post=28515"}],"curies":[{"name":"wp","href":"https:\/\/api.w.org\/{rel}","templated":true}]}}