{"id":28529,"date":"2025-11-12T11:01:50","date_gmt":"2025-11-12T14:01:50","guid":{"rendered":"https:\/\/www.sportchaco.com.ar\/?p=28529"},"modified":"2025-11-12T12:43:49","modified_gmt":"2025-11-12T15:43:49","slug":"facundo-gomez-brocal-don-bosco-merecia-este-lugar-y-lo-conseguimos-con-trabajo-y-union","status":"publish","type":"post","link":"https:\/\/www.sportchaco.com.ar\/?p=28529","title":{"rendered":"Facundo G\u00f3mez Brocal: \u201cDon Bosco merec\u00eda este lugar y lo conseguimos con trabajo y uni\u00f3n\u201d"},"content":{"rendered":"<p><strong>12-11-2025<\/strong><\/p>\n<p><img loading=\"lazy\" decoding=\"async\" class=\"aligncenter size-large wp-image-20490\" src=\"https:\/\/www.sportchaco.com.ar\/wp-content\/uploads\/2025\/06\/728x90-1-1024x127.gif\" alt=\"\" width=\"1024\" height=\"127\" srcset=\"https:\/\/www.sportchaco.com.ar\/wp-content\/uploads\/2025\/06\/728x90-1-1024x127.gif 1024w, https:\/\/www.sportchaco.com.ar\/wp-content\/uploads\/2025\/06\/728x90-1-300x37.gif 300w, https:\/\/www.sportchaco.com.ar\/wp-content\/uploads\/2025\/06\/728x90-1-768x96.gif 768w\" sizes=\"auto, (max-width: 1024px) 100vw, 1024px\" \/><\/p>\n<p>El Centro Deportivo Don Bosco atraviesa uno de sus mejores momentos deportivos. El equipo logr\u00f3 la clasificaci\u00f3n a la pr\u00f3xima Liga Federal de B\u00e1squetbol, consolidando un proceso de varios a\u00f1os de crecimiento institucional y deportivo.<\/p>\n<p>En di\u00e1logo con <em>Cara y Ceca del Deporte<\/em> por Radio Provincia, Facundo G\u00f3mez Brocal, referente y jugador del club, repas\u00f3 la actualidad del plantel, su rol como formador y el valor de la familia en su madurez deportiva.<\/p>\n<p><strong>\u201cEra el primer objetivo: poner a Don Bosco en el lugar que se merece\u201d<br \/>\n<\/strong>El jugador destac\u00f3 la importancia del logro conseguido en el torneo Pre Federal, donde Don Bosco super\u00f3 una exigente serie frente a Progresista.<\/p>\n<p>\u201cEra el primer objetivo, tratar de poner a Don Bosco en un lugar que a mi entender se merec\u00eda estar. Hace tiempo venimos haciendo las cosas bien, y este logro llega como el cierre de un proceso de a\u00f1os de esfuerzo\u201d, explic\u00f3 G\u00f3mez Brocal.<\/p>\n<p>El equipo chaque\u00f1o mostr\u00f3 car\u00e1cter en la definici\u00f3n: perdi\u00f3 por poco el primer juego, igual\u00f3 la serie en casa y se impuso como visitante en el tercero.<\/p>\n<p>\u201cCreo que fue uno de nuestros mejores partidos colectivos. Lo manejamos con mucha madurez, y gracias a Dios se dio en el momento justo\u201d, destac\u00f3.<\/p>\n<p><img loading=\"lazy\" decoding=\"async\" class=\"aligncenter wp-image-28533 size-full\" src=\"https:\/\/www.sportchaco.com.ar\/wp-content\/uploads\/2025\/11\/FAcundo-gomez-broca-db.png\" alt=\"\" width=\"464\" height=\"357\" srcset=\"https:\/\/www.sportchaco.com.ar\/wp-content\/uploads\/2025\/11\/FAcundo-gomez-broca-db.png 464w, https:\/\/www.sportchaco.com.ar\/wp-content\/uploads\/2025\/11\/FAcundo-gomez-broca-db-300x231.png 300w\" sizes=\"auto, (max-width: 464px) 100vw, 464px\" \/><\/p>\n<p><strong>De la pandemia a la estabilidad: \u201cEncontr\u00e9 mi lugar en el mundo\u201d<br \/>\n<\/strong>El basquetbolista repas\u00f3 tambi\u00e9n su historia personal, marcada por un momento dif\u00edcil durante la pandemia y su posterior llegada al club salesiano.<\/p>\n<p>\u201cCuando pas\u00f3 lo de la pandemia decid\u00ed no volver a jugar lejos de casa. Fueron casi dos a\u00f1os sin ingresos del b\u00e1squet, as\u00ed que eleg\u00ed quedarme en Resistencia. En Don Bosco encontr\u00e9 un lugar que me recibi\u00f3 de una manera incre\u00edble. Me siento parte, y eso tiene que ver con lo que uno entrega dentro y fuera de la cancha\u201d, sostuvo.<\/p>\n<p>Antes, G\u00f3mez Brocal hab\u00eda tenido pasos por <strong>Sarmiento<\/strong>, <strong>For Ever<\/strong> y otros clubes de la regi\u00f3n, combinando su experiencia como jugador con su rol de entrenador.<\/p>\n<p><strong>Madurez, familia y equilibrio<br \/>\n<\/strong>A sus 33 a\u00f1os, el referente de Don Bosco vive una etapa de plenitud personal y deportiva. Atribuye mucho de ese bienestar a su entorno familiar.<\/p>\n<p>\u201cEspiritualmente estoy muy bien. Mi se\u00f1ora tiene much\u00edsimo que ver: me apoya siempre, es kinesi\u00f3loga y me ayuda a estar bien f\u00edsica y mentalmente. A esta edad uno entiende m\u00e1s el juego y valora otras cosas. Con 25 ten\u00eda m\u00e1s condiciones f\u00edsicas, pero hoy tengo otras herramientas t\u00e9cnicas y psicol\u00f3gicas\u201d, reflexion\u00f3.<\/p>\n<p><img decoding=\"async\" src=\"https:\/\/scontent.fcnq2-1.fna.fbcdn.net\/v\/t39.30808-6\/486003881_10236784523257788_6209870087193875443_n.jpg?_nc_cat=105&amp;ccb=1-7&amp;_nc_sid=6ee11a&amp;_nc_eui2=AeH2yFRayT_Qc6inx3XGSeVmXNwpK0nSaWlc3CkrSdJpaSCmqCSsbFFbu4fOLt3xp74&amp;_nc_ohc=YAIbpruvOlAQ7kNvwE3QoLm&amp;_nc_oc=AdnamDbFP_MxUlo9GqoUOZ4dS3xKekXFmeVSmIhirSC_Pcm0dHYM3jhX0t-Gq3OyinQ&amp;_nc_zt=23&amp;_nc_ht=scontent.fcnq2-1.fna&amp;_nc_gid=-_W_Zz0cpGka4eJTGbURsw&amp;oh=00_Afg2BURRPHGgB1mx3v7jGSZNbKaLPKLiLKkDbSYfM9sg-w&amp;oe=691A607E\" alt=\"No hay ninguna descripci\u00f3n de la foto disponible.\" \/><\/p>\n<p><strong>Un grupo enfocado y unido<br \/>\n<\/strong>G\u00f3mez Brocal destac\u00f3 la fortaleza del grupo y la mentalidad colectiva que sostiene el buen presente del equipo.<\/p>\n<p>\u201cAyer entrenamos como si hubi\u00e9ramos quedado afuera. Esa es la clave: compromiso. La cabeza domina el cuerpo, y si est\u00e1s enfocado, tu rendimiento se eleva. El trabajo del cuerpo t\u00e9cnico es fundamental para cuidar la carga f\u00edsica, pero la motivaci\u00f3n nace del grupo\u201d, explic\u00f3.<\/p>\n<p>Don Bosco afronta en paralelo el <strong>torneo Clausura de la Asociaci\u00f3n de B\u00e1squet de Resistencia (ABR)<\/strong>, donde busca llegar a la final ante rivales de jerarqu\u00eda como Regatas y Sarmiento.<\/p>\n<p><strong>El rol formador: \u201cEl club se mantiene vivo por los chicos\u201d<br \/>\n<\/strong>Adem\u00e1s de jugador, G\u00f3mez Brocal trabaja en las <strong>divisiones formativas<\/strong> de Don Bosco, tanto en las ramas masculina como femenina.<\/p>\n<p>\u201cEste es mi cuarto a\u00f1o en el club. Tenemos muchos chicos y chicas que se suman cada semana, y eso mantiene vivo al club. Verlos crecer, entrenar y sentirse parte es tan gratificante como ganar un partido\u201d, afirm\u00f3.<\/p>\n<p><strong>La gente y el sentido de pertenencia<br \/>\n<\/strong>El jugador tambi\u00e9n destac\u00f3 el acompa\u00f1amiento del p\u00fablico, aunque con una mirada realista sobre el fen\u00f3meno.<\/p>\n<p>\u201cCuando un equipo anda bien, la gente acompa\u00f1a mucho. Pero nosotros tuvimos hinchas que viajaron un domingo a Villa \u00c1ngela, sabiendo que al otro d\u00eda trabajaban. Ese apoyo te empuja a dejar todo\u201d, reconoci\u00f3.<\/p>\n<p><strong>Un presente prometedor<br \/>\n<\/strong>Don Bosco vive un momento de consolidaci\u00f3n. Con una base de jugadores experimentados, una camada joven en crecimiento y el compromiso institucional, el club de la avenida Italia mira el futuro con optimismo.<\/p>\n<p>\u201cSi cumpl\u00eds un objetivo, el pr\u00f3ximo tiene que ser m\u00e1s grande, con m\u00e1s ganas y ambici\u00f3n. Vamos paso a paso, pero siempre para adelante\u201d, resumi\u00f3 G\u00f3mez Brocal, reflejando la filosof\u00eda que hoy impulsa al conjunto rojo y blanco.<\/p>\n<p><strong><img loading=\"lazy\" decoding=\"async\" class=\"alignnone wp-image-28224\" src=\"https:\/\/www.sportchaco.com.ar\/wp-content\/uploads\/2025\/11\/Luis-ago-2025-300x200.jpg\" alt=\"\" width=\"77\" height=\"51\" srcset=\"https:\/\/www.sportchaco.com.ar\/wp-content\/uploads\/2025\/11\/Luis-ago-2025-300x200.jpg 300w, https:\/\/www.sportchaco.com.ar\/wp-content\/uploads\/2025\/11\/Luis-ago-2025-768x513.jpg 768w, https:\/\/www.sportchaco.com.ar\/wp-content\/uploads\/2025\/11\/Luis-ago-2025.jpg 957w\" sizes=\"auto, (max-width: 77px) 100vw, 77px\" \/>\u00a0 POR LUIS DARIO MOLODEZKY<\/strong><\/p>\n<p><em>Nota realizada junto a Facundo Maciel y Edgar Quinteros.<\/em><\/p>\n<p><img decoding=\"async\" src=\"https:\/\/baskettotal.com.ar\/wp-content\/uploads\/2025\/11\/CDDB-1-1.jpg\" \/><\/p>\n","protected":false},"excerpt":{"rendered":"<p>12-11-2025 El Centro Deportivo Don Bosco atraviesa uno de sus mejores momentos deportivos. El equipo logr\u00f3 la clasificaci\u00f3n a la pr\u00f3xima Liga Federal de B\u00e1squetbol, consolidando un proceso de varios a\u00f1os de crecimiento institucional y deportivo. En di\u00e1logo con Cara y Ceca del Deporte por Radio Provincia, Facundo G\u00f3mez Brocal, referente y jugador del club, &hellip;<\/p>\n","protected":false},"author":2,"featured_media":28531,"comment_status":"open","ping_status":"open","sticky":false,"template":"","format":"standard","meta":{"footnotes":""},"categories":[3],"tags":[],"class_list":["post-28529","post","type-post","status-publish","format-standard","has-post-thumbnail","hentry","category-basquetbol"],"_links":{"self":[{"href":"https:\/\/www.sportchaco.com.ar\/index.php?rest_route=\/wp\/v2\/posts\/28529","targetHints":{"allow":["GET"]}}],"collection":[{"href":"https:\/\/www.sportchaco.com.ar\/index.php?rest_route=\/wp\/v2\/posts"}],"about":[{"href":"https:\/\/www.sportchaco.com.ar\/index.php?rest_route=\/wp\/v2\/types\/post"}],"author":[{"embeddable":true,"href":"https:\/\/www.sportchaco.com.ar\/index.php?rest_route=\/wp\/v2\/users\/2"}],"replies":[{"embeddable":true,"href":"https:\/\/www.sportchaco.com.ar\/index.php?rest_route=%2Fwp%2Fv2%2Fcomments&post=28529"}],"version-history":[{"count":7,"href":"https:\/\/www.sportchaco.com.ar\/index.php?rest_route=\/wp\/v2\/posts\/28529\/revisions"}],"predecessor-version":[{"id":28540,"href":"https:\/\/www.sportchaco.com.ar\/index.php?rest_route=\/wp\/v2\/posts\/28529\/revisions\/28540"}],"wp:featuredmedia":[{"embeddable":true,"href":"https:\/\/www.sportchaco.com.ar\/index.php?rest_route=\/wp\/v2\/media\/28531"}],"wp:attachment":[{"href":"https:\/\/www.sportchaco.com.ar\/index.php?rest_route=%2Fwp%2Fv2%2Fmedia&parent=28529"}],"wp:term":[{"taxonomy":"category","embeddable":true,"href":"https:\/\/www.sportchaco.com.ar\/index.php?rest_route=%2Fwp%2Fv2%2Fcategories&post=28529"},{"taxonomy":"post_tag","embeddable":true,"href":"https:\/\/www.sportchaco.com.ar\/index.php?rest_route=%2Fwp%2Fv2%2Ftags&post=28529"}],"curies":[{"name":"wp","href":"https:\/\/api.w.org\/{rel}","templated":true}]}}