{"id":28552,"date":"2025-11-12T20:46:03","date_gmt":"2025-11-12T23:46:03","guid":{"rendered":"https:\/\/www.sportchaco.com.ar\/?p=28552"},"modified":"2025-11-14T19:56:01","modified_gmt":"2025-11-14T22:56:01","slug":"sabado-y-domingo-para-los-equipos-de-la-provincia","status":"publish","type":"post","link":"https:\/\/www.sportchaco.com.ar\/?p=28552","title":{"rendered":"S\u00e1bado y domingo para los equipos de la provincia"},"content":{"rendered":"<p><strong>12-11-2025<\/strong><\/p>\n<p><img loading=\"lazy\" decoding=\"async\" class=\"aligncenter size-large wp-image-20099\" src=\"https:\/\/www.sportchaco.com.ar\/wp-content\/uploads\/2025\/06\/728x90-1024x127.gif\" sizes=\"auto, (max-width: 1024px) 100vw, 1024px\" srcset=\"https:\/\/www.sportchaco.com.ar\/wp-content\/uploads\/2025\/06\/728x90-1024x127.gif 1024w, https:\/\/www.sportchaco.com.ar\/wp-content\/uploads\/2025\/06\/728x90-300x37.gif 300w, https:\/\/www.sportchaco.com.ar\/wp-content\/uploads\/2025\/06\/728x90-768x95.gif 768w, https:\/\/www.sportchaco.com.ar\/wp-content\/uploads\/2025\/06\/728x90-1536x190.gif 1536w, https:\/\/www.sportchaco.com.ar\/wp-content\/uploads\/2025\/06\/728x90-2048x254.gif 2048w\" alt=\"\" width=\"1024\" height=\"127\" \/><\/p>\n<p>El Consejo Federal de AFA dio a conocer los d\u00edas, horarios y \u00e1rbitros para los partidos del fin de semana en lo que ser\u00e1 la 4\u00aa fecha del torneo Regional Amateur.<\/p>\n<p>Los equipos de la provincia del Chaco de las zonas 8 y 10 de la Regi\u00f3n Litoral Norte jugar\u00e1n este s\u00e1bado y el domingo lo har\u00e1n los de la zona 9.<\/p>\n<p><strong>REGI\u00d3N LITORAL NORTE<\/strong><br \/>\n<strong>TODA 4\u00aa FECHA<br \/>\nZONA 8<br \/>\nS\u00e1bado 15-11<\/strong><br \/>\nA las 17, Regional \u2013 Estudiantes<br \/>\n<strong>\u00c1rbitro:<\/strong> Mar\u00eda R\u00edos. <strong>Asistentes:<\/strong> Sabrina Cristaldo y Melina Meza (terna de Resistencia)<\/p>\n<p>A las 18,\u00a0 Defensores- Uni\u00f3n (Machagai)<br \/>\n<strong>\u00c1rbitro:<\/strong> Diego De Jes\u00fas. <strong>Asistentes:<\/strong> Juan Gamarra Gonz\u00e1lez y Walter Dom\u00ednguez (terna de Las Bre\u00f1as)<\/p>\n<p><strong>ZONA 9<\/strong><strong><br \/>\nS\u00e1bado 15-11<br \/>\n<\/strong>A las 17, Policiales &#8211; Fontana<strong><br \/>\n\u00c1rbitro: <\/strong>Sebasti\u00e1n Ver\u00f3n.<strong> Asistentes: <\/strong>Dami\u00e1n Amarilla y Dar\u00edo G\u00f3mez (terna de Resistencia)<\/p>\n<p><strong>Domingo 16-11<\/strong><br \/>\nA las 18:30, Dep. Municipal (Gral. Roca) \u2013 Hurac\u00e1n (Vedia)<br \/>\n<strong>\u00c1rbitro:<\/strong> Sergio Soria. <strong>Asistentes:<\/strong> Mart\u00edn Banegas y Melani Basiluk (terna de Villa \u00c1ngela)<\/p>\n<p><strong>ZONA 10<\/strong><br \/>\n<strong>S\u00e1bado 15-11<br \/>\n<\/strong>A las 17, Cultural (Castelli) &#8211; Uni\u00f3n (Pampa Alegr\u00eda)<br \/>\n<strong>\u00c1rbitro:<\/strong> Mauricio Aquino Faria\u00f1a. <strong>Asistentes:<\/strong> Marcelo Ojeda y Rub\u00e9n Saavedra (terna de Machagai)<\/p>\n<p>A las 19, Cooperativa (Villa Berthet) \u2013 Comercio (Santa Sylvina)<br \/>\n<strong>\u00c1rbitro:<\/strong> Sergio Lezcano.<strong>\u00a0Asistentes:<\/strong> Leonardo Torres y Leonardo Kitoff (terna de Villa \u00c1ngela)<\/p>\n<p><strong>POSICIONES<\/strong><br \/>\n<strong>ZONA 8<\/strong><br \/>\nDefensores (Vilelas) 6<br \/>\nUni\u00f3n (Machagai) 6<br \/>\nRegional (Resistencia) 3<br \/>\nEstudiantes (Resistencia) 3<\/p>\n<p><strong>ZONA 9<\/strong><br \/>\nFontana 9<br \/>\nPoliciales (Resistencia) 6<br \/>\nDep. Municipal (Gral. Roca) 3<br \/>\nHurac\u00e1n (Vedia) 0<\/p>\n<p><strong>ZONA 10<\/strong><br \/>\nCultural (Castelli) 7<br \/>\nComercio (Santa Sylvina) 6<br \/>\nCooperativa (Villa Berthet) 4<br \/>\nUni\u00f3n (Pampa Alegr\u00eda) 0<\/p>\n<p><em><strong>Foto: Prensa Comercio de Santa Sylvina<\/strong><\/em><\/p>\n<p><img loading=\"lazy\" decoding=\"async\" class=\"aligncenter size-full wp-image-21633\" src=\"https:\/\/www.sportchaco.com.ar\/wp-content\/uploads\/2025\/07\/PARQUE-SOLAR_200x200-01-1.gif\" alt=\"\" width=\"417\" height=\"417\" \/><\/p>\n","protected":false},"excerpt":{"rendered":"<p>12-11-2025 El Consejo Federal de AFA dio a conocer los d\u00edas, horarios y \u00e1rbitros para los partidos del fin de semana en lo que ser\u00e1 la 4\u00aa fecha del torneo Regional Amateur. Los equipos de la provincia del Chaco de las zonas 8 y 10 de la Regi\u00f3n Litoral Norte jugar\u00e1n este s\u00e1bado y el &hellip;<\/p>\n","protected":false},"author":3,"featured_media":28315,"comment_status":"open","ping_status":"open","sticky":false,"template":"","format":"standard","meta":{"footnotes":""},"categories":[5],"tags":[],"class_list":["post-28552","post","type-post","status-publish","format-standard","has-post-thumbnail","hentry","category-futbol"],"_links":{"self":[{"href":"https:\/\/www.sportchaco.com.ar\/index.php?rest_route=\/wp\/v2\/posts\/28552","targetHints":{"allow":["GET"]}}],"collection":[{"href":"https:\/\/www.sportchaco.com.ar\/index.php?rest_route=\/wp\/v2\/posts"}],"about":[{"href":"https:\/\/www.sportchaco.com.ar\/index.php?rest_route=\/wp\/v2\/types\/post"}],"author":[{"embeddable":true,"href":"https:\/\/www.sportchaco.com.ar\/index.php?rest_route=\/wp\/v2\/users\/3"}],"replies":[{"embeddable":true,"href":"https:\/\/www.sportchaco.com.ar\/index.php?rest_route=%2Fwp%2Fv2%2Fcomments&post=28552"}],"version-history":[{"count":4,"href":"https:\/\/www.sportchaco.com.ar\/index.php?rest_route=\/wp\/v2\/posts\/28552\/revisions"}],"predecessor-version":[{"id":28668,"href":"https:\/\/www.sportchaco.com.ar\/index.php?rest_route=\/wp\/v2\/posts\/28552\/revisions\/28668"}],"wp:featuredmedia":[{"embeddable":true,"href":"https:\/\/www.sportchaco.com.ar\/index.php?rest_route=\/wp\/v2\/media\/28315"}],"wp:attachment":[{"href":"https:\/\/www.sportchaco.com.ar\/index.php?rest_route=%2Fwp%2Fv2%2Fmedia&parent=28552"}],"wp:term":[{"taxonomy":"category","embeddable":true,"href":"https:\/\/www.sportchaco.com.ar\/index.php?rest_route=%2Fwp%2Fv2%2Fcategories&post=28552"},{"taxonomy":"post_tag","embeddable":true,"href":"https:\/\/www.sportchaco.com.ar\/index.php?rest_route=%2Fwp%2Fv2%2Ftags&post=28552"}],"curies":[{"name":"wp","href":"https:\/\/api.w.org\/{rel}","templated":true}]}}