{"id":28559,"date":"2025-11-12T23:36:24","date_gmt":"2025-11-13T02:36:24","guid":{"rendered":"https:\/\/www.sportchaco.com.ar\/?p=28559"},"modified":"2025-11-12T23:36:22","modified_gmt":"2025-11-13T02:36:22","slug":"efemerides-del-13-de-noviembre-2","status":"publish","type":"post","link":"https:\/\/www.sportchaco.com.ar\/?p=28559","title":{"rendered":"Efem\u00e9rides del 13 de noviembre"},"content":{"rendered":"<div class=\"container fullwidth-entry-title-wrapper\">\n<div class=\"container-wrapper fullwidth-entry-title\">\n<header class=\"entry-header-outer\">\n<div class=\"entry-header\">\n<h1 class=\"post-title entry-title\"><\/h1>\n<div class=\"single-post-meta post-meta clearfix\"><\/div>\n<\/div>\n<\/header>\n<\/div>\n<\/div>\n<div id=\"content\" class=\"site-content container\">\n<div id=\"main-content-row\" class=\"tie-row main-content-row\">\n<div class=\"main-content tie-col-md-8 tie-col-xs-12\" role=\"main\">\n<article id=\"the-post\" class=\"container-wrapper post-content tie-standard\">\n<div class=\"featured-area\">\n<div class=\"featured-area-inner\"><\/div>\n<\/div>\n<div class=\"entry-content entry clearfix\">\n<p>&nbsp;<\/p>\n<p><strong>Foto portada de pesistas chaque\u00f1os que marcaron una \u00e9poca en la d\u00e9cada del 80.<\/strong><\/p>\n<h5><strong>Esta es la Efem\u00e9rides del Deporte en el Chaco de un 13 de noviembre del periodista Luis Dar\u00edo Molodezky.<\/strong><\/h5>\n<p><strong>\u00a0<\/strong><\/p>\n<p><img loading=\"lazy\" decoding=\"async\" class=\"alignnone size-medium wp-image-28134 aligncenter\" src=\"https:\/\/www.sportchaco.com.ar\/wp-content\/uploads\/2025\/11\/Luis-Dario-11-08-2025-3-COPIA-300x229.jpeg\" alt=\"\" width=\"300\" height=\"229\" srcset=\"https:\/\/www.sportchaco.com.ar\/wp-content\/uploads\/2025\/11\/Luis-Dario-11-08-2025-3-COPIA-300x229.jpeg 300w, https:\/\/www.sportchaco.com.ar\/wp-content\/uploads\/2025\/11\/Luis-Dario-11-08-2025-3-COPIA-768x586.jpeg 768w, https:\/\/www.sportchaco.com.ar\/wp-content\/uploads\/2025\/11\/Luis-Dario-11-08-2025-3-COPIA.jpeg 859w\" sizes=\"auto, (max-width: 300px) 100vw, 300px\" \/><\/p>\n<p><strong>1954<\/strong>\u00a0\/ El destacado corredor chaque\u00f1o, Eleuterio<br \/>\nSchevmler, se adjudica en gran forma la competencia automovil\u00edstica<br \/>\n\u201cLa Vuelta de Misiones\u201d. Lo hizo con Nicasio Ren\u00e9 Arce como<br \/>\nacompa\u00f1ante.<\/p>\n<p><strong>1964<\/strong>\u00a0\/ V\u00e9lez Sarsfield Libertad se consagra campe\u00f3n<br \/>\noficial de la Liga Chaque\u00f1a de F\u00fatbol, conducido por el maestro,<br \/>\nAntonio Ru\u00edz D\u00edaz y el preparador f\u00edsico Marcos Goicoechea.<br \/>\nEntre otros integraron el plantel Varela, Estanislao Gonz\u00e1lez, Carlos<br \/>\nBen\u00edtez, Zampa, G\u00f3mez, Choloto L\u00f3pez, Mangini, Altamirano,<br \/>\nRomano, H\u00e9ctor Ben\u00edtez y Humberto G\u00f3mez Lollo.<\/p>\n<p><strong>1982<\/strong>\u00a0\/ Se disputa el 9\u00ba Nacional de Pesas modalidad<br \/>\nPotencia en el Club de Regatas, organizado por el Gimnasio<br \/>\nCentanaro. Por equipos fue campe\u00f3n el Gym Centanaro con juveniles<br \/>\ny primera. Los campeones: En mayores, categor\u00eda gallo campe\u00f3n<br \/>\nHugo Maidana; liviano Jos\u00e9 Luis Centanaro; mediano H\u00e9ctor<br \/>\nItonaga; pesado Alberto Fretes; en Juveniles pesado ligero Rolando<br \/>\nFrangioli; pesado especial Miguel Daghe; pesado Domingo<br \/>\nAngirama. Tambi\u00e9n Quenardelle fue campe\u00f3n en ligero pesado.<\/p>\n<p><strong>2001<\/strong>\u00a0\/ Con s\u00f3lo 28 a\u00f1os fallece el basquetbolista<br \/>\nJuan Ignacio Roig. Se inici\u00f3 en Hind\u00fa Club, luego estuvo en Regatas<br \/>\ny en el momento de su partida jugaba para Don Bosco.<\/p>\n<p><strong>2006<\/strong>\u00a0\/ Hind\u00fa Club se consagra campe\u00f3n del Torneo<br \/>\nOficial de la ABR, al vencer en el tercer juego a Regatas 96 a 63.<br \/>\nIntegraron el plantel verde Pilotti, Federico Rivas, Carrasco, Oscar<br \/>\nRivas, Kravacek, Insaurralde, Juan P. Dip, Montanar, Ram\u00edrez,<br \/>\nBarrientos, Abarca y Sotelo. DT: Ernesto Roig.<\/p>\n<p><strong>2009<\/strong>\u00a0\/ El Club Sarmiento inaugura la remodelaci\u00f3n<br \/>\nde su sede social, que incluye el mini estadio Ra\u00fal Alejo Gronda.<br \/>\nCapacidad 2000 espectadores, 500 plateas, cabinas, palcos vip,<br \/>\nremozado piso de parquet, aros y tableros nuevos. Ante una multitud,<br \/>\nel presidente Jorge Capitanich inaugur\u00f3 las obras.<\/p>\n<p>&nbsp;<\/p>\n<p><strong>1992<\/strong>\u00a0\/ El Club Sud Am\u00e9rica presidido por Marcos Cima realiz\u00f3 una megafiesta en La Rural, con la visita de figuras rutilantes del f\u00fatbol argentino como Pedernera, Marzolini, Della Savia, Touri\u00f1o. Chino Ben\u00edtez y Ratt\u00edn. En una noche tormentosa con m\u00e1s de 200 mil\u00edmetros de lluvia, una multitud de familias se dieron cita en un evento, que tuvo como sorteo final un autom\u00f3vil. Tambi\u00e9n se realizaron reconocimientos a valores chaque\u00f1os como Horacio Panelo, Rolando\u00abfanfa\u00ab Veloso, Rodolfo \u00abkingo\u00ab Moreno, Lechero Ayala, Santos Oliveira, Juan Carlos \u00abArchie Moore\u00ab Rodr\u00edguez y Nelson Mart\u00ednez<\/p>\n<p>&nbsp;<\/p>\n<p><img loading=\"lazy\" decoding=\"async\" class=\"alignnone wp-image-14579\" src=\"https:\/\/www.sportchaco.com.ar\/wp-content\/uploads\/2024\/11\/Cima-pedernera-y-Rattin-e1731463601559-300x193.jpg\" sizes=\"auto, (max-width: 421px) 100vw, 421px\" srcset=\"https:\/\/www.sportchaco.com.ar\/wp-content\/uploads\/2024\/11\/Cima-pedernera-y-Rattin-e1731463601559-300x193.jpg 300w, https:\/\/www.sportchaco.com.ar\/wp-content\/uploads\/2024\/11\/Cima-pedernera-y-Rattin-e1731463601559.jpg 549w\" alt=\"\" width=\"421\" height=\"271\" \/><\/p>\n<p><strong>Marcos Cima con Adolfo Pedernera y Antonio Ubaldo Rattin.<\/strong><\/p>\n<\/div>\n<\/article>\n<\/div>\n<\/div>\n<\/div>\n","protected":false},"excerpt":{"rendered":"<p>&nbsp; Foto portada de pesistas chaque\u00f1os que marcaron una \u00e9poca en la d\u00e9cada del 80. Esta es la Efem\u00e9rides del Deporte en el Chaco de un 13 de noviembre del periodista Luis Dar\u00edo Molodezky. \u00a0 1954\u00a0\/ El destacado corredor chaque\u00f1o, Eleuterio Schevmler, se adjudica en gran forma la competencia automovil\u00edstica \u201cLa Vuelta de Misiones\u201d. Lo &hellip;<\/p>\n","protected":false},"author":2,"featured_media":28560,"comment_status":"open","ping_status":"open","sticky":false,"template":"","format":"standard","meta":{"footnotes":""},"categories":[1],"tags":[],"class_list":["post-28559","post","type-post","status-publish","format-standard","has-post-thumbnail","hentry","category-fotos-del-recuerdo"],"_links":{"self":[{"href":"https:\/\/www.sportchaco.com.ar\/index.php?rest_route=\/wp\/v2\/posts\/28559","targetHints":{"allow":["GET"]}}],"collection":[{"href":"https:\/\/www.sportchaco.com.ar\/index.php?rest_route=\/wp\/v2\/posts"}],"about":[{"href":"https:\/\/www.sportchaco.com.ar\/index.php?rest_route=\/wp\/v2\/types\/post"}],"author":[{"embeddable":true,"href":"https:\/\/www.sportchaco.com.ar\/index.php?rest_route=\/wp\/v2\/users\/2"}],"replies":[{"embeddable":true,"href":"https:\/\/www.sportchaco.com.ar\/index.php?rest_route=%2Fwp%2Fv2%2Fcomments&post=28559"}],"version-history":[{"count":3,"href":"https:\/\/www.sportchaco.com.ar\/index.php?rest_route=\/wp\/v2\/posts\/28559\/revisions"}],"predecessor-version":[{"id":28576,"href":"https:\/\/www.sportchaco.com.ar\/index.php?rest_route=\/wp\/v2\/posts\/28559\/revisions\/28576"}],"wp:featuredmedia":[{"embeddable":true,"href":"https:\/\/www.sportchaco.com.ar\/index.php?rest_route=\/wp\/v2\/media\/28560"}],"wp:attachment":[{"href":"https:\/\/www.sportchaco.com.ar\/index.php?rest_route=%2Fwp%2Fv2%2Fmedia&parent=28559"}],"wp:term":[{"taxonomy":"category","embeddable":true,"href":"https:\/\/www.sportchaco.com.ar\/index.php?rest_route=%2Fwp%2Fv2%2Fcategories&post=28559"},{"taxonomy":"post_tag","embeddable":true,"href":"https:\/\/www.sportchaco.com.ar\/index.php?rest_route=%2Fwp%2Fv2%2Ftags&post=28559"}],"curies":[{"name":"wp","href":"https:\/\/api.w.org\/{rel}","templated":true}]}}