{"id":28595,"date":"2025-11-13T23:19:09","date_gmt":"2025-11-14T02:19:09","guid":{"rendered":"https:\/\/www.sportchaco.com.ar\/?p=28595"},"modified":"2025-11-13T23:28:53","modified_gmt":"2025-11-14T02:28:53","slug":"efemerides-del-14-de-noviembre-3","status":"publish","type":"post","link":"https:\/\/www.sportchaco.com.ar\/?p=28595","title":{"rendered":"Efem\u00e9rides del 14 de noviembre"},"content":{"rendered":"<div class=\"container fullwidth-entry-title-wrapper\">\n<div class=\"container-wrapper fullwidth-entry-title\">\n<header class=\"entry-header-outer\">\n<div class=\"entry-header\">\n<h1 class=\"post-title entry-title\"><\/h1>\n<div class=\"single-post-meta post-meta clearfix\"><\/div>\n<\/div>\n<\/header>\n<\/div>\n<\/div>\n<div id=\"content\" class=\"site-content container\">\n<div id=\"main-content-row\" class=\"tie-row main-content-row\">\n<div class=\"main-content tie-col-md-8 tie-col-xs-12\" role=\"main\">\n<article id=\"the-post\" class=\"container-wrapper post-content tie-standard\">\n<div class=\"featured-area\">\n<div class=\"featured-area-inner\">\n<h5 class=\"single-featured-image\"><\/h5>\n<\/div>\n<\/div>\n<div class=\"entry-content entry clearfix\">\n<h5><strong>Esta es la Efem\u00e9rides del Deporte en el Chaco de un 14 de noviembre del periodista Luis Dar\u00edo Molodezky.<\/strong><\/h5>\n<p>&nbsp;<\/p>\n<p style=\"text-align: center;\"><img loading=\"lazy\" decoding=\"async\" class=\"alignnone size-medium wp-image-28596\" src=\"https:\/\/www.sportchaco.com.ar\/wp-content\/uploads\/2025\/11\/Luis-Dario-11-08-2025-101-300x250.jpeg\" alt=\"\" width=\"300\" height=\"250\" srcset=\"https:\/\/www.sportchaco.com.ar\/wp-content\/uploads\/2025\/11\/Luis-Dario-11-08-2025-101-300x250.jpeg 300w, https:\/\/www.sportchaco.com.ar\/wp-content\/uploads\/2025\/11\/Luis-Dario-11-08-2025-101-768x639.jpeg 768w, https:\/\/www.sportchaco.com.ar\/wp-content\/uploads\/2025\/11\/Luis-Dario-11-08-2025-101.jpeg 805w\" sizes=\"auto, (max-width: 300px) 100vw, 300px\" \/><\/p>\n<p><strong>1952\u00a0<\/strong>\/ Se funda el Club Defensores de Puerto Vilelas. En 1989 Defensores inaugura su campo de juego, bajo la presidencia de Pedro\u00a0<em>Poroto\u00a0<\/em>\u00c1lvarez, acompa\u00f1ado por Rafael Gim\u00e9nez, Daniel Berm\u00fadez, Oscar Tur Springer, Cipriano Flores, Juan Manuel Etchevarne, entre otros.<\/p>\n<p>&nbsp;<\/p>\n<p><strong>1963 \/<\/strong>\u00a0V\u00e9lez Sarsfield Libertad logra su primer y \u00fanico t\u00edtulo de campe\u00f3n de primera divisi\u00f3n de la Liga Chaque\u00f1a tras un trabajo silencioso, serio y humilde. El plantel fue conducido con los sabios consejos de su director t\u00e9cnico, Antonio Ruiz D\u00edaz, a quien llamaban \u00abEl gran Maestro\u00bb y la sapiencia y experiencia que aportaba desde abajo el profesor Marcos Goicochea. Entre otros integraron ese Estanislao Gonz\u00e1lez, Carlos Ben\u00edtez, Hayciclevich, Francisco Zampa, Carlos Altamirano, Alejandro Varela, Marcelo Alegre, H\u00e9ctor Ben\u00edtez, H\u00e9ctor Romano, F\u00e9lix Ram\u00f3n L\u00f3pez, Luis Manghini, Antonio G\u00f3mez, Walter Dimena, Marcos Maidana, Oscar Conti y Medina.<\/p>\n<p><img decoding=\"async\" class=\"aligncenter\" src=\"https:\/\/www.sportchaco.com.ar\/wp-content\/uploads\/2024\/11\/velez-1964.jpg\" \/><\/p>\n<p>&nbsp;<\/p>\n<p><strong>1982\u00a0<\/strong>\/ Con la presencia del gobernador Coronel Ruiz Palacios, el Club Regional inaugura obras: cancha de b\u00e1squet, dos canchas de bochas, cantina y vestuarios.<\/p>\n<p><strong>1993<\/strong>\u00a0\/ El piloto Chaque\u00f1o Juan Manuel \u00abPato\u00bb Silva con 21 a\u00f1os, se corona Campe\u00f3n de la F\u00f3rmula Renault Elf, en la ciudad de Paran\u00e1 faltando una fecha para culminar el torneo. El equipo era por su padre Jackie Silva y los motores de Esteban Pou.<\/p>\n<\/div>\n<p><img decoding=\"async\" src=\"https:\/\/www.sportchaco.com.ar\/wp-content\/uploads\/2025\/11\/Pato-Silva-1993-FRCH-o-1992-Jackie-Machi-Chabelo-y-Carlitos.jpg\" \/><strong>Foto portada: Juan Manuel Silva en 1993, campe\u00f3n de la FR Argentina, qacompa\u00f1ado por Jacki su padre, Machi, Chabelo y Carlitos.<\/strong><\/p>\n<\/article>\n<\/div>\n<\/div>\n<\/div>\n","protected":false},"excerpt":{"rendered":"<p>Esta es la Efem\u00e9rides del Deporte en el Chaco de un 14 de noviembre del periodista Luis Dar\u00edo Molodezky. &nbsp; 1952\u00a0\/ Se funda el Club Defensores de Puerto Vilelas. En 1989 Defensores inaugura su campo de juego, bajo la presidencia de Pedro\u00a0Poroto\u00a0\u00c1lvarez, acompa\u00f1ado por Rafael Gim\u00e9nez, Daniel Berm\u00fadez, Oscar Tur Springer, Cipriano Flores, Juan Manuel &hellip;<\/p>\n","protected":false},"author":2,"featured_media":28623,"comment_status":"open","ping_status":"open","sticky":false,"template":"","format":"standard","meta":{"footnotes":""},"categories":[45,41],"tags":[],"class_list":["post-28595","post","type-post","status-publish","format-standard","has-post-thumbnail","hentry","category-efemerides-dia-por-dia","category-noviembre"],"_links":{"self":[{"href":"https:\/\/www.sportchaco.com.ar\/index.php?rest_route=\/wp\/v2\/posts\/28595","targetHints":{"allow":["GET"]}}],"collection":[{"href":"https:\/\/www.sportchaco.com.ar\/index.php?rest_route=\/wp\/v2\/posts"}],"about":[{"href":"https:\/\/www.sportchaco.com.ar\/index.php?rest_route=\/wp\/v2\/types\/post"}],"author":[{"embeddable":true,"href":"https:\/\/www.sportchaco.com.ar\/index.php?rest_route=\/wp\/v2\/users\/2"}],"replies":[{"embeddable":true,"href":"https:\/\/www.sportchaco.com.ar\/index.php?rest_route=%2Fwp%2Fv2%2Fcomments&post=28595"}],"version-history":[{"count":4,"href":"https:\/\/www.sportchaco.com.ar\/index.php?rest_route=\/wp\/v2\/posts\/28595\/revisions"}],"predecessor-version":[{"id":28612,"href":"https:\/\/www.sportchaco.com.ar\/index.php?rest_route=\/wp\/v2\/posts\/28595\/revisions\/28612"}],"wp:featuredmedia":[{"embeddable":true,"href":"https:\/\/www.sportchaco.com.ar\/index.php?rest_route=\/wp\/v2\/media\/28623"}],"wp:attachment":[{"href":"https:\/\/www.sportchaco.com.ar\/index.php?rest_route=%2Fwp%2Fv2%2Fmedia&parent=28595"}],"wp:term":[{"taxonomy":"category","embeddable":true,"href":"https:\/\/www.sportchaco.com.ar\/index.php?rest_route=%2Fwp%2Fv2%2Fcategories&post=28595"},{"taxonomy":"post_tag","embeddable":true,"href":"https:\/\/www.sportchaco.com.ar\/index.php?rest_route=%2Fwp%2Fv2%2Ftags&post=28595"}],"curies":[{"name":"wp","href":"https:\/\/api.w.org\/{rel}","templated":true}]}}