{"id":2864,"date":"2023-11-14T23:20:58","date_gmt":"2023-11-15T02:20:58","guid":{"rendered":"https:\/\/www.sportchaco.com.ar\/?p=2864"},"modified":"2023-11-14T23:20:58","modified_gmt":"2023-11-15T02:20:58","slug":"el-chaqueno-diaz-gimenez-jugara-el-sudamericano-sub-17","status":"publish","type":"post","link":"https:\/\/www.sportchaco.com.ar\/?p=2864","title":{"rendered":"El chaque\u00f1o D\u00edaz Gim\u00e9nez jugar\u00e1 el Sudamericano Sub 17"},"content":{"rendered":"<p>&nbsp;<\/p>\n<p>&nbsp;<\/p>\n<p>El basquetbolista oriundo de Corzuela, Jorge D\u00edaz Gim\u00e9nez, fue convocado por el cuerpo t\u00e9cnico de la Selecci\u00f3n Argentina U17 para ser parte del plantel que desde el jueves tomar\u00e1 parte en el Campeonato Sudamericano de la categor\u00eda que se realizar\u00e1 en Colombia.<\/p>\n<p>La preparaci\u00f3n se realiz\u00f3 en el CENARD durante la \u00faltima semana, coordinado por el entrenador Mauro Polla y su equipo de trabajo. Entre los convocados estuvo el chaque\u00f1o D\u00edaz Gim\u00e9nez que actualmente se desempe\u00f1a en el club Matienzo de C\u00f3rdoba.<\/p>\n<p>El certamen se realizar\u00e1 entre el 16 y el 20 de este mes en Valledupar, Colombia, y otorga tres plazas para el FIBA Am\u00e9ricas U18 del a\u00f1o pr\u00f3ximo. El plantel definitivo de 12 jugadores finaliz\u00f3 los trabajos en Capital Federal para encarar la primera competencia oficial para la camada 2006 a nivel internacional.<\/p>\n<p>El seleccionado U17 de nuestro pa\u00eds integra el Grupo B junto con Venezuela, Colombia y Uruguay, a quienes enfrentar\u00e1 en ese orden en d\u00edas consecutivos. El Grupo A estar\u00e1 compuesto por Chile, Brasil, Paraguay y Ecuador.<\/p>\n<p>Luego de una primera fase de tres partidos en formato todos contra todos, los dos mejores de cada grupo acceder\u00e1n a las semifinales del domingo 19. Los tres equipos que finalicen en el podio obtendr\u00e1n su boleto para el FIBA Am\u00e9ricas U18 del a\u00f1o pr\u00f3ximo y seguir\u00e1n en carrera para clasificar al Mundial U19 de 2025.<\/p>\n<p>&nbsp;<\/p>\n<p><b>\u00a0 El plantel argentino\u00a0<\/b><\/p>\n<p>&nbsp;<\/p>\n<p>Viktor Bender | 2.00m | 2006 | Regatas Corrientes<\/p>\n<p>Patricio Cogliati | 2.05m | 2006 | Quimsa<\/p>\n<p>Albano Costa | 1.91m | 2006 | 9 de Julio de Bah\u00eda Blanca<\/p>\n<p>Fabricio D\u00edaz | 2.04m | 2006 | Riachuelo de La Rioja<\/p>\n<p><b>Jorge D\u00edaz Gim\u00e9nez | 1.90m | 2006 | Benjam\u00edn Matienzo\u00a0<\/b><\/p>\n<p>Agust\u00edn Diez Hern\u00e1ndez | 2.01m | 2006 | Ameghino de Villa Mar\u00eda<\/p>\n<p>Tom\u00e1s Fern\u00e1ndez Lang | 2.00m | 2006 | Fortitudo Agrigento (ITA)<\/p>\n<p>Joaqu\u00edn Folmer Gassman | 1.95m | 2006 | Uni\u00f3n de Crespo<\/p>\n<p>Felipe Minzer | 1.98m | 2007 | Casademont Zaragoza (ESP)<\/p>\n<p>Nichol\u00e1s Petri | 2.13m | 2006 | Obras Sanitarias<\/p>\n<p>Iv\u00e1n Prato | 2.09m | 2007 | Pallacanestro Varese (ITA)<\/p>\n<p>Thiago Sucatzky | 1.78m | 2006 | Divine Savior Academy (EEUU)<\/p>\n<p>&nbsp;<\/p>\n<p>Entrenador Principal: Mauro Polla<\/p>\n<p>Entrenadores Asistentes: Mauricio Sant\u00e1ngelo y Mariano Marcos<\/p>\n<p>Preparador F\u00edsico: Lucas \u00c1lvarez<\/p>\n<p>M\u00e9dico: Mariano Gonz\u00e1lez<\/p>\n<p>Kinesi\u00f3logo: Francisco Maiztegui<\/p>\n<p>Utilero: Nicol\u00e1s Pivoz Avedikian<\/p>\n<p>Jefa de Equipo: Karina Rodr\u00edguez<\/p>\n<p>&nbsp;<\/p>\n<p>&nbsp;<\/p>\n<p><strong>Foto de Jorge D\u00edaz Gim\u00e9nez de Corzuela, que integra el plantel de la Selecci\u00f3n Argentina U17<\/strong><\/p>\n","protected":false},"excerpt":{"rendered":"<p>&nbsp; &nbsp; El basquetbolista oriundo de Corzuela, Jorge D\u00edaz Gim\u00e9nez, fue convocado por el cuerpo t\u00e9cnico de la Selecci\u00f3n Argentina U17 para ser parte del plantel que desde el jueves tomar\u00e1 parte en el Campeonato Sudamericano de la categor\u00eda que se realizar\u00e1 en Colombia. La preparaci\u00f3n se realiz\u00f3 en el CENARD durante la \u00faltima semana, &hellip;<\/p>\n","protected":false},"author":2,"featured_media":2865,"comment_status":"open","ping_status":"open","sticky":false,"template":"","format":"standard","meta":{"footnotes":""},"categories":[3],"tags":[],"class_list":["post-2864","post","type-post","status-publish","format-standard","has-post-thumbnail","hentry","category-basquetbol"],"_links":{"self":[{"href":"https:\/\/www.sportchaco.com.ar\/index.php?rest_route=\/wp\/v2\/posts\/2864","targetHints":{"allow":["GET"]}}],"collection":[{"href":"https:\/\/www.sportchaco.com.ar\/index.php?rest_route=\/wp\/v2\/posts"}],"about":[{"href":"https:\/\/www.sportchaco.com.ar\/index.php?rest_route=\/wp\/v2\/types\/post"}],"author":[{"embeddable":true,"href":"https:\/\/www.sportchaco.com.ar\/index.php?rest_route=\/wp\/v2\/users\/2"}],"replies":[{"embeddable":true,"href":"https:\/\/www.sportchaco.com.ar\/index.php?rest_route=%2Fwp%2Fv2%2Fcomments&post=2864"}],"version-history":[{"count":1,"href":"https:\/\/www.sportchaco.com.ar\/index.php?rest_route=\/wp\/v2\/posts\/2864\/revisions"}],"predecessor-version":[{"id":2866,"href":"https:\/\/www.sportchaco.com.ar\/index.php?rest_route=\/wp\/v2\/posts\/2864\/revisions\/2866"}],"wp:featuredmedia":[{"embeddable":true,"href":"https:\/\/www.sportchaco.com.ar\/index.php?rest_route=\/wp\/v2\/media\/2865"}],"wp:attachment":[{"href":"https:\/\/www.sportchaco.com.ar\/index.php?rest_route=%2Fwp%2Fv2%2Fmedia&parent=2864"}],"wp:term":[{"taxonomy":"category","embeddable":true,"href":"https:\/\/www.sportchaco.com.ar\/index.php?rest_route=%2Fwp%2Fv2%2Fcategories&post=2864"},{"taxonomy":"post_tag","embeddable":true,"href":"https:\/\/www.sportchaco.com.ar\/index.php?rest_route=%2Fwp%2Fv2%2Ftags&post=2864"}],"curies":[{"name":"wp","href":"https:\/\/api.w.org\/{rel}","templated":true}]}}