{"id":28653,"date":"2025-11-14T18:02:44","date_gmt":"2025-11-14T21:02:44","guid":{"rendered":"https:\/\/www.sportchaco.com.ar\/?p=28653"},"modified":"2025-11-14T19:06:54","modified_gmt":"2025-11-14T22:06:54","slug":"resistencia-sede-desde-este-sabado-de-la-final-del-u13","status":"publish","type":"post","link":"https:\/\/www.sportchaco.com.ar\/?p=28653","title":{"rendered":"Resistencia ser\u00e1 sede de la final del U13"},"content":{"rendered":"<div id=\"right-content\" class=\"relative\">\n<div id=\"content-area\" class=\"left relative\">\n<div id=\"tps_slideContainer_29184\" class=\"theiaPostSlider_slides\">\n<p><strong>14-11-2025<\/strong><\/p>\n<p><img loading=\"lazy\" decoding=\"async\" class=\"aligncenter size-large wp-image-20101\" src=\"https:\/\/www.sportchaco.com.ar\/wp-content\/uploads\/2025\/06\/320x50-1-1024x160.gif\" alt=\"\" width=\"1024\" height=\"160\" srcset=\"https:\/\/www.sportchaco.com.ar\/wp-content\/uploads\/2025\/06\/320x50-1-1024x160.gif 1024w, https:\/\/www.sportchaco.com.ar\/wp-content\/uploads\/2025\/06\/320x50-1-300x47.gif 300w, https:\/\/www.sportchaco.com.ar\/wp-content\/uploads\/2025\/06\/320x50-1-768x120.gif 768w\" sizes=\"auto, (max-width: 1024px) 100vw, 1024px\" \/><\/p>\n<p>Este fin de semana (s\u00e1bado 15 y domingo 16) se disputar\u00e1 el Final Four de la Liga Federal de Formativas de Formativas por la categor\u00eda U13 masculino, donde Villa San Mart\u00edn se adjudic\u00f3 la licitaci\u00f3n y ser\u00e1 el anfitri\u00f3n de un certamen que reunir\u00e1 a los cuatro mejores equipos del pa\u00eds, estando tambi\u00e9n Estudiantes de Paran\u00e1, Sportivo Bolivar de Villa Carlos Paz y Regatas de San Nicol\u00e1s.<\/p>\n<p>Con respecto a los horarios de los partidos, en semifinales, en cancha de Villa San Mart\u00edn (Saavedra 135) durante el s\u00e1bado 15, en el primer turno Regatas se medir\u00e1 ante Estudiantes, a las 17, 30 horas. En tanto que a las 20, 30 horas estrenar\u00e1 el anfitri\u00f3n \u201cTricolor\u201d ante Sportivo Bolivar.<\/p>\n<p>Ya en la jornada del domingo 16, a las 17 horas, tambi\u00e9n en el mismo estadio, se jugar\u00e1 el partido por el tercer puesto (los equipos que cayeron en ambas semifinales). Y a las 20 horas se jugar\u00e1 la Gran Final ( los ganadores de la semifinales) para conocer al mejor equipo del pa\u00eds por la categor\u00eda U13.<\/p>\n<figure class=\"wp-block-image size-full\"><a href=\"https:\/\/baskettotal.com.ar\/wp-content\/uploads\/2025\/11\/1001070736.jpg\"><img loading=\"lazy\" decoding=\"async\" class=\"lazy wp-image-29185 lazy-loaded\" src=\"https:\/\/baskettotal.com.ar\/wp-content\/uploads\/2025\/11\/1001070736.jpg\" sizes=\"auto, (max-width: 1009px) 100vw, 1009px\" srcset=\"https:\/\/baskettotal.com.ar\/wp-content\/uploads\/2025\/11\/1001070736.jpg 1009w, https:\/\/baskettotal.com.ar\/wp-content\/uploads\/2025\/11\/1001070736-300x211.jpg 300w, https:\/\/baskettotal.com.ar\/wp-content\/uploads\/2025\/11\/1001070736-768x540.jpg 768w\" alt=\"\" width=\"1009\" height=\"710\" data-lazy-type=\"image\" data-lazy-src=\"https:\/\/baskettotal.com.ar\/wp-content\/uploads\/2025\/11\/1001070736.jpg\" data-lazy-srcset=\"https:\/\/baskettotal.com.ar\/wp-content\/uploads\/2025\/11\/1001070736.jpg 1009w, https:\/\/baskettotal.com.ar\/wp-content\/uploads\/2025\/11\/1001070736-300x211.jpg 300w, https:\/\/baskettotal.com.ar\/wp-content\/uploads\/2025\/11\/1001070736-768x540.jpg 768w\" data-lazy-sizes=\"(max-width: 1009px) 100vw, 1009px\" \/><\/a><\/figure>\n<p><strong>El coach<\/strong><br \/>\nDe cara a lo que se viene, el entrenador principal del U13 de Villa San Mart\u00edn, Gonzalo Flores, afirm\u00f3 que \u201clas expectativas para este Cuadrangular son muy buenas, donde lo que nos planteamos a comienzo de a\u00f1o se cumpli\u00f3 y que era estar entre los cuatro mejores equipos del pa\u00eds\u201d, remarcando a su vez que \u201cnuestros chicos est\u00e1n muy bien f\u00edsica y emocionalmente, y contentos y orgullosos con todo lo que estamos logrando\u201d.<\/p>\n<p><strong>El equipo<\/strong><br \/>\nEl plantel completo de Villa San Mart\u00edn U13 est\u00e1 conformado por: Mirko Curuchet, B\u00e1stian Carrasco, Felipe Ch\u00e1vez, Valentino Herrera, Bautista Guti\u00e9rrez, Juan Ignacio Ru\u00edz, Valentino Capararo, Juan Mart\u00edn S\u00e1nchez, Luciano Magallanes, Victorino Espinoza, Benicio Silveyra, Juan Pablo Mikielievich, Vicente Breard, Augusto Gonz\u00e1lez y Axel Ortigoza. Como entrenador Gonzalo Flores, Juan Pablo P\u00e1ez de asistente y Bautista Ma\u00f1anes como preparador f\u00edsico.<\/p>\n<p><img loading=\"lazy\" decoding=\"async\" class=\"aligncenter size-large wp-image-19655\" src=\"https:\/\/www.sportchaco.com.ar\/wp-content\/uploads\/2025\/05\/Banners-creditos-otorgados-al-campo_1080x1350-1-819x1024.gif\" alt=\"\" width=\"819\" height=\"1024\" srcset=\"https:\/\/www.sportchaco.com.ar\/wp-content\/uploads\/2025\/05\/Banners-creditos-otorgados-al-campo_1080x1350-1-819x1024.gif 819w, https:\/\/www.sportchaco.com.ar\/wp-content\/uploads\/2025\/05\/Banners-creditos-otorgados-al-campo_1080x1350-1-240x300.gif 240w, https:\/\/www.sportchaco.com.ar\/wp-content\/uploads\/2025\/05\/Banners-creditos-otorgados-al-campo_1080x1350-1-768x960.gif 768w, https:\/\/www.sportchaco.com.ar\/wp-content\/uploads\/2025\/05\/Banners-creditos-otorgados-al-campo_1080x1350-1-1229x1536.gif 1229w, https:\/\/www.sportchaco.com.ar\/wp-content\/uploads\/2025\/05\/Banners-creditos-otorgados-al-campo_1080x1350-1-1639x2048.gif 1639w\" sizes=\"auto, (max-width: 819px) 100vw, 819px\" \/><\/p>\n<\/div>\n<\/div>\n<\/div>\n","protected":false},"excerpt":{"rendered":"<p>14-11-2025 Este fin de semana (s\u00e1bado 15 y domingo 16) se disputar\u00e1 el Final Four de la Liga Federal de Formativas de Formativas por la categor\u00eda U13 masculino, donde Villa San Mart\u00edn se adjudic\u00f3 la licitaci\u00f3n y ser\u00e1 el anfitri\u00f3n de un certamen que reunir\u00e1 a los cuatro mejores equipos del pa\u00eds, estando tambi\u00e9n Estudiantes &hellip;<\/p>\n","protected":false},"author":2,"featured_media":28657,"comment_status":"open","ping_status":"open","sticky":false,"template":"","format":"standard","meta":{"footnotes":""},"categories":[3],"tags":[],"class_list":["post-28653","post","type-post","status-publish","format-standard","has-post-thumbnail","hentry","category-basquetbol"],"_links":{"self":[{"href":"https:\/\/www.sportchaco.com.ar\/index.php?rest_route=\/wp\/v2\/posts\/28653","targetHints":{"allow":["GET"]}}],"collection":[{"href":"https:\/\/www.sportchaco.com.ar\/index.php?rest_route=\/wp\/v2\/posts"}],"about":[{"href":"https:\/\/www.sportchaco.com.ar\/index.php?rest_route=\/wp\/v2\/types\/post"}],"author":[{"embeddable":true,"href":"https:\/\/www.sportchaco.com.ar\/index.php?rest_route=\/wp\/v2\/users\/2"}],"replies":[{"embeddable":true,"href":"https:\/\/www.sportchaco.com.ar\/index.php?rest_route=%2Fwp%2Fv2%2Fcomments&post=28653"}],"version-history":[{"count":3,"href":"https:\/\/www.sportchaco.com.ar\/index.php?rest_route=\/wp\/v2\/posts\/28653\/revisions"}],"predecessor-version":[{"id":28658,"href":"https:\/\/www.sportchaco.com.ar\/index.php?rest_route=\/wp\/v2\/posts\/28653\/revisions\/28658"}],"wp:featuredmedia":[{"embeddable":true,"href":"https:\/\/www.sportchaco.com.ar\/index.php?rest_route=\/wp\/v2\/media\/28657"}],"wp:attachment":[{"href":"https:\/\/www.sportchaco.com.ar\/index.php?rest_route=%2Fwp%2Fv2%2Fmedia&parent=28653"}],"wp:term":[{"taxonomy":"category","embeddable":true,"href":"https:\/\/www.sportchaco.com.ar\/index.php?rest_route=%2Fwp%2Fv2%2Fcategories&post=28653"},{"taxonomy":"post_tag","embeddable":true,"href":"https:\/\/www.sportchaco.com.ar\/index.php?rest_route=%2Fwp%2Fv2%2Ftags&post=28653"}],"curies":[{"name":"wp","href":"https:\/\/api.w.org\/{rel}","templated":true}]}}