{"id":28727,"date":"2025-11-15T20:31:30","date_gmt":"2025-11-15T23:31:30","guid":{"rendered":"https:\/\/www.sportchaco.com.ar\/?p=28727"},"modified":"2025-11-15T20:31:30","modified_gmt":"2025-11-15T23:31:30","slug":"guiraldes-promociona-con-goleada","status":"publish","type":"post","link":"https:\/\/www.sportchaco.com.ar\/?p=28727","title":{"rendered":"G\u00fciraldes promociona con goleada"},"content":{"rendered":"<p><strong>15-11-2025<\/strong><\/p>\n<p><img loading=\"lazy\" decoding=\"async\" class=\"aligncenter wp-image-20490 size-full\" src=\"https:\/\/www.sportchaco.com.ar\/wp-content\/uploads\/2025\/06\/728x90-1.gif\" alt=\"\" width=\"1518\" height=\"189\" \/><\/p>\n<p>Este s\u00e1bado inici\u00f3 la tercera y \u00faltima fase del Reducido de la Primera B de la Liga Chaque\u00f1a de F\u00fatbol con el triunfo, con goleada incluida de Deportivo G\u00fciraldes ante Banfield.<\/p>\n<p>Fue 5 a 2 para el \u00abG\u00fcira\u00bb que se qued\u00f3 con el pasaje a una de las tres Promociones para buscar su ascenso a la Primera Divisi\u00f3n liguista. Una de las mismas ya la jugar\u00e1 Los L\u00edricos.<\/p>\n<p>Este domingo jugar\u00e1n Parque Patricios ante Deportivo Sameep en cancha de Estudiantes por el \u00faltimo cupo.<\/p>\n<p><b><strong>TORNEO OFICIAL \u00abADRI\u00c1N DAR\u00cdO PARRA\u00bb<br \/>\n<\/strong><\/b><strong>REDUCIDO \u2013 Tercera Fase<br \/>\nS\u00e1bado 15<b>-11<br \/>\n<\/b><\/strong>Dep. G\u00fciraldes 5 <em>(6\u00b0)<\/em> \u2013 Banfield 2\u00a0<em>(8\u00b0)<\/em>, en Estudiantes<\/p>\n<p><strong>Domingo 16-11<\/strong><br \/>\nA las 17, Parque Patricios\u00a0<em>(3\u00b0) \u2013\u00a0<\/em>Dep. Sameep<em>\u00a0(9\u00b0)<\/em>, en Estudiantes<\/p>\n<p><em><strong>Foto: Gentileza Alejandro Seltzer \u00c1valos<\/strong><\/em><\/p>\n<p><img loading=\"lazy\" decoding=\"async\" class=\"aligncenter size-full wp-image-21076\" src=\"https:\/\/www.sportchaco.com.ar\/wp-content\/uploads\/2025\/06\/Campo-250x250-05-1.gif\" alt=\"\" width=\"521\" height=\"521\" \/><\/p>\n","protected":false},"excerpt":{"rendered":"<p>15-11-2025 Este s\u00e1bado inici\u00f3 la tercera y \u00faltima fase del Reducido de la Primera B de la Liga Chaque\u00f1a de F\u00fatbol con el triunfo, con goleada incluida de Deportivo G\u00fciraldes ante Banfield. Fue 5 a 2 para el \u00abG\u00fcira\u00bb que se qued\u00f3 con el pasaje a una de las tres Promociones para buscar su ascenso &hellip;<\/p>\n","protected":false},"author":3,"featured_media":28729,"comment_status":"open","ping_status":"open","sticky":false,"template":"","format":"standard","meta":{"footnotes":""},"categories":[5],"tags":[],"class_list":["post-28727","post","type-post","status-publish","format-standard","has-post-thumbnail","hentry","category-futbol"],"_links":{"self":[{"href":"https:\/\/www.sportchaco.com.ar\/index.php?rest_route=\/wp\/v2\/posts\/28727","targetHints":{"allow":["GET"]}}],"collection":[{"href":"https:\/\/www.sportchaco.com.ar\/index.php?rest_route=\/wp\/v2\/posts"}],"about":[{"href":"https:\/\/www.sportchaco.com.ar\/index.php?rest_route=\/wp\/v2\/types\/post"}],"author":[{"embeddable":true,"href":"https:\/\/www.sportchaco.com.ar\/index.php?rest_route=\/wp\/v2\/users\/3"}],"replies":[{"embeddable":true,"href":"https:\/\/www.sportchaco.com.ar\/index.php?rest_route=%2Fwp%2Fv2%2Fcomments&post=28727"}],"version-history":[{"count":2,"href":"https:\/\/www.sportchaco.com.ar\/index.php?rest_route=\/wp\/v2\/posts\/28727\/revisions"}],"predecessor-version":[{"id":28730,"href":"https:\/\/www.sportchaco.com.ar\/index.php?rest_route=\/wp\/v2\/posts\/28727\/revisions\/28730"}],"wp:featuredmedia":[{"embeddable":true,"href":"https:\/\/www.sportchaco.com.ar\/index.php?rest_route=\/wp\/v2\/media\/28729"}],"wp:attachment":[{"href":"https:\/\/www.sportchaco.com.ar\/index.php?rest_route=%2Fwp%2Fv2%2Fmedia&parent=28727"}],"wp:term":[{"taxonomy":"category","embeddable":true,"href":"https:\/\/www.sportchaco.com.ar\/index.php?rest_route=%2Fwp%2Fv2%2Fcategories&post=28727"},{"taxonomy":"post_tag","embeddable":true,"href":"https:\/\/www.sportchaco.com.ar\/index.php?rest_route=%2Fwp%2Fv2%2Ftags&post=28727"}],"curies":[{"name":"wp","href":"https:\/\/api.w.org\/{rel}","templated":true}]}}