{"id":28740,"date":"2025-11-16T12:08:26","date_gmt":"2025-11-16T15:08:26","guid":{"rendered":"https:\/\/www.sportchaco.com.ar\/?p=28740"},"modified":"2025-11-16T18:40:37","modified_gmt":"2025-11-16T21:40:37","slug":"automovilismo-fallecio-alejandro-frangioli","status":"publish","type":"post","link":"https:\/\/www.sportchaco.com.ar\/?p=28740","title":{"rendered":"Automovilismo: Falleci\u00f3 Alejandro Frangioli"},"content":{"rendered":"<p><strong>16-11-2025<\/strong><\/p>\n<p><img loading=\"lazy\" decoding=\"async\" class=\"aligncenter size-full wp-image-26819\" src=\"https:\/\/www.sportchaco.com.ar\/wp-content\/uploads\/2025\/10\/320x50-3.gif\" alt=\"\" width=\"667\" height=\"105\" \/><\/p>\n<p>Alejandro Frangioli, de 66 a\u00f1os y oriundo de Resistencia, muri\u00f3 este domingo\u00a0tras sufrir una descompensaci\u00f3n en la \u00faltima vuelta de la clasificaci\u00f3n de la Clase 2 del\u00a0<a href=\"https:\/\/www.ellitoral.com\/temas\/automovilismo\" target=\"_blank\" rel=\"noreferrer noopener\">Turismo Internacional<\/a>\u00a0en el aut\u00f3dromo Roberto Jos\u00e9 Mouras, en La Plata,\u00a0Buenos Aires.<\/p>\n<figure class=\"wp-block-image size-large\"><img loading=\"lazy\" decoding=\"async\" class=\"wp-image-304130 lazy loaded\" src=\"https:\/\/www.diariolavozdelchaco.com\/wp-content\/uploads\/2025\/11\/581202740_18383827741176766_2326240633901898808_n-819x1024.jpg\" sizes=\"auto, (max-width: 819px) 100vw, 819px\" srcset=\"https:\/\/www.diariolavozdelchaco.com\/wp-content\/uploads\/2025\/11\/581202740_18383827741176766_2326240633901898808_n-819x1024.jpg 819w, https:\/\/www.diariolavozdelchaco.com\/wp-content\/uploads\/2025\/11\/581202740_18383827741176766_2326240633901898808_n-240x300.jpg 240w, https:\/\/www.diariolavozdelchaco.com\/wp-content\/uploads\/2025\/11\/581202740_18383827741176766_2326240633901898808_n-768x960.jpg 768w, https:\/\/www.diariolavozdelchaco.com\/wp-content\/uploads\/2025\/11\/581202740_18383827741176766_2326240633901898808_n-150x188.jpg 150w, https:\/\/www.diariolavozdelchaco.com\/wp-content\/uploads\/2025\/11\/581202740_18383827741176766_2326240633901898808_n-450x563.jpg 450w, https:\/\/www.diariolavozdelchaco.com\/wp-content\/uploads\/2025\/11\/581202740_18383827741176766_2326240633901898808_n.jpg 864w\" alt=\"\" width=\"819\" height=\"1024\" data-src=\"https:\/\/www.diariolavozdelchaco.com\/wp-content\/uploads\/2025\/11\/581202740_18383827741176766_2326240633901898808_n-819x1024.jpg\" data-srcset=\"https:\/\/www.diariolavozdelchaco.com\/wp-content\/uploads\/2025\/11\/581202740_18383827741176766_2326240633901898808_n-819x1024.jpg 819w, https:\/\/www.diariolavozdelchaco.com\/wp-content\/uploads\/2025\/11\/581202740_18383827741176766_2326240633901898808_n-240x300.jpg 240w, https:\/\/www.diariolavozdelchaco.com\/wp-content\/uploads\/2025\/11\/581202740_18383827741176766_2326240633901898808_n-768x960.jpg 768w, https:\/\/www.diariolavozdelchaco.com\/wp-content\/uploads\/2025\/11\/581202740_18383827741176766_2326240633901898808_n-150x188.jpg 150w, https:\/\/www.diariolavozdelchaco.com\/wp-content\/uploads\/2025\/11\/581202740_18383827741176766_2326240633901898808_n-450x563.jpg 450w, https:\/\/www.diariolavozdelchaco.com\/wp-content\/uploads\/2025\/11\/581202740_18383827741176766_2326240633901898808_n.jpg 864w\" data-sizes=\"(max-width: 819px) 100vw, 819px\" data-was-processed=\"true\" \/><\/figure>\n<p>Frangioli conduc\u00eda un Ford Fiesta cuando se desvaneci\u00f3 y el veh\u00edculo qued\u00f3 detenido al costado de la pista; el m\u00e9dico del evento dictamin\u00f3 que la muerte respondi\u00f3 a causas naturales.<\/p>\n<p>Los servicios m\u00e9dicos del circuito intervinieron de inmediato y aplicaron maniobras de reanimaci\u00f3n cardiopulmonar dentro del auto y en el centro m\u00e9dico del aut\u00f3dromo, pero no pudieron revertir la situaci\u00f3n.<\/p>\n<p>Testigos relataron que el piloto consigui\u00f3 retirar su coche de la trazada, lo que evit\u00f3 un choque con otros competidores. La polic\u00eda realiz\u00f3 las actuaciones de rigor y calific\u00f3 la causa como averiguaci\u00f3n de causales de muerte, sin apertura de investigaci\u00f3n penal por tratarse de un cuadro preexistente.<\/p>\n<p><img loading=\"lazy\" decoding=\"async\" class=\"lazy loaded\" src=\"https:\/\/www.ellitoral.com\/images\/2025\/11\/16\/w7dWbUbDL_870x580__1.jpg\" alt=\"Muri\u00f3 Alejandro Frangioli\" width=\"870\" height=\"580\" data-src=\"https:\/\/www.ellitoral.com\/images\/2025\/11\/16\/w7dWbUbDL_870x580__1.jpg\" data-was-processed=\"true\" \/><\/p>\n<p>En el lugar estaba su yerno, Guillermo Quiroga, quien indic\u00f3 que Frangioli sufri\u00f3 previamente un paro card\u00edaco, que llevaba colocados tres stents coronarios y que estaba bajo tratamiento m\u00e9dico.<\/p>\n<p>La presencia de familiares en el circuito y la intervenci\u00f3n inmediata del equipo m\u00e9dico protagonizaron los primeros minutos tras el incidente. La organizaci\u00f3n del Turismo Internacional y la Asociaci\u00f3n Corredores de Turismo Carretera expresaron su pesar y enviaron condolencias a la familia y a los allegados.<\/p>\n<h2 class=\"wp-block-heading\"><strong>Qu\u00e9 ocurri\u00f3<\/strong><\/h2>\n<p>Frangioli se desvaneci\u00f3 durante la \u00faltima vuelta de la tanda clasificatoria y su Ford Fiesta qued\u00f3 detenido fuera de la trazada, seg\u00fan relat\u00f3 la organizaci\u00f3n del evento. Los m\u00e9dicos del aut\u00f3dromo subieron al auto y realizaron maniobras de reanimaci\u00f3n cardiopulmonar; luego trasladaron al piloto al centro m\u00e9dico del circuito, donde continuaron los intentos por estabilizarlo. El m\u00e9dico del evento examin\u00f3 al piloto y determin\u00f3 que la muerte ocurri\u00f3 por causas naturales.<\/p>\n<p><img loading=\"lazy\" decoding=\"async\" class=\"lazy loaded\" src=\"https:\/\/www.ellitoral.com\/images\/2025\/11\/16\/HqgGnMNaR_870x580__1.jpg\" alt=\"Muri\u00f3 Alejandro Frangioli\" width=\"870\" height=\"580\" data-src=\"https:\/\/www.ellitoral.com\/images\/2025\/11\/16\/HqgGnMNaR_870x580__1.jpg\" data-was-processed=\"true\" \/><\/p>\n<p>La polic\u00eda local efectu\u00f3 las diligencias habituales en sucesos de este tipo y la fiscal\u00eda intervino en el marco de una averiguaci\u00f3n de causales de muerte, sin car\u00e1tula penal por tratarse de un cuadro cl\u00ednico preexistente. La organizaci\u00f3n del Turismo Internacional suspendi\u00f3 la competencia tras el hecho, con el fin de preservar la seguridad y permitir las tareas administrativas y m\u00e9dicas en el aut\u00f3dromo Roberto Jos\u00e9 Mouras.<\/p>\n<p>En redes y entre colegas se marc\u00f3 la conmoci\u00f3n por lo ocurrido y se record\u00f3 la r\u00e1pida actuaci\u00f3n del personal m\u00e9dico del circuito, que procedi\u00f3 seg\u00fan los protocolos establecidos para emergencias en pista. La actuaci\u00f3n evit\u00f3, adem\u00e1s, consecuencias mayores sobre otros pilotos y veh\u00edculos que compet\u00edan en la misma tanda.<\/p>\n<h2 class=\"wp-block-heading\"><strong>Trayectoria y legado<\/strong><\/h2>\n<p>Alejandro Frangioli acumul\u00f3 m\u00e1s de veinte temporadas en el automovilismo y obtuvo su primer t\u00edtulo nacional en 2004 en el Desaf\u00edo Fiesta. Fue campe\u00f3n de la Clase S\u00faper en 2005, 2006 y 2018 y se destac\u00f3 por su continuidad en categor\u00edas zonales y nacionales. Entre 2012 y 2016 ejerci\u00f3 como director del aut\u00f3dromo Santiago Yaco Guarnieri, en Chaco, y tambi\u00e9n trabaj\u00f3 como empresario del transporte.<\/p>\n<p><strong><a href=\"https:\/\/www.actc.org.ar\/tc\/noticias\/falleci-oacute-alejandro-frangioli_13687.html\" target=\"_blank\" rel=\"noreferrer noopener\">La ACTC y la organizaci\u00f3n del Turismo Internacional recordaron su recorrido deportivo,<\/a><\/strong>\u00a0su pasi\u00f3n por las pistas y la impronta que dej\u00f3 entre colegas y aficionados. Ambas instituciones manifestaron condolencias a familiares y allegados y subrayaron la magnitud de la p\u00e9rdida para la actividad motor en el pa\u00eds.<\/p>\n<p>La comunidad del automovilismo despidi\u00f3 a uno de sus referentes y la suspensi\u00f3n de la jornada en La Plata marc\u00f3 el impacto inmediato del hecho sobre la competencia. La familia, los equipos y las instituciones vinculadas al deporte motor afrontan ahora los pasos formales que indican las autoridades tras la averiguaci\u00f3n de causales de muerte.<\/p>\n<p><img loading=\"lazy\" decoding=\"async\" class=\"aligncenter size-full wp-image-16658\" src=\"https:\/\/www.sportchaco.com.ar\/wp-content\/uploads\/2025\/02\/gob-bombeo.jpg\" alt=\"\" width=\"480\" height=\"600\" srcset=\"https:\/\/www.sportchaco.com.ar\/wp-content\/uploads\/2025\/02\/gob-bombeo.jpg 480w, https:\/\/www.sportchaco.com.ar\/wp-content\/uploads\/2025\/02\/gob-bombeo-240x300.jpg 240w\" sizes=\"auto, (max-width: 480px) 100vw, 480px\" \/><\/p>\n","protected":false},"excerpt":{"rendered":"<p>16-11-2025 Alejandro Frangioli, de 66 a\u00f1os y oriundo de Resistencia, muri\u00f3 este domingo\u00a0tras sufrir una descompensaci\u00f3n en la \u00faltima vuelta de la clasificaci\u00f3n de la Clase 2 del\u00a0Turismo Internacional\u00a0en el aut\u00f3dromo Roberto Jos\u00e9 Mouras, en La Plata,\u00a0Buenos Aires. Frangioli conduc\u00eda un Ford Fiesta cuando se desvaneci\u00f3 y el veh\u00edculo qued\u00f3 detenido al costado de la &hellip;<\/p>\n","protected":false},"author":2,"featured_media":28745,"comment_status":"open","ping_status":"open","sticky":false,"template":"","format":"standard","meta":{"footnotes":""},"categories":[2],"tags":[],"class_list":["post-28740","post","type-post","status-publish","format-standard","has-post-thumbnail","hentry","category-automovilismo"],"_links":{"self":[{"href":"https:\/\/www.sportchaco.com.ar\/index.php?rest_route=\/wp\/v2\/posts\/28740","targetHints":{"allow":["GET"]}}],"collection":[{"href":"https:\/\/www.sportchaco.com.ar\/index.php?rest_route=\/wp\/v2\/posts"}],"about":[{"href":"https:\/\/www.sportchaco.com.ar\/index.php?rest_route=\/wp\/v2\/types\/post"}],"author":[{"embeddable":true,"href":"https:\/\/www.sportchaco.com.ar\/index.php?rest_route=\/wp\/v2\/users\/2"}],"replies":[{"embeddable":true,"href":"https:\/\/www.sportchaco.com.ar\/index.php?rest_route=%2Fwp%2Fv2%2Fcomments&post=28740"}],"version-history":[{"count":3,"href":"https:\/\/www.sportchaco.com.ar\/index.php?rest_route=\/wp\/v2\/posts\/28740\/revisions"}],"predecessor-version":[{"id":28748,"href":"https:\/\/www.sportchaco.com.ar\/index.php?rest_route=\/wp\/v2\/posts\/28740\/revisions\/28748"}],"wp:featuredmedia":[{"embeddable":true,"href":"https:\/\/www.sportchaco.com.ar\/index.php?rest_route=\/wp\/v2\/media\/28745"}],"wp:attachment":[{"href":"https:\/\/www.sportchaco.com.ar\/index.php?rest_route=%2Fwp%2Fv2%2Fmedia&parent=28740"}],"wp:term":[{"taxonomy":"category","embeddable":true,"href":"https:\/\/www.sportchaco.com.ar\/index.php?rest_route=%2Fwp%2Fv2%2Fcategories&post=28740"},{"taxonomy":"post_tag","embeddable":true,"href":"https:\/\/www.sportchaco.com.ar\/index.php?rest_route=%2Fwp%2Fv2%2Ftags&post=28740"}],"curies":[{"name":"wp","href":"https:\/\/api.w.org\/{rel}","templated":true}]}}