{"id":2876,"date":"2023-11-15T17:05:51","date_gmt":"2023-11-15T20:05:51","guid":{"rendered":"https:\/\/www.sportchaco.com.ar\/?p=2876"},"modified":"2023-11-15T17:05:51","modified_gmt":"2023-11-15T20:05:51","slug":"for-ever-cerrara-el-ano-bajo-el-mando-de-un-cuerpo-tecnico-interino","status":"publish","type":"post","link":"https:\/\/www.sportchaco.com.ar\/?p=2876","title":{"rendered":"For Ever cerrar\u00e1 el a\u00f1o bajo el mando de un cuerpo t\u00e9cnico interino"},"content":{"rendered":"<p>Un presunto desacuerdo en los n\u00fameros del contrato que negociaba el santafesino Ricardo Pancaldo fue el motivo principal de sus desvinculaci\u00f3n de Chaco For Ever, club que lo alberg\u00f3 en agosto de este a\u00f1o tras la estrepitosa salida de Diego Osella y que lo tuvo como cara visible del cierre de temporada que dej\u00f3 al albinegro en la Primera Nacional tras un dur\u00edsimo torneo, al igual que a las puertas de una hist\u00f3rica campa\u00f1a en Copa Argentina, donde qued\u00f3 afuera en cuartos de final.<\/p>\n<p>Con este desenlace de postemporada, la dupla de Marcelo\u00a0<strong>Carrasco y Nahuel Pintos<\/strong>, aquella que ya supo acomodarse el traje de DT con la furiosa salida del santiague\u00f1o Pablo Martel y luego Osella, volver\u00e1n por tercera vez en el a\u00f1o a comandar los hilos del equipo principal, aunque ahora ya sin competencias a la vista.<\/p>\n<p>En comunicaci\u00f3n con\u00a0<em>Radio Provincia del Chaco<\/em>, Marcelo Carrasco, quien tiene como funci\u00f3n principal la de entrenar a los arqueros, plante\u00f3 que junto a Pintos estar\u00e1n \u201cmoment\u00e1neamente. Para hacer un mantenimiento\u201d, y explic\u00f3 que \u201cla idea es terminar el 30 de noviembre este ciclo y pensar en lo que se vendr\u00eda para el a\u00f1o que viene con definiciones para cuerpo t\u00e9cnico y jugadores\u201d. \u201cPor lo que nos coment\u00f3 H\u00e9ctor (G\u00f3mez, presidente) est\u00e1n en b\u00fasqueda de un t\u00e9cnico\u201d, adelant\u00f3.<\/p>\n<p>M\u00e1s all\u00e1 que, a confesi\u00f3n de Carrasco, en los pasillos se murmura oficialmente la intenci\u00f3n de buscar un DT conocedor de la categor\u00eda, el ahora interino no se baja de las opciones: \u201cTengo muchas ganas de poder trabajar, poder aportar la experiencia de haber pasado por varios cuerpos t\u00e9cnicos\u201d, se\u00f1al\u00f3, y asegur\u00f3 que \u201ccreo que estoy conociendo, tengo experiencia, he visto muchos planteles, tenemos mucho an\u00e1lisis de video, t\u00e1ctico. Me considero que puedo aportar mi granito de arena para el club\u201d.<\/p>\n<p>El a\u00f1o de Chaco For Ever termin\u00f3 antes de lo que podr\u00eda, aunque con un balance positivo atento a que logr\u00f3 mantener la categor\u00eda y estuvo al borde de clasificar por primera vez a semifinales de Copa Argentina. Sin embargo, este anticipo de fin de competencia hizo que el plantel baje contratos de jugadores por com\u00fan acuerdo y Carrasco se encuentre con un equipo \u201cdiezmado\u201d, seg\u00fan diagnostic\u00f3.<\/p>\n<p>Con este escenario y de cara a lo que viene, el ex arquero de 54 a\u00f1os anticipa ya las dificultades y analiza que \u201cmuchas veces, para estar a la altura de la categor\u00eda hay que traer jugadores que son de mucha jerarqu\u00eda, y eso significa que por ah\u00ed todos los a\u00f1os haya que incorporar y a veces se pueden hacer contratos de 3 a\u00f1os, a veces solo por 1, pero es dif\u00edcil hacer una base, todos los a\u00f1os hay que armar un equipo nuevo que lleva tiempo de adaptaci\u00f3n\u201d.<\/p>\n","protected":false},"excerpt":{"rendered":"<p>Un presunto desacuerdo en los n\u00fameros del contrato que negociaba el santafesino Ricardo Pancaldo fue el motivo principal de sus desvinculaci\u00f3n de Chaco For Ever, club que lo alberg\u00f3 en agosto de este a\u00f1o tras la estrepitosa salida de Diego Osella y que lo tuvo como cara visible del cierre de temporada que dej\u00f3 al &hellip;<\/p>\n","protected":false},"author":3,"featured_media":2877,"comment_status":"open","ping_status":"open","sticky":false,"template":"","format":"standard","meta":{"footnotes":""},"categories":[5],"tags":[],"class_list":["post-2876","post","type-post","status-publish","format-standard","has-post-thumbnail","hentry","category-futbol"],"_links":{"self":[{"href":"https:\/\/www.sportchaco.com.ar\/index.php?rest_route=\/wp\/v2\/posts\/2876","targetHints":{"allow":["GET"]}}],"collection":[{"href":"https:\/\/www.sportchaco.com.ar\/index.php?rest_route=\/wp\/v2\/posts"}],"about":[{"href":"https:\/\/www.sportchaco.com.ar\/index.php?rest_route=\/wp\/v2\/types\/post"}],"author":[{"embeddable":true,"href":"https:\/\/www.sportchaco.com.ar\/index.php?rest_route=\/wp\/v2\/users\/3"}],"replies":[{"embeddable":true,"href":"https:\/\/www.sportchaco.com.ar\/index.php?rest_route=%2Fwp%2Fv2%2Fcomments&post=2876"}],"version-history":[{"count":1,"href":"https:\/\/www.sportchaco.com.ar\/index.php?rest_route=\/wp\/v2\/posts\/2876\/revisions"}],"predecessor-version":[{"id":2878,"href":"https:\/\/www.sportchaco.com.ar\/index.php?rest_route=\/wp\/v2\/posts\/2876\/revisions\/2878"}],"wp:featuredmedia":[{"embeddable":true,"href":"https:\/\/www.sportchaco.com.ar\/index.php?rest_route=\/wp\/v2\/media\/2877"}],"wp:attachment":[{"href":"https:\/\/www.sportchaco.com.ar\/index.php?rest_route=%2Fwp%2Fv2%2Fmedia&parent=2876"}],"wp:term":[{"taxonomy":"category","embeddable":true,"href":"https:\/\/www.sportchaco.com.ar\/index.php?rest_route=%2Fwp%2Fv2%2Fcategories&post=2876"},{"taxonomy":"post_tag","embeddable":true,"href":"https:\/\/www.sportchaco.com.ar\/index.php?rest_route=%2Fwp%2Fv2%2Ftags&post=2876"}],"curies":[{"name":"wp","href":"https:\/\/api.w.org\/{rel}","templated":true}]}}